{"id":2767,"date":"2026-04-01T14:39:20","date_gmt":"2026-04-01T12:39:20","guid":{"rendered":"https:\/\/droitemoderniste.be\/?p=2767"},"modified":"2026-04-01T14:45:47","modified_gmt":"2026-04-01T12:45:47","slug":"legoisme-securitaire-vaut-mieux-que-laltruisme-suicidaire","status":"publish","type":"post","link":"https:\/\/droitemoderniste.be\/index.php\/2026\/04\/01\/legoisme-securitaire-vaut-mieux-que-laltruisme-suicidaire\/","title":{"rendered":"L&rsquo;\u00e9go\u00efsme s\u00e9curitaire vaut mieux que l&rsquo;altruisme suicidaire"},"content":{"rendered":"\n<figure class=\"wp-block-image size-full\"><img loading=\"lazy\" decoding=\"async\" width=\"320\" height=\"157\" src=\"https:\/\/droitemoderniste.be\/wp-content\/uploads\/2026\/04\/migrants-arr.jpg\" alt=\"\" class=\"wp-image-2768\" srcset=\"https:\/\/droitemoderniste.be\/wp-content\/uploads\/2026\/04\/migrants-arr.jpg 320w, https:\/\/droitemoderniste.be\/wp-content\/uploads\/2026\/04\/migrants-arr-300x147.jpg 300w\" sizes=\"auto, (max-width: 320px) 100vw, 320px\" \/><\/figure>\n\n\n\n<p class=\"wp-block-paragraph\">Il y a aujourd\u2019hui, dans une partie du d\u00e9bat public, une \u00e9trange inversion morale. Prot\u00e9ger son pays serait suspect. Fixer des limites serait honteux. Dire que toute soci\u00e9t\u00e9 a une capacit\u00e9 d\u2019accueil limit\u00e9e serait presque ind\u00e9cent. En revanche, pr\u00f4ner l\u2019ouverture sans condition serait devenu la marque supr\u00eame de la vertu.<\/p>\n\n\n\n<p class=\"wp-block-paragraph\">Mais la r\u00e9alit\u00e9, elle, ne se gouverne pas avec des slogans.<\/p>\n\n\n\n<p class=\"wp-block-paragraph\">Une nation n\u2019est pas une abstraction morale. C\u2019est une communaut\u00e9 concr\u00e8te : des citoyens, des travailleurs, des familles, des services publics, un \u00e9quilibre fragile. Et cet \u00e9quilibre ne tient que si l\u2019on accepte une v\u00e9rit\u00e9 simple : <strong>toute soci\u00e9t\u00e9 a le droit \u2014 et m\u00eame le devoir \u2014 de se prot\u00e9ger.<\/strong><\/p>\n\n\n\n<p class=\"wp-block-paragraph\">On caricature souvent cette id\u00e9e en parlant d\u2019\u00ab \u00e9go\u00efsme \u00bb. En r\u00e9alit\u00e9, il s\u2019agit de responsabilit\u00e9. L\u2019\u00c9tat n\u2019est pas une ONG plan\u00e9taire. Sa premi\u00e8re mission est claire : garantir la s\u00e9curit\u00e9, la coh\u00e9sion et l\u2019avenir de ceux qui vivent d\u00e9j\u00e0 sur son territoire.<\/p>\n\n\n\n<p class=\"wp-block-paragraph\">Car que se passe-t-il lorsque l\u2019on refuse obstin\u00e9ment de voir les limites du r\u00e9el ?<br>Les tensions montent. Les services publics saturent. La confiance dispara\u00eet. Et la solidarit\u00e9, la vraie, s\u2019effondre.<\/p>\n\n\n\n<p class=\"wp-block-paragraph\">C\u2019est l\u00e0 le paradoxe que beaucoup refusent de regarder en face : <strong>l\u2019altruisme sans limites peut devenir destructeur<\/strong>. Non seulement pour la soci\u00e9t\u00e9 qui le pratique, mais aussi pour ceux qu\u2019elle pr\u00e9tend aider. Quand une politique d\u00e9passe les capacit\u00e9s d\u2019int\u00e9gration d\u2019un pays, ce ne sont pas les discours moraux qui paient la facture \u2014 ce sont les citoyens.<\/p>\n\n\n\n<p class=\"wp-block-paragraph\">Et lorsque les citoyens ont le sentiment qu\u2019on ne prot\u00e8ge plus leur avenir, ils se d\u00e9tournent brutalement de toute id\u00e9e de solidarit\u00e9.<\/p>\n\n\n\n<p class=\"wp-block-paragraph\">Le r\u00e9sultat est connu : la mont\u00e9e des col\u00e8res, la radicalisation du d\u00e9bat, la rupture du contrat social.<\/p>\n\n\n\n<p class=\"wp-block-paragraph\">\u00c0 force de culpabiliser les peuples, on fabrique exactement ce que l\u2019on pr\u00e9tend combattre.<\/p>\n\n\n\n<p class=\"wp-block-paragraph\">Il est temps de sortir de cette hypocrisie.<br>Oui, un pays peut \u00eatre g\u00e9n\u00e9reux.<br>Mais il ne peut l\u2019\u00eatre <strong>que s\u2019il reste stable, s\u00fbr et confiant dans son avenir<\/strong>.<\/p>\n\n\n\n<p class=\"wp-block-paragraph\">Autrement dit : la s\u00e9curit\u00e9 n\u2019est pas l\u2019ennemie de l\u2019humanit\u00e9. Elle en est la condition.<\/p>\n\n\n\n<p class=\"wp-block-paragraph\">R\u00e9habiliter ce que j\u2019appelle <strong>l\u2019\u00e9go\u00efsme s\u00e9curitaire<\/strong>, c\u2019est assumer une \u00e9vidence politique : prot\u00e9ger ses fronti\u00e8res, organiser les flux, d\u00e9fendre une coh\u00e9sion nationale, ce n\u2019est pas trahir les valeurs humanistes \u2014 c\u2019est les rendre possibles dans la dur\u00e9e.<\/p>\n\n\n\n<p class=\"wp-block-paragraph\">Une soci\u00e9t\u00e9 qui ne se prot\u00e8ge plus finit toujours par se refermer dans la peur.<br>Une soci\u00e9t\u00e9 qui se prot\u00e8ge intelligemment peut rester ouverte.<\/p>\n\n\n\n<p class=\"wp-block-paragraph\">La question n\u2019est donc pas morale, elle est presque physique : <strong>combien peut-on accueillir sans fracturer ce qui nous unit ?<\/strong><\/p>\n\n\n\n<p class=\"wp-block-paragraph\">Ignorer cette question n\u2019est pas de la g\u00e9n\u00e9rosit\u00e9.<br>C\u2019est de l\u2019inconscience.<\/p>\n\n\n\n<p class=\"wp-block-paragraph\">Et l\u2019inconscience politique a un prix. Toujours.<\/p>\n\n\n\n<p class=\"wp-block-paragraph\">Au fond, le choix est simple.<br>Entre une g\u00e9n\u00e9rosit\u00e9 solide, organis\u00e9e, durable \u2014 et une g\u00e9n\u00e9rosit\u00e9 spectaculaire mais fragile.<\/p>\n\n\n\n<p class=\"wp-block-paragraph\">Entre la responsabilit\u00e9 et le d\u00e9ni.<\/p>\n\n\n\n<p class=\"wp-block-paragraph\">Oui, assumons-le : <strong>l\u2019\u00e9go\u00efsme s\u00e9curitaire vaut mieux que l\u2019altruisme suicidaire.<\/strong><\/p>\n","protected":false},"excerpt":{"rendered":"<p>Il y a aujourd\u2019hui, dans une partie du d\u00e9bat public, une \u00e9trange inversion morale. Prot\u00e9ger son pays serait suspect. Fixer des limites serait honteux. Dire que toute soci\u00e9t\u00e9 a une capacit\u00e9 d\u2019accueil limit\u00e9e serait presque ind\u00e9cent. En revanche, pr\u00f4ner l\u2019ouverture sans condition serait devenu la marque supr\u00eame de la vertu. Mais la r\u00e9alit\u00e9, elle, ne [&hellip;]<\/p>\n","protected":false},"author":1,"featured_media":0,"comment_status":"open","ping_status":"open","sticky":false,"template":"","format":"standard","meta":{"_monsterinsights_skip_tracking":false,"_uf_show_specific_survey":0,"_uf_disable_surveys":false,"footnotes":""},"categories":[7,1,47],"tags":[],"class_list":["post-2767","post","type-post","status-publish","format-standard","hentry","category-defense","category-immigration","category-souverainisme"],"_links":{"self":[{"href":"https:\/\/droitemoderniste.be\/index.php\/wp-json\/wp\/v2\/posts\/2767","targetHints":{"allow":["GET"]}}],"collection":[{"href":"https:\/\/droitemoderniste.be\/index.php\/wp-json\/wp\/v2\/posts"}],"about":[{"href":"https:\/\/droitemoderniste.be\/index.php\/wp-json\/wp\/v2\/types\/post"}],"author":[{"embeddable":true,"href":"https:\/\/droitemoderniste.be\/index.php\/wp-json\/wp\/v2\/users\/1"}],"replies":[{"embeddable":true,"href":"https:\/\/droitemoderniste.be\/index.php\/wp-json\/wp\/v2\/comments?post=2767"}],"version-history":[{"count":2,"href":"https:\/\/droitemoderniste.be\/index.php\/wp-json\/wp\/v2\/posts\/2767\/revisions"}],"predecessor-version":[{"id":2770,"href":"https:\/\/droitemoderniste.be\/index.php\/wp-json\/wp\/v2\/posts\/2767\/revisions\/2770"}],"wp:attachment":[{"href":"https:\/\/droitemoderniste.be\/index.php\/wp-json\/wp\/v2\/media?parent=2767"}],"wp:term":[{"taxonomy":"category","embeddable":true,"href":"https:\/\/droitemoderniste.be\/index.php\/wp-json\/wp\/v2\/categories?post=2767"},{"taxonomy":"post_tag","embeddable":true,"href":"https:\/\/droitemoderniste.be\/index.php\/wp-json\/wp\/v2\/tags?post=2767"}],"curies":[{"name":"wp","href":"https:\/\/api.w.org\/{rel}","templated":true}]}}