{"id":2763,"date":"2026-03-31T08:25:41","date_gmt":"2026-03-31T06:25:41","guid":{"rendered":"https:\/\/droitemoderniste.be\/?p=2763"},"modified":"2026-03-31T08:25:41","modified_gmt":"2026-03-31T06:25:41","slug":"le-courage-de-ses-opinions","status":"publish","type":"post","link":"https:\/\/droitemoderniste.be\/index.php\/2026\/03\/31\/le-courage-de-ses-opinions\/","title":{"rendered":"Le courage de ses opinions"},"content":{"rendered":"\n<figure class=\"wp-block-image size-full\"><img loading=\"lazy\" decoding=\"async\" width=\"688\" height=\"387\" src=\"https:\/\/droitemoderniste.be\/wp-content\/uploads\/2026\/03\/crocodile-plongee.webp\" alt=\"\" class=\"wp-image-2764\" srcset=\"https:\/\/droitemoderniste.be\/wp-content\/uploads\/2026\/03\/crocodile-plongee.webp 688w, https:\/\/droitemoderniste.be\/wp-content\/uploads\/2026\/03\/crocodile-plongee-300x169.webp 300w\" sizes=\"auto, (max-width: 688px) 100vw, 688px\" \/><\/figure>\n\n\n\n<p class=\"wp-block-paragraph\">Mesdames, Messieurs,<br>Chers amis,<\/p>\n\n\n\n<p class=\"wp-block-paragraph\">Le <mark style=\"background-color:rgba(0, 0, 0, 0);color:#ff6900\" class=\"has-inline-color\">Mouvement Droite Moderniste <\/mark>est n\u00e9 d\u2019une conviction simple :<br><strong>une nation, une Europe, ne peuvent avancer que si leurs dirigeants ont le courage de leurs opinions.<\/strong><\/p>\n\n\n\n<p class=\"wp-block-paragraph\">Aujourd\u2019hui, trop souvent, la politique se contente de suivre le vent.<br>Nous, nous avons choisi autre chose : <strong>regarder la r\u00e9alit\u00e9 en face et pr\u00e9parer l\u2019avenir<\/strong>.<\/p>\n\n\n\n<p class=\"wp-block-paragraph\">Et la r\u00e9alit\u00e9, c\u2019est que l\u2019Europe traverse un moment d\u00e9cisif.<\/p>\n\n\n\n<p class=\"wp-block-paragraph\">Notre industrie recule.<br>Nos usines ferment ou quittent le continent.<br>Nos entreprises font face \u00e0 des co\u00fbts \u00e9nerg\u00e9tiques parmi les plus \u00e9lev\u00e9s du monde.<br>Pendant ce temps, les grandes puissances industrielles se renforcent.<\/p>\n\n\n\n<p class=\"wp-block-paragraph\">La question n\u2019est donc plus id\u00e9ologique.<br>Elle est historique :<\/p>\n\n\n\n<p class=\"wp-block-paragraph\"><strong>L\u2019Europe veut-elle rester une puissance industrielle ou devenir un simple march\u00e9 ?<\/strong><\/p>\n\n\n\n<p class=\"wp-block-paragraph\">Au <mark style=\"background-color:rgba(0, 0, 0, 0);color:#ff6900\" class=\"has-inline-color\">Mouvement Droite Moderniste<\/mark>, notre r\u00e9ponse est claire :<br>nous voulons une <strong>Europe qui produit, qui innove et qui prot\u00e8ge ses travailleurs<\/strong>.<\/p>\n\n\n\n<p class=\"wp-block-paragraph\">C\u2019est cela, le <strong>modernisme \u00e9conomique<\/strong> :<br>investir dans les technologies d\u2019avenir, relancer l\u2019industrie, s\u00e9curiser notre \u00e9nergie et d\u00e9fendre notre comp\u00e9titivit\u00e9.<\/p>\n\n\n\n<p class=\"wp-block-paragraph\">Mais pour faire cela, il faut aussi une chose essentielle :<br>le <strong>souverainisme \u00e9clair\u00e9<\/strong>.<\/p>\n\n\n\n<p class=\"wp-block-paragraph\">Le souverainisme \u00e9clair\u00e9, ce n\u2019est pas l\u2019isolement.<br>Ce n\u2019est pas la fermeture au monde.<br>C\u2019est la capacit\u00e9 d\u2019un continent et de ses nations \u00e0 d\u00e9fendre lucidement leurs int\u00e9r\u00eats strat\u00e9giques.<\/p>\n\n\n\n<p class=\"wp-block-paragraph\">Et aujourd\u2019hui, l\u2019un de ces int\u00e9r\u00eats est \u00e9vident :<br><strong>l\u2019\u00e9nergie et la survie de notre industrie.<\/strong><\/p>\n\n\n\n<p class=\"wp-block-paragraph\">Nous devons acc\u00e9l\u00e9rer le nucl\u00e9aire europ\u00e9en.<br>Nous devons investir massivement dans l\u2019innovation \u00e9nerg\u00e9tique.<br>Nous devons relocaliser certaines productions strat\u00e9giques.<\/p>\n\n\n\n<p class=\"wp-block-paragraph\">Mais nous devons aussi avoir le courage de rouvrir les d\u00e9bats que d\u2019autres refusent d\u2019aborder.<\/p>\n\n\n\n<p class=\"wp-block-paragraph\">Oui, je le dis :<br>si l\u2019avenir industriel de l\u2019Europe est en jeu, alors <strong>nous devons \u00eatre capables de rouvrir des discussions \u00e9conomiques et \u00e9nerg\u00e9tiques avec la Russie<\/strong>, lorsque les conditions politiques et diplomatiques le permettront.<\/p>\n\n\n\n<p class=\"wp-block-paragraph\">Non pas par faiblesse.<br>Non pas par na\u00efvet\u00e9.<\/p>\n\n\n\n<p class=\"wp-block-paragraph\">Mais parce que la politique s\u00e9rieuse repose sur un principe simple :<br><strong>les int\u00e9r\u00eats des peuples doivent toujours \u00eatre au centre des d\u00e9cisions.<\/strong><\/p>\n\n\n\n<p class=\"wp-block-paragraph\">Refuser m\u00eame de discuter, refuser m\u00eame d\u2019analyser, refuser m\u00eame d\u2019envisager\u2026<br>ce n\u2019est pas du courage politique.<\/p>\n\n\n\n<p class=\"wp-block-paragraph\">Le courage politique, c\u2019est affronter la complexit\u00e9 du monde.<\/p>\n\n\n\n<p class=\"wp-block-paragraph\">Le <mark style=\"background-color:rgba(0, 0, 0, 0);color:#ff6900\" class=\"has-inline-color\">Mouvement Droite Moderniste<\/mark> ne propose ni un retour en arri\u00e8re, ni une politique aveugle.<br>Nous proposons une strat\u00e9gie.<\/p>\n\n\n\n<p class=\"wp-block-paragraph\">Une Europe forte.<br>Une industrie relanc\u00e9e.<br>Une souverainet\u00e9 \u00e9conomique retrouv\u00e9e.<br>Une diplomatie lucide.<\/p>\n\n\n\n<p class=\"wp-block-paragraph\">Car la v\u00e9rit\u00e9 est simple :<br>une Europe d\u00e9sindustrialis\u00e9e est une Europe d\u00e9pendante.<br>Une Europe d\u00e9pendante est une Europe affaiblie.<br>Et une Europe affaiblie ne peut plus d\u00e9fendre son mod\u00e8le de civilisation.<\/p>\n\n\n\n<p class=\"wp-block-paragraph\">Nous refusons cela.<\/p>\n\n\n\n<p class=\"wp-block-paragraph\">Nous voulons une Europe qui ose.<br>Une Europe qui n\u00e9gocie quand c\u2019est n\u00e9cessaire.<br>Une Europe qui prot\u00e8ge ses travailleurs et son avenir.<\/p>\n\n\n\n<p class=\"wp-block-paragraph\">C\u2019est cela, <strong>l\u2019audace d\u2019une droite moderne<\/strong>.<\/p>\n\n\n\n<p class=\"wp-block-paragraph\">Et c\u2019est cela, surtout,<br><strong>le courage d\u2019avoir ses opinions.<\/strong><\/p>\n\n\n\n<p class=\"wp-block-paragraph\">Merci.<\/p>\n","protected":false},"excerpt":{"rendered":"<p>Mesdames, Messieurs,Chers amis, Le Mouvement Droite Moderniste est n\u00e9 d\u2019une conviction simple :une nation, une Europe, ne peuvent avancer que si leurs dirigeants ont le courage de leurs opinions. Aujourd\u2019hui, trop souvent, la politique se contente de suivre le vent.Nous, nous avons choisi autre chose : regarder la r\u00e9alit\u00e9 en face et pr\u00e9parer l\u2019avenir. Et [&hellip;]<\/p>\n","protected":false},"author":1,"featured_media":0,"comment_status":"open","ping_status":"open","sticky":false,"template":"","format":"standard","meta":{"_monsterinsights_skip_tracking":false,"_uf_show_specific_survey":0,"_uf_disable_surveys":false,"footnotes":""},"categories":[31,47,55],"tags":[],"class_list":["post-2763","post","type-post","status-publish","format-standard","hentry","category-economie","category-souverainisme","category-souverainisme-europeen"],"_links":{"self":[{"href":"https:\/\/droitemoderniste.be\/index.php\/wp-json\/wp\/v2\/posts\/2763","targetHints":{"allow":["GET"]}}],"collection":[{"href":"https:\/\/droitemoderniste.be\/index.php\/wp-json\/wp\/v2\/posts"}],"about":[{"href":"https:\/\/droitemoderniste.be\/index.php\/wp-json\/wp\/v2\/types\/post"}],"author":[{"embeddable":true,"href":"https:\/\/droitemoderniste.be\/index.php\/wp-json\/wp\/v2\/users\/1"}],"replies":[{"embeddable":true,"href":"https:\/\/droitemoderniste.be\/index.php\/wp-json\/wp\/v2\/comments?post=2763"}],"version-history":[{"count":1,"href":"https:\/\/droitemoderniste.be\/index.php\/wp-json\/wp\/v2\/posts\/2763\/revisions"}],"predecessor-version":[{"id":2765,"href":"https:\/\/droitemoderniste.be\/index.php\/wp-json\/wp\/v2\/posts\/2763\/revisions\/2765"}],"wp:attachment":[{"href":"https:\/\/droitemoderniste.be\/index.php\/wp-json\/wp\/v2\/media?parent=2763"}],"wp:term":[{"taxonomy":"category","embeddable":true,"href":"https:\/\/droitemoderniste.be\/index.php\/wp-json\/wp\/v2\/categories?post=2763"},{"taxonomy":"post_tag","embeddable":true,"href":"https:\/\/droitemoderniste.be\/index.php\/wp-json\/wp\/v2\/tags?post=2763"}],"curies":[{"name":"wp","href":"https:\/\/api.w.org\/{rel}","templated":true}]}}