{"id":2760,"date":"2026-03-27T09:41:31","date_gmt":"2026-03-27T08:41:31","guid":{"rendered":"https:\/\/droitemoderniste.be\/?p=2760"},"modified":"2026-03-27T09:41:31","modified_gmt":"2026-03-27T08:41:31","slug":"la-belgique-de-la-productivite","status":"publish","type":"post","link":"https:\/\/droitemoderniste.be\/index.php\/2026\/03\/27\/la-belgique-de-la-productivite\/","title":{"rendered":"La Belgique de la productivit\u00e9"},"content":{"rendered":"\n<figure class=\"wp-block-image size-large\"><img loading=\"lazy\" decoding=\"async\" width=\"1024\" height=\"512\" src=\"https:\/\/droitemoderniste.be\/wp-content\/uploads\/2026\/03\/5de6920dd8ad58130db91776-1024x512.jpg\" alt=\"\" class=\"wp-image-2761\" srcset=\"https:\/\/droitemoderniste.be\/wp-content\/uploads\/2026\/03\/5de6920dd8ad58130db91776-1024x512.jpg 1024w, https:\/\/droitemoderniste.be\/wp-content\/uploads\/2026\/03\/5de6920dd8ad58130db91776-300x150.jpg 300w, https:\/\/droitemoderniste.be\/wp-content\/uploads\/2026\/03\/5de6920dd8ad58130db91776-768x384.jpg 768w, https:\/\/droitemoderniste.be\/wp-content\/uploads\/2026\/03\/5de6920dd8ad58130db91776.jpg 1280w\" sizes=\"auto, (max-width: 1024px) 100vw, 1024px\" \/><\/figure>\n\n\n\n<p class=\"wp-block-paragraph\">Depuis des ann\u00e9es, on nous dit :<br><em>\u00ab La Belgique a besoin toujours plus d\u2019immigration pour faire tourner son \u00e9conomie. \u00bb<\/em><\/p>\n\n\n\n<p class=\"wp-block-paragraph\">On nous r\u00e9p\u00e8te cela comme une \u00e9vidence.<br>Comme une fatalit\u00e9.<br>Comme si nous n\u2019avions <strong>aucun autre choix<\/strong>.<\/p>\n\n\n\n<p class=\"wp-block-paragraph\">Mais <strong>est-ce vraiment cela, l\u2019ambition que nous avons pour notre pays ?<\/strong><\/p>\n\n\n\n<p class=\"wp-block-paragraph\">Est-ce que la Belgique \u2014 ce pays d\u2019ing\u00e9nieurs, d\u2019entrepreneurs, d\u2019ouvriers qualifi\u00e9s, de chercheurs, d\u2019artisans \u2014<br>serait condamn\u00e9e \u00e0 prosp\u00e9rer uniquement en augmentant sans cesse sa population ?<\/p>\n\n\n\n<p class=\"wp-block-paragraph\">Au <strong><mark style=\"background-color:rgba(0, 0, 0, 0);color:#ff6900\" class=\"has-inline-color\">Mouvement Droite Moderniste<\/mark><\/strong>,<br>nous ne le croyons pas.<\/p>\n\n\n\n<p class=\"wp-block-paragraph\">Nous croyons \u00e0 une v\u00e9rit\u00e9 simple.<\/p>\n\n\n\n<p class=\"wp-block-paragraph\"><strong>La prosp\u00e9rit\u00e9 d\u2019un pays ne d\u00e9pend pas du nombre de travailleurs.<br>Elle d\u00e9pend de la valeur que chaque travailleur peut cr\u00e9er.<\/strong><\/p>\n\n\n\n<p class=\"wp-block-paragraph\">Regardez les pays les plus performants du monde.<\/p>\n\n\n\n<p class=\"wp-block-paragraph\">Beaucoup sont <strong>petits<\/strong>.<\/p>\n\n\n\n<p class=\"wp-block-paragraph\">Mais ils sont puissants.<\/p>\n\n\n\n<p class=\"wp-block-paragraph\">Pourquoi ?<\/p>\n\n\n\n<p class=\"wp-block-paragraph\">Parce qu\u2019ils ont choisi <strong>la productivit\u00e9, l\u2019innovation et l\u2019excellence<\/strong>.<\/p>\n\n\n\n<p class=\"wp-block-paragraph\">Ils ont investi dans la technologie.<br>Dans la formation.<br>Dans la robotique.<br>Dans la recherche.<\/p>\n\n\n\n<p class=\"wp-block-paragraph\">Ils ont compris une chose essentielle :<\/p>\n\n\n\n<p class=\"wp-block-paragraph\"><strong>le futur appartient aux nations intelligentes, pas aux nations les plus nombreuses.<\/strong><\/p>\n\n\n\n<p class=\"wp-block-paragraph\">Et nous, que faisons-nous ?<\/p>\n\n\n\n<p class=\"wp-block-paragraph\">Nous avons un pays rempli de talents\u2026<br>mais des centaines de milliers de personnes restent hors du march\u00e9 du travail.<\/p>\n\n\n\n<p class=\"wp-block-paragraph\">Nous avons des entreprises innovantes\u2026<br>mais trop souvent frein\u00e9es par la bureaucratie.<\/p>\n\n\n\n<p class=\"wp-block-paragraph\">Nous avons des universit\u00e9s de niveau mondial\u2026<br>mais trop peu de liens avec l\u2019\u00e9conomie r\u00e9elle.<\/p>\n\n\n\n<p class=\"wp-block-paragraph\">La premi\u00e8re richesse de la Belgique,<br>ce ne sont pas des statistiques d\u00e9mographiques.<\/p>\n\n\n\n<p class=\"wp-block-paragraph\"><strong>La premi\u00e8re richesse de la Belgique, ce sont les Belges.<\/strong><\/p>\n\n\n\n<p class=\"wp-block-paragraph\">Oui !<\/p>\n\n\n\n<p class=\"wp-block-paragraph\">Les travailleurs.<br>Les entrepreneurs.<br>Les artisans.<br>Les ing\u00e9nieurs.<br>Les enseignants.<br>Les chercheurs.<\/p>\n\n\n\n<p class=\"wp-block-paragraph\">Ce sont eux qui cr\u00e9ent la richesse de notre nation.<\/p>\n\n\n\n<p class=\"wp-block-paragraph\">C\u2019est pourquoi notre projet est clair :<\/p>\n\n\n\n<p class=\"wp-block-paragraph\">Faire de la Belgique <strong>l\u2019un des pays les plus productifs d\u2019Europe<\/strong>.<\/p>\n\n\n\n<p class=\"wp-block-paragraph\">Cela signifie :<\/p>\n\n\n\n<ul class=\"wp-block-list\">\n<li>investir dans les comp\u00e9tences<\/li>\n\n\n\n<li>moderniser notre \u00e9conomie<\/li>\n\n\n\n<li>encourager l\u2019innovation<\/li>\n\n\n\n<li>automatiser les t\u00e2ches p\u00e9nibles<\/li>\n\n\n\n<li>lib\u00e9rer l\u2019\u00e9nergie des entrepreneurs<\/li>\n<\/ul>\n\n\n\n<p class=\"wp-block-paragraph\">Parce qu\u2019un pays productif, c\u2019est un pays o\u00f9 :<\/p>\n\n\n\n<p class=\"wp-block-paragraph\">les salaires augmentent,<br>les entreprises innovent,<br>la s\u00e9curit\u00e9 sociale est solide.<\/p>\n\n\n\n<p class=\"wp-block-paragraph\">Mais cela exige aussi <strong>du courage politique<\/strong>.<\/p>\n\n\n\n<p class=\"wp-block-paragraph\">Le courage de dire que l\u2019immigration ne peut pas \u00eatre la seule r\u00e9ponse \u00e0 nos d\u00e9fis \u00e9conomiques.<\/p>\n\n\n\n<p class=\"wp-block-paragraph\">Le courage de dire que l\u2019int\u00e9gration doit \u00eatre <strong>exigeante et r\u00e9ussie<\/strong>.<\/p>\n\n\n\n<p class=\"wp-block-paragraph\">Le courage de dire que notre priorit\u00e9 doit \u00eatre <strong>la mobilisation des talents d\u00e9j\u00e0 pr\u00e9sents dans notre pays<\/strong>.<\/p>\n\n\n\n<p class=\"wp-block-paragraph\">Voil\u00e0 la voie d\u2019une droite moderne.<\/p>\n\n\n\n<p class=\"wp-block-paragraph\">Une droite qui ne choisit ni la fermeture ni la na\u00efvet\u00e9.<\/p>\n\n\n\n<p class=\"wp-block-paragraph\">Mais <strong>la responsabilit\u00e9<\/strong>.<\/p>\n\n\n\n<p class=\"wp-block-paragraph\">Oui, la Belgique peut accueillir des talents.<br>Oui, la Belgique peut attirer des comp\u00e9tences.<\/p>\n\n\n\n<p class=\"wp-block-paragraph\">Mais notre ambition doit \u00eatre plus grande.<\/p>\n\n\n\n<p class=\"wp-block-paragraph\">Notre ambition doit \u00eatre de construire <strong>une \u00e9conomie d\u2019excellence<\/strong>.<\/p>\n\n\n\n<p class=\"wp-block-paragraph\">Une Belgique qui innove.<br>Une Belgique qui travaille.<br>Une Belgique qui r\u00e9ussit.<\/p>\n\n\n\n<p class=\"wp-block-paragraph\">Parce qu\u2019au fond, la question est simple :<\/p>\n\n\n\n<p class=\"wp-block-paragraph\">Voulons-nous \u00eatre un pays qui subit l\u2019avenir ?<\/p>\n\n\n\n<p class=\"wp-block-paragraph\">Ou un pays qui <strong>le construit<\/strong> ?<\/p>\n\n\n\n<p class=\"wp-block-paragraph\">Au <strong><mark style=\"background-color:rgba(0, 0, 0, 0);color:#ff6900\" class=\"has-inline-color\">Mouvement Droite Moderniste<\/mark><\/strong>, nous avons choisi.<\/p>\n\n\n\n<p class=\"wp-block-paragraph\">Nous avons choisi l\u2019ambition.<br>Nous avons choisi l\u2019innovation.<br>Nous avons choisi la prosp\u00e9rit\u00e9 par le travail et la productivit\u00e9.<\/p>\n\n\n\n<p class=\"wp-block-paragraph\">Et nous disons aux Belges :<\/p>\n\n\n\n<p class=\"wp-block-paragraph\">Notre pays peut redevenir <strong>l\u2019un des plus performants d\u2019Europe<\/strong>.<\/p>\n\n\n\n<p class=\"wp-block-paragraph\">Pas parce qu\u2019il est grand.<\/p>\n\n\n\n<p class=\"wp-block-paragraph\">Mais parce qu\u2019il est <strong>audacieux<\/strong>.<\/p>\n\n\n\n<p class=\"wp-block-paragraph\">Parce qu\u2019il est <strong>travailleur<\/strong>.<\/p>\n\n\n\n<p class=\"wp-block-paragraph\">Parce qu\u2019il est <strong>intelligent<\/strong>.<\/p>\n\n\n\n<p class=\"wp-block-paragraph\">Et parce qu\u2019il croit encore en lui-m\u00eame.<\/p>\n\n\n\n<p class=\"wp-block-paragraph\">L\u2019avenir de la Belgique ne d\u00e9pend pas du fatalisme.<\/p>\n\n\n\n<p class=\"wp-block-paragraph\">Il d\u00e9pend de notre ambition collective.<\/p>\n\n\n\n<p class=\"wp-block-paragraph\">Et cette ambition tient en quelques mots :<\/p>\n\n\n\n<p class=\"wp-block-paragraph\"><strong>Racines fortes. Regard neuf.<\/strong> Vive la Belgique.<br>Et vive la droite moderne.<\/p>\n","protected":false},"excerpt":{"rendered":"<p>Depuis des ann\u00e9es, on nous dit :\u00ab La Belgique a besoin toujours plus d\u2019immigration pour faire tourner son \u00e9conomie. \u00bb On nous r\u00e9p\u00e8te cela comme une \u00e9vidence.Comme une fatalit\u00e9.Comme si nous n\u2019avions aucun autre choix. Mais est-ce vraiment cela, l\u2019ambition que nous avons pour notre pays ? Est-ce que la Belgique \u2014 ce pays d\u2019ing\u00e9nieurs, [&hellip;]<\/p>\n","protected":false},"author":1,"featured_media":0,"comment_status":"open","ping_status":"open","sticky":false,"template":"","format":"standard","meta":{"_monsterinsights_skip_tracking":false,"_uf_show_specific_survey":0,"_uf_disable_surveys":false,"footnotes":""},"categories":[31,1,47],"tags":[],"class_list":["post-2760","post","type-post","status-publish","format-standard","hentry","category-economie","category-immigration","category-souverainisme"],"_links":{"self":[{"href":"https:\/\/droitemoderniste.be\/index.php\/wp-json\/wp\/v2\/posts\/2760","targetHints":{"allow":["GET"]}}],"collection":[{"href":"https:\/\/droitemoderniste.be\/index.php\/wp-json\/wp\/v2\/posts"}],"about":[{"href":"https:\/\/droitemoderniste.be\/index.php\/wp-json\/wp\/v2\/types\/post"}],"author":[{"embeddable":true,"href":"https:\/\/droitemoderniste.be\/index.php\/wp-json\/wp\/v2\/users\/1"}],"replies":[{"embeddable":true,"href":"https:\/\/droitemoderniste.be\/index.php\/wp-json\/wp\/v2\/comments?post=2760"}],"version-history":[{"count":1,"href":"https:\/\/droitemoderniste.be\/index.php\/wp-json\/wp\/v2\/posts\/2760\/revisions"}],"predecessor-version":[{"id":2762,"href":"https:\/\/droitemoderniste.be\/index.php\/wp-json\/wp\/v2\/posts\/2760\/revisions\/2762"}],"wp:attachment":[{"href":"https:\/\/droitemoderniste.be\/index.php\/wp-json\/wp\/v2\/media?parent=2760"}],"wp:term":[{"taxonomy":"category","embeddable":true,"href":"https:\/\/droitemoderniste.be\/index.php\/wp-json\/wp\/v2\/categories?post=2760"},{"taxonomy":"post_tag","embeddable":true,"href":"https:\/\/droitemoderniste.be\/index.php\/wp-json\/wp\/v2\/tags?post=2760"}],"curies":[{"name":"wp","href":"https:\/\/api.w.org\/{rel}","templated":true}]}}