{"id":2757,"date":"2026-03-26T11:02:45","date_gmt":"2026-03-26T10:02:45","guid":{"rendered":"https:\/\/droitemoderniste.be\/?p=2757"},"modified":"2026-03-26T11:02:45","modified_gmt":"2026-03-26T10:02:45","slug":"la-prosperite-par-la-productivite","status":"publish","type":"post","link":"https:\/\/droitemoderniste.be\/index.php\/2026\/03\/26\/la-prosperite-par-la-productivite\/","title":{"rendered":"La prosp\u00e9rit\u00e9 par la productivit\u00e9"},"content":{"rendered":"\n<figure class=\"wp-block-image size-full\"><img loading=\"lazy\" decoding=\"async\" width=\"352\" height=\"143\" src=\"https:\/\/droitemoderniste.be\/wp-content\/uploads\/2026\/03\/oeufs-or.jpg\" alt=\"\" class=\"wp-image-2758\" srcset=\"https:\/\/droitemoderniste.be\/wp-content\/uploads\/2026\/03\/oeufs-or.jpg 352w, https:\/\/droitemoderniste.be\/wp-content\/uploads\/2026\/03\/oeufs-or-300x122.jpg 300w\" sizes=\"auto, (max-width: 352px) 100vw, 352px\" \/><\/figure>\n\n\n\n<p class=\"wp-block-paragraph\">On nous r\u00e9p\u00e8te depuis des ann\u00e9es une id\u00e9e devenue presque un dogme :<br>que la prosp\u00e9rit\u00e9 de la Belgique d\u00e9pendrait forc\u00e9ment d\u2019une immigration toujours plus importante.<\/p>\n\n\n\n<p class=\"wp-block-paragraph\">Que sans cela, notre \u00e9conomie s\u2019arr\u00eaterait.<br>Que notre pays manquerait de forces.<br>Que nous serions condamn\u00e9s au d\u00e9clin.<\/p>\n\n\n\n<p class=\"wp-block-paragraph\">Au <strong><mark style=\"background-color:rgba(0, 0, 0, 0);color:#ff6900\" class=\"has-inline-color\">Mouvement Droite Moderniste<\/mark><\/strong>, nous refusons ce fatalisme.<\/p>\n\n\n\n<p class=\"wp-block-paragraph\">Nous croyons \u00e0 une v\u00e9rit\u00e9 simple, mais trop souvent oubli\u00e9e :<\/p>\n\n\n\n<p class=\"wp-block-paragraph\"><strong>La richesse d\u2019un pays ne d\u00e9pend pas du nombre de bras.<br>Elle d\u00e9pend de la puissance de son intelligence, de son travail et de son innovation.<\/strong><\/p>\n\n\n\n<p class=\"wp-block-paragraph\">La Belgique est un petit pays.<\/p>\n\n\n\n<p class=\"wp-block-paragraph\">Mais les petits pays peuvent devenir <strong>les plus prosp\u00e8res du monde<\/strong>.<\/p>\n\n\n\n<p class=\"wp-block-paragraph\">Parce que la vraie question n\u2019est pas :<br>combien de travailleurs avons-nous ?<\/p>\n\n\n\n<p class=\"wp-block-paragraph\">La vraie question est :<br><strong>combien de valeur chaque travailleur peut-il cr\u00e9er ?<\/strong><\/p>\n\n\n\n<p class=\"wp-block-paragraph\">Regardez autour de nous.<\/p>\n\n\n\n<p class=\"wp-block-paragraph\">Certains pays ont choisi la facilit\u00e9 :<br>agrandir sans cesse leur population pour soutenir leur \u00e9conomie.<\/p>\n\n\n\n<p class=\"wp-block-paragraph\">D\u2019autres ont choisi <strong>l\u2019excellence<\/strong>.<\/p>\n\n\n\n<p class=\"wp-block-paragraph\">Ils ont investi dans la technologie.<br>Dans la robotique.<br>Dans la formation.<br>Dans l\u2019innovation.<\/p>\n\n\n\n<p class=\"wp-block-paragraph\">Et ils sont devenus <strong>des puissances \u00e9conomiques malgr\u00e9 leur petite taille<\/strong>.<\/p>\n\n\n\n<p class=\"wp-block-paragraph\">Voil\u00e0 la voie que nous proposons pour la Belgique.<\/p>\n\n\n\n<p class=\"wp-block-paragraph\">Une Belgique <strong>plus productive, plus innovante, plus ambitieuse<\/strong>.<\/p>\n\n\n\n<p class=\"wp-block-paragraph\">Une Belgique qui investit dans :<\/p>\n\n\n\n<ul class=\"wp-block-list\">\n<li>les comp\u00e9tences de ses citoyens<\/li>\n\n\n\n<li>les industries du futur<\/li>\n\n\n\n<li>la recherche et la technologie<\/li>\n\n\n\n<li>l\u2019automatisation intelligente<\/li>\n\n\n\n<li>la formation tout au long de la vie<\/li>\n<\/ul>\n\n\n\n<p class=\"wp-block-paragraph\">Parce que chaque travailleur belge doit pouvoir <strong>produire plus, cr\u00e9er plus, gagner plus<\/strong>.<\/p>\n\n\n\n<p class=\"wp-block-paragraph\">Mais soyons honn\u00eates.<\/p>\n\n\n\n<p class=\"wp-block-paragraph\">Avant de chercher des travailleurs ailleurs, posons-nous une question simple :<\/p>\n\n\n\n<p class=\"wp-block-paragraph\">Pourquoi tant de talents pr\u00e9sents dans notre pays ne travaillent-ils pas aujourd\u2019hui ?<\/p>\n\n\n\n<p class=\"wp-block-paragraph\">Pourquoi avons-nous encore autant de personnes \u00e9loign\u00e9es du march\u00e9 du travail ?<\/p>\n\n\n\n<p class=\"wp-block-paragraph\">La premi\u00e8re richesse de la Belgique,<br>ce sont <strong>les Belges eux-m\u00eames<\/strong>.<\/p>\n\n\n\n<p class=\"wp-block-paragraph\">Mobiliser ces forces,<br>former ces talents,<br>redonner de la dignit\u00e9 par le travail :<\/p>\n\n\n\n<p class=\"wp-block-paragraph\">voil\u00e0 le premier chantier d\u2019une droite moderne.<\/p>\n\n\n\n<p class=\"wp-block-paragraph\">Notre vision n\u2019est pas une vision de fermeture.<\/p>\n\n\n\n<p class=\"wp-block-paragraph\">Elle est une vision <strong>d\u2019\u00e9quilibre et de responsabilit\u00e9<\/strong>.<\/p>\n\n\n\n<p class=\"wp-block-paragraph\">Oui, la Belgique peut accueillir.<br>Oui, la Belgique peut attirer des talents.<\/p>\n\n\n\n<p class=\"wp-block-paragraph\">Mais une immigration <strong>ma\u00eetris\u00e9e, cibl\u00e9e et utile<\/strong> doit accompagner \u2014 et non remplacer \u2014 une strat\u00e9gie nationale de productivit\u00e9.<\/p>\n\n\n\n<p class=\"wp-block-paragraph\">Car un pays qui d\u00e9pend uniquement du nombre de travailleurs pour prosp\u00e9rer<br>est un pays fragile.<\/p>\n\n\n\n<p class=\"wp-block-paragraph\">Un pays qui mise sur <strong>l\u2019intelligence, l\u2019innovation et la productivit\u00e9<\/strong><br>est un pays puissant.<\/p>\n\n\n\n<p class=\"wp-block-paragraph\">C\u2019est cela la diff\u00e9rence entre une \u00e9conomie ordinaire<br>et une \u00e9conomie d\u2019excellence.<\/p>\n\n\n\n<p class=\"wp-block-paragraph\">Et nous voulons pour la Belgique <strong>l\u2019excellence<\/strong>.<\/p>\n\n\n\n<p class=\"wp-block-paragraph\">Des salaires plus \u00e9lev\u00e9s.<br>Des entreprises plus comp\u00e9titives.<br>Une s\u00e9curit\u00e9 sociale solide.<br>Un pays qui innove au lieu de subir.<\/p>\n\n\n\n<p class=\"wp-block-paragraph\">Oui, la Belgique peut devenir <strong>le petit pays le plus performant d\u2019Europe<\/strong>.<\/p>\n\n\n\n<p class=\"wp-block-paragraph\">Mais pour cela, il faut du courage politique.<br>Il faut sortir des slogans faciles.<br>Il faut choisir la voie de l\u2019effort et de l\u2019ambition.<\/p>\n\n\n\n<p class=\"wp-block-paragraph\">Au <strong><mark style=\"background-color:rgba(0, 0, 0, 0);color:#ff6900\" class=\"has-inline-color\">Mouvement Droite Moderniste<\/mark><\/strong>, nous avons fait ce choix.<\/p>\n\n\n\n<p class=\"wp-block-paragraph\">Parce que nous croyons \u00e0 une droite qui regarde l\u2019avenir.<\/p>\n\n\n\n<p class=\"wp-block-paragraph\">Une droite qui n\u2019a pas peur de la modernit\u00e9.<br>Une droite qui prot\u00e8ge la nation tout en lib\u00e9rant son \u00e9nergie.<\/p>\n\n\n\n<p class=\"wp-block-paragraph\">Une droite qui dit clairement :<\/p>\n\n\n\n<p class=\"wp-block-paragraph\"><strong>Notre prosp\u00e9rit\u00e9 viendra de notre travail, de notre intelligence et de notre innovation.<\/strong><\/p>\n\n\n\n<p class=\"wp-block-paragraph\">Pas de la facilit\u00e9.<br>Pas du fatalisme.<br>Mais de <strong>l\u2019ambition nationale<\/strong>.<\/p>\n\n\n\n<p class=\"wp-block-paragraph\">Car la Belgique m\u00e9rite mieux que le d\u00e9clin annonc\u00e9.<\/p>\n\n\n\n<p class=\"wp-block-paragraph\">Elle m\u00e9rite <strong>la r\u00e9ussite<\/strong>.<\/p>\n\n\n\n<p class=\"wp-block-paragraph\">Et c\u2019est ensemble que nous allons la construire.<\/p>\n\n\n\n<p class=\"wp-block-paragraph\">Parce que notre conviction tient en quelques mots :<\/p>\n\n\n\n<p class=\"wp-block-paragraph\"><strong>Racines fortes. Regard neuf.<\/strong><\/p>\n\n\n\n<p class=\"wp-block-paragraph\"><\/p>\n","protected":false},"excerpt":{"rendered":"<p>On nous r\u00e9p\u00e8te depuis des ann\u00e9es une id\u00e9e devenue presque un dogme :que la prosp\u00e9rit\u00e9 de la Belgique d\u00e9pendrait forc\u00e9ment d\u2019une immigration toujours plus importante. Que sans cela, notre \u00e9conomie s\u2019arr\u00eaterait.Que notre pays manquerait de forces.Que nous serions condamn\u00e9s au d\u00e9clin. Au Mouvement Droite Moderniste, nous refusons ce fatalisme. Nous croyons \u00e0 une v\u00e9rit\u00e9 simple, [&hellip;]<\/p>\n","protected":false},"author":1,"featured_media":0,"comment_status":"open","ping_status":"open","sticky":false,"template":"","format":"standard","meta":{"_monsterinsights_skip_tracking":false,"_uf_show_specific_survey":0,"_uf_disable_surveys":false,"footnotes":""},"categories":[31],"tags":[],"class_list":["post-2757","post","type-post","status-publish","format-standard","hentry","category-economie"],"_links":{"self":[{"href":"https:\/\/droitemoderniste.be\/index.php\/wp-json\/wp\/v2\/posts\/2757","targetHints":{"allow":["GET"]}}],"collection":[{"href":"https:\/\/droitemoderniste.be\/index.php\/wp-json\/wp\/v2\/posts"}],"about":[{"href":"https:\/\/droitemoderniste.be\/index.php\/wp-json\/wp\/v2\/types\/post"}],"author":[{"embeddable":true,"href":"https:\/\/droitemoderniste.be\/index.php\/wp-json\/wp\/v2\/users\/1"}],"replies":[{"embeddable":true,"href":"https:\/\/droitemoderniste.be\/index.php\/wp-json\/wp\/v2\/comments?post=2757"}],"version-history":[{"count":1,"href":"https:\/\/droitemoderniste.be\/index.php\/wp-json\/wp\/v2\/posts\/2757\/revisions"}],"predecessor-version":[{"id":2759,"href":"https:\/\/droitemoderniste.be\/index.php\/wp-json\/wp\/v2\/posts\/2757\/revisions\/2759"}],"wp:attachment":[{"href":"https:\/\/droitemoderniste.be\/index.php\/wp-json\/wp\/v2\/media?parent=2757"}],"wp:term":[{"taxonomy":"category","embeddable":true,"href":"https:\/\/droitemoderniste.be\/index.php\/wp-json\/wp\/v2\/categories?post=2757"},{"taxonomy":"post_tag","embeddable":true,"href":"https:\/\/droitemoderniste.be\/index.php\/wp-json\/wp\/v2\/tags?post=2757"}],"curies":[{"name":"wp","href":"https:\/\/api.w.org\/{rel}","templated":true}]}}