{"id":2754,"date":"2026-03-24T11:01:15","date_gmt":"2026-03-24T10:01:15","guid":{"rendered":"https:\/\/droitemoderniste.be\/?p=2754"},"modified":"2026-03-24T11:01:15","modified_gmt":"2026-03-24T10:01:15","slug":"prosperer-par-la-productivite-non-par-limmigration","status":"publish","type":"post","link":"https:\/\/droitemoderniste.be\/index.php\/2026\/03\/24\/prosperer-par-la-productivite-non-par-limmigration\/","title":{"rendered":"Prosp\u00e9rer par la productivit\u00e9&#8230; non par l&rsquo;immigration"},"content":{"rendered":"\n<figure class=\"wp-block-image size-full\"><img loading=\"lazy\" decoding=\"async\" width=\"800\" height=\"450\" src=\"https:\/\/droitemoderniste.be\/wp-content\/uploads\/2026\/03\/ble.jpg\" alt=\"\" class=\"wp-image-2755\" srcset=\"https:\/\/droitemoderniste.be\/wp-content\/uploads\/2026\/03\/ble.jpg 800w, https:\/\/droitemoderniste.be\/wp-content\/uploads\/2026\/03\/ble-300x169.jpg 300w, https:\/\/droitemoderniste.be\/wp-content\/uploads\/2026\/03\/ble-768x432.jpg 768w\" sizes=\"auto, (max-width: 800px) 100vw, 800px\" \/><\/figure>\n\n\n\n<p class=\"wp-block-paragraph\"><\/p>\n\n\n\n<p class=\"wp-block-paragraph\">La Belgique est un petit pays.<br>Mais un petit pays peut \u00eatre <strong>grand par son intelligence, son travail et son audace<\/strong>.<\/p>\n\n\n\n<p class=\"wp-block-paragraph\">Depuis des ann\u00e9es, un discours simpliste domine le d\u00e9bat public :<br>on nous explique que notre prosp\u00e9rit\u00e9 d\u00e9pendrait n\u00e9cessairement d\u2019une immigration toujours plus importante pour faire tourner l\u2019\u00e9conomie.<\/p>\n\n\n\n<p class=\"wp-block-paragraph\">Au <strong><mark style=\"background-color:rgba(0, 0, 0, 0);color:#ff6900\" class=\"has-inline-color\">Mouvement Droite Moderniste<\/mark><\/strong>, nous refusons ce fatalisme.<\/p>\n\n\n\n<p class=\"wp-block-paragraph\">Nous croyons \u00e0 une autre voie.<br>Une voie <strong>moderne, responsable et ambitieuse<\/strong>.<\/p>\n\n\n\n<p class=\"wp-block-paragraph\">Oui, un petit pays riche peut prosp\u00e9rer <strong>avec moins d\u2019immigration<\/strong>.<br>Mais \u00e0 une condition essentielle :<br><strong>devenir l\u2019un des pays les plus productifs du monde.<\/strong><\/p>\n\n\n\n<p class=\"wp-block-paragraph\">La prosp\u00e9rit\u00e9 ne d\u00e9pend pas seulement du nombre de travailleurs.<br>Elle d\u00e9pend surtout de <strong>la valeur que chaque travailleur peut cr\u00e9er<\/strong>.<\/p>\n\n\n\n<p class=\"wp-block-paragraph\">L\u2019histoire \u00e9conomique nous le montre :<br>certains pays ont choisi la quantit\u00e9.<br>D\u2019autres ont choisi <strong>la qualit\u00e9, l\u2019innovation et la productivit\u00e9<\/strong>.<\/p>\n\n\n\n<p class=\"wp-block-paragraph\">Notre ambition pour la Belgique est claire :<\/p>\n\n\n\n<p class=\"wp-block-paragraph\">Faire de notre pays <strong>une \u00e9conomie d\u2019excellence<\/strong>.<\/p>\n\n\n\n<p class=\"wp-block-paragraph\">Cela signifie investir massivement dans :<\/p>\n\n\n\n<ul class=\"wp-block-list\">\n<li>l\u2019\u00e9ducation et les comp\u00e9tences<\/li>\n\n\n\n<li>la technologie et l\u2019automatisation<\/li>\n\n\n\n<li>l\u2019innovation industrielle<\/li>\n\n\n\n<li>la formation continue<\/li>\n\n\n\n<li>les infrastructures intelligentes<\/li>\n<\/ul>\n\n\n\n<p class=\"wp-block-paragraph\">Cela signifie aussi remettre au travail les talents qui existent d\u00e9j\u00e0 dans notre pays.<\/p>\n\n\n\n<p class=\"wp-block-paragraph\">Des centaines de milliers de personnes sont aujourd\u2019hui <strong>hors du march\u00e9 du travail<\/strong>.<br>Avant d\u2019importer toujours plus de main-d\u2019\u0153uvre, nous devons <strong>mobiliser les forces vives de la nation<\/strong>.<\/p>\n\n\n\n<p class=\"wp-block-paragraph\">Ce choix n\u2019est pas un repli.<br>C\u2019est au contraire <strong>une strat\u00e9gie de puissance \u00e9conomique<\/strong>.<\/p>\n\n\n\n<p class=\"wp-block-paragraph\">Une Belgique plus productive, c\u2019est :<\/p>\n\n\n\n<ul class=\"wp-block-list\">\n<li>des salaires plus \u00e9lev\u00e9s<\/li>\n\n\n\n<li>des entreprises plus innovantes<\/li>\n\n\n\n<li>une \u00e9conomie plus comp\u00e9titive<\/li>\n\n\n\n<li>une s\u00e9curit\u00e9 sociale plus solide<\/li>\n<\/ul>\n\n\n\n<p class=\"wp-block-paragraph\">Mais c\u2019est aussi un choix de <strong>coh\u00e9sion nationale<\/strong>.<\/p>\n\n\n\n<p class=\"wp-block-paragraph\">Une immigration mieux ma\u00eetris\u00e9e permet une int\u00e9gration plus forte, plus exigeante et plus r\u00e9ussie.<\/p>\n\n\n\n<p class=\"wp-block-paragraph\">Notre objectif n\u2019est pas la fermeture.<br>Notre objectif est <strong>l\u2019\u00e9quilibre<\/strong>.<\/p>\n\n\n\n<p class=\"wp-block-paragraph\">Une immigration <strong>raisonn\u00e9e, cibl\u00e9e et utile \u00e0 notre \u00e9conomie<\/strong>, combin\u00e9e \u00e0 une strat\u00e9gie nationale de productivit\u00e9.<\/p>\n\n\n\n<p class=\"wp-block-paragraph\">Voil\u00e0 la voie d\u2019une droite moderne.<\/p>\n\n\n\n<p class=\"wp-block-paragraph\">Une droite qui ne promet pas la facilit\u00e9.<br>Une droite qui propose <strong>la responsabilit\u00e9 et l\u2019excellence<\/strong>.<\/p>\n\n\n\n<p class=\"wp-block-paragraph\">Parce que la prosp\u00e9rit\u00e9 d\u2019un pays ne d\u00e9pend pas de sa taille.<\/p>\n\n\n\n<p class=\"wp-block-paragraph\">Elle d\u00e9pend de <strong>son ambition<\/strong>.<\/p>\n\n\n\n<p class=\"wp-block-paragraph\">Et l\u2019ambition du <strong><mark style=\"background-color:rgba(0, 0, 0, 0);color:#ff6900\" class=\"has-inline-color\">Mouvement Droite Moderniste<\/mark><\/strong> est simple :<\/p>\n\n\n\n<p class=\"wp-block-paragraph\">Faire de la Belgique <strong>le petit pays le plus performant d\u2019Europe<\/strong>.<\/p>\n\n\n\n<p class=\"wp-block-paragraph\">Un pays qui innove.<br>Un pays qui travaille.<br>Un pays qui prosp\u00e8re.<\/p>\n\n\n\n<p class=\"wp-block-paragraph\">Comme nous aimons le dire :<\/p>\n\n\n\n<p class=\"wp-block-paragraph\"><strong>Racines fortes, regard neuf.<\/strong><\/p>\n","protected":false},"excerpt":{"rendered":"<p>La Belgique est un petit pays.Mais un petit pays peut \u00eatre grand par son intelligence, son travail et son audace. Depuis des ann\u00e9es, un discours simpliste domine le d\u00e9bat public :on nous explique que notre prosp\u00e9rit\u00e9 d\u00e9pendrait n\u00e9cessairement d\u2019une immigration toujours plus importante pour faire tourner l\u2019\u00e9conomie. Au Mouvement Droite Moderniste, nous refusons ce fatalisme. [&hellip;]<\/p>\n","protected":false},"author":1,"featured_media":0,"comment_status":"open","ping_status":"open","sticky":false,"template":"","format":"standard","meta":{"_monsterinsights_skip_tracking":false,"_uf_show_specific_survey":0,"_uf_disable_surveys":false,"footnotes":""},"categories":[31,1,47],"tags":[],"class_list":["post-2754","post","type-post","status-publish","format-standard","hentry","category-economie","category-immigration","category-souverainisme"],"_links":{"self":[{"href":"https:\/\/droitemoderniste.be\/index.php\/wp-json\/wp\/v2\/posts\/2754","targetHints":{"allow":["GET"]}}],"collection":[{"href":"https:\/\/droitemoderniste.be\/index.php\/wp-json\/wp\/v2\/posts"}],"about":[{"href":"https:\/\/droitemoderniste.be\/index.php\/wp-json\/wp\/v2\/types\/post"}],"author":[{"embeddable":true,"href":"https:\/\/droitemoderniste.be\/index.php\/wp-json\/wp\/v2\/users\/1"}],"replies":[{"embeddable":true,"href":"https:\/\/droitemoderniste.be\/index.php\/wp-json\/wp\/v2\/comments?post=2754"}],"version-history":[{"count":1,"href":"https:\/\/droitemoderniste.be\/index.php\/wp-json\/wp\/v2\/posts\/2754\/revisions"}],"predecessor-version":[{"id":2756,"href":"https:\/\/droitemoderniste.be\/index.php\/wp-json\/wp\/v2\/posts\/2754\/revisions\/2756"}],"wp:attachment":[{"href":"https:\/\/droitemoderniste.be\/index.php\/wp-json\/wp\/v2\/media?parent=2754"}],"wp:term":[{"taxonomy":"category","embeddable":true,"href":"https:\/\/droitemoderniste.be\/index.php\/wp-json\/wp\/v2\/categories?post=2754"},{"taxonomy":"post_tag","embeddable":true,"href":"https:\/\/droitemoderniste.be\/index.php\/wp-json\/wp\/v2\/tags?post=2754"}],"curies":[{"name":"wp","href":"https:\/\/api.w.org\/{rel}","templated":true}]}}