{"id":2749,"date":"2026-03-23T14:42:18","date_gmt":"2026-03-23T13:42:18","guid":{"rendered":"https:\/\/droitemoderniste.be\/?p=2749"},"modified":"2026-03-23T14:42:18","modified_gmt":"2026-03-23T13:42:18","slug":"negocier-sans-ceder-la-voie-dune-droite-europeenne-lucide","status":"publish","type":"post","link":"https:\/\/droitemoderniste.be\/index.php\/2026\/03\/23\/negocier-sans-ceder-la-voie-dune-droite-europeenne-lucide\/","title":{"rendered":"N\u00e9gocier sans c\u00e9der: la voie d&rsquo;une droite europ\u00e9enne lucide"},"content":{"rendered":"\n<figure class=\"wp-block-image size-full\"><img loading=\"lazy\" decoding=\"async\" width=\"300\" height=\"168\" src=\"https:\/\/droitemoderniste.be\/wp-content\/uploads\/2026\/03\/Bart-Zel1.jpg\" alt=\"\" class=\"wp-image-2752\"\/><\/figure>\n\n\n\n<figure class=\"wp-block-image size-full\"><img loading=\"lazy\" decoding=\"async\" width=\"864\" height=\"486\" src=\"https:\/\/droitemoderniste.be\/wp-content\/uploads\/2026\/03\/Vlad-vainqueur.jpeg\" alt=\"\" class=\"wp-image-2751\" srcset=\"https:\/\/droitemoderniste.be\/wp-content\/uploads\/2026\/03\/Vlad-vainqueur.jpeg 864w, https:\/\/droitemoderniste.be\/wp-content\/uploads\/2026\/03\/Vlad-vainqueur-300x169.jpeg 300w, https:\/\/droitemoderniste.be\/wp-content\/uploads\/2026\/03\/Vlad-vainqueur-768x432.jpeg 768w\" sizes=\"auto, (max-width: 864px) 100vw, 864px\" \/><\/figure>\n\n\n\n<p class=\"wp-block-paragraph\">Dans le d\u00e9bat public europ\u00e9en, une id\u00e9e s\u2019est install\u00e9e : n\u00e9gocier avec la Russie serait d\u00e9j\u00e0 une forme de capitulation. Cette affirmation peut sembler forte, presque morale. Mais en r\u00e9alit\u00e9, elle traduit surtout une confusion dangereuse entre fermet\u00e9 et rigidit\u00e9.<\/p>\n\n\n\n<p class=\"wp-block-paragraph\">Une droite moderne, attach\u00e9e \u00e0 la souverainet\u00e9 des nations et \u00e0 la s\u00e9curit\u00e9 du continent, ne peut pas se permettre ce type de simplification. Gouverner, ce n\u2019est pas r\u00e9citer des slogans g\u00e9opolitiques : c\u2019est prot\u00e9ger durablement les int\u00e9r\u00eats de son pays et de l\u2019Europe.<\/p>\n\n\n\n<p class=\"wp-block-paragraph\">Soyons clairs. L\u2019agression d\u2019un \u00c9tat souverain doit \u00eatre condamn\u00e9e et contenue. L\u2019Europe doit \u00eatre capable de se d\u00e9fendre, de soutenir ses partenaires et de reconstruire une v\u00e9ritable puissance strat\u00e9gique. Mais croire qu\u2019une guerre en Europe se terminera uniquement par une victoire militaire nette rel\u00e8ve davantage du discours politique que de l\u2019analyse strat\u00e9gique.<\/p>\n\n\n\n<p class=\"wp-block-paragraph\">L\u2019histoire r\u00e9cente du continent montre autre chose. Les rivalit\u00e9s les plus dangereuses ont souvent \u00e9t\u00e9 stabilis\u00e9es lorsque la force et la diplomatie ont \u00e9t\u00e9 combin\u00e9es. Pendant toute la Guerre froide, l\u2019Occident a renforc\u00e9 sa d\u00e9fense tout en gardant des canaux de dialogue ouverts avec Moscou. Ce n\u2019\u00e9tait pas de la faiblesse : c\u2019\u00e9tait une strat\u00e9gie de puissance.<\/p>\n\n\n\n<p class=\"wp-block-paragraph\">La vraie question n\u2019est donc pas \u00ab n\u00e9gocier ou r\u00e9sister \u00bb.<br>La vraie question est : comment n\u00e9gocier en position de force.<\/p>\n\n\n\n<p class=\"wp-block-paragraph\">Pour une droite moderniste europ\u00e9enne \u2014 et pour un pays comme la Belgique \u2014 cela implique plusieurs lignes claires.<\/p>\n\n\n\n<p class=\"wp-block-paragraph\">D\u2019abord, reconstruire une capacit\u00e9 de d\u00e9fense cr\u00e9dible en Europe. Une diplomatie forte n\u2019existe que si elle repose sur une puissance r\u00e9elle. La s\u00e9curit\u00e9 europ\u00e9enne ne peut plus d\u00e9pendre uniquement de l\u2019ext\u00e9rieur : elle doit devenir un pilier politique majeur du continent.<\/p>\n\n\n\n<p class=\"wp-block-paragraph\">Ensuite, d\u00e9fendre un principe essentiel : la souverainet\u00e9 des nations europ\u00e9ennes n\u2019est pas n\u00e9gociable. Toute discussion diplomatique doit partir de cette base. Il ne s\u2019agit pas de conc\u00e9der des agressions, mais de construire une issue qui emp\u00eache leur r\u00e9p\u00e9tition.<\/p>\n\n\n\n<p class=\"wp-block-paragraph\">Enfin, retrouver un r\u00e9alisme politique que l\u2019Europe a parfois perdu. La politique \u00e9trang\u00e8re ne peut pas \u00eatre dict\u00e9e uniquement par l\u2019\u00e9motion ou par la posture morale. Elle doit viser un objectif concret : la stabilit\u00e9 du continent et la s\u00e9curit\u00e9 des Europ\u00e9ens.<\/p>\n\n\n\n<p class=\"wp-block-paragraph\">Pour la Belgique, pays diplomatique et carrefour des institutions europ\u00e9ennes, cette ligne est particuli\u00e8rement coh\u00e9rente. Notre r\u00f4le n\u2019est pas d\u2019\u00eatre dans l\u2019impuissance verbale ni dans la na\u00efvet\u00e9 pacifiste. Notre r\u00f4le est d\u2019aider l\u2019Europe \u00e0 retrouver une posture adulte sur la sc\u00e8ne internationale : ferme quand il le faut, lucide toujours, et capable de transformer un rapport de force en solution politique quand les conditions sont r\u00e9unies.<\/p>\n\n\n\n<p class=\"wp-block-paragraph\">Refuser toute n\u00e9gociation par principe peut sembler courageux dans un d\u00e9bat t\u00e9l\u00e9vis\u00e9. Mais dans la r\u00e9alit\u00e9 strat\u00e9gique, cela revient souvent \u00e0 prolonger les guerres sans pr\u00e9parer la paix.<\/p>\n\n\n\n<p class=\"wp-block-paragraph\">Une droite moderniste doit avoir l\u2019audace de dire une chose simple : la force prot\u00e8ge l\u2019Europe, mais c\u2019est la politique qui met fin aux conflits.<\/p>\n\n\n\n<p class=\"wp-block-paragraph\">Et l\u2019Europe aura besoin des deux.<\/p>\n","protected":false},"excerpt":{"rendered":"<p>Dans le d\u00e9bat public europ\u00e9en, une id\u00e9e s\u2019est install\u00e9e : n\u00e9gocier avec la Russie serait d\u00e9j\u00e0 une forme de capitulation. Cette affirmation peut sembler forte, presque morale. Mais en r\u00e9alit\u00e9, elle traduit surtout une confusion dangereuse entre fermet\u00e9 et rigidit\u00e9. Une droite moderne, attach\u00e9e \u00e0 la souverainet\u00e9 des nations et \u00e0 la s\u00e9curit\u00e9 du continent, [&hellip;]<\/p>\n","protected":false},"author":1,"featured_media":0,"comment_status":"open","ping_status":"open","sticky":false,"template":"","format":"standard","meta":{"_monsterinsights_skip_tracking":false,"_uf_show_specific_survey":0,"_uf_disable_surveys":false,"footnotes":""},"categories":[31,47],"tags":[],"class_list":["post-2749","post","type-post","status-publish","format-standard","hentry","category-economie","category-souverainisme"],"_links":{"self":[{"href":"https:\/\/droitemoderniste.be\/index.php\/wp-json\/wp\/v2\/posts\/2749","targetHints":{"allow":["GET"]}}],"collection":[{"href":"https:\/\/droitemoderniste.be\/index.php\/wp-json\/wp\/v2\/posts"}],"about":[{"href":"https:\/\/droitemoderniste.be\/index.php\/wp-json\/wp\/v2\/types\/post"}],"author":[{"embeddable":true,"href":"https:\/\/droitemoderniste.be\/index.php\/wp-json\/wp\/v2\/users\/1"}],"replies":[{"embeddable":true,"href":"https:\/\/droitemoderniste.be\/index.php\/wp-json\/wp\/v2\/comments?post=2749"}],"version-history":[{"count":1,"href":"https:\/\/droitemoderniste.be\/index.php\/wp-json\/wp\/v2\/posts\/2749\/revisions"}],"predecessor-version":[{"id":2753,"href":"https:\/\/droitemoderniste.be\/index.php\/wp-json\/wp\/v2\/posts\/2749\/revisions\/2753"}],"wp:attachment":[{"href":"https:\/\/droitemoderniste.be\/index.php\/wp-json\/wp\/v2\/media?parent=2749"}],"wp:term":[{"taxonomy":"category","embeddable":true,"href":"https:\/\/droitemoderniste.be\/index.php\/wp-json\/wp\/v2\/categories?post=2749"},{"taxonomy":"post_tag","embeddable":true,"href":"https:\/\/droitemoderniste.be\/index.php\/wp-json\/wp\/v2\/tags?post=2749"}],"curies":[{"name":"wp","href":"https:\/\/api.w.org\/{rel}","templated":true}]}}