{"id":2744,"date":"2026-03-22T14:18:13","date_gmt":"2026-03-22T13:18:13","guid":{"rendered":"https:\/\/droitemoderniste.be\/?p=2744"},"modified":"2026-03-22T14:18:13","modified_gmt":"2026-03-22T13:18:13","slug":"pour-sauver-lindustrie-europeenne-il-est-legitime-de-rouvrir-sans-tabou-la-question-des-relations-economiques-avec-la-russie","status":"publish","type":"post","link":"https:\/\/droitemoderniste.be\/index.php\/2026\/03\/22\/pour-sauver-lindustrie-europeenne-il-est-legitime-de-rouvrir-sans-tabou-la-question-des-relations-economiques-avec-la-russie\/","title":{"rendered":"Pour sauver l&rsquo;industrie europ\u00e9enne, il est l\u00e9gitime de rouvrir sans tabou la question des relations \u00e9conomiques avec la Russie"},"content":{"rendered":"\n<figure class=\"wp-block-image size-full\"><img loading=\"lazy\" decoding=\"async\" width=\"300\" height=\"168\" src=\"https:\/\/droitemoderniste.be\/wp-content\/uploads\/2026\/03\/industrie-EU.jpg\" alt=\"\" class=\"wp-image-2745\"\/><\/figure>\n\n\n\n<p class=\"wp-block-paragraph\">L\u2019Europe industrielle s\u2019affaiblit sous nos yeux. Usines qui ferment, investissements qui partent vers d\u2019autres continents, \u00e9nergie hors de prix : notre appareil productif s\u2019enfonce dans une crise profonde. Cette situation n\u2019est pas une fatalit\u00e9. Elle est le r\u00e9sultat d\u2019une s\u00e9rie de choix politiques o\u00f9 l\u2019id\u00e9ologie a trop souvent pris le pas sur le r\u00e9alisme.<\/p>\n\n\n\n<p class=\"wp-block-paragraph\">Pendant des d\u00e9cennies, l\u2019industrie europ\u00e9enne a repos\u00e9 sur un \u00e9quilibre simple : innovation, savoir-faire et productivit\u00e9 d\u2019un c\u00f4t\u00e9 ; acc\u00e8s stable \u00e0 des mati\u00e8res premi\u00e8res et \u00e0 une \u00e9nergie abordable de l\u2019autre. Ce mod\u00e8le permettait \u00e0 notre continent d\u2019\u00eatre l\u2019un des grands p\u00f4les industriels du monde.<\/p>\n\n\n\n<p class=\"wp-block-paragraph\">En rompant brutalement ses relations \u00e9nerg\u00e9tiques avec la Russie, l\u2019Europe a d\u00e9truit l\u2019un des piliers de cet \u00e9quilibre. Le gaz bon march\u00e9 achemin\u00e9 par pipelines a \u00e9t\u00e9 remplac\u00e9 par des approvisionnements plus lointains, plus instables et surtout beaucoup plus co\u00fbteux. R\u00e9sultat : nos entreprises supportent aujourd\u2019hui un prix de l\u2019\u00e9nergie tr\u00e8s sup\u00e9rieur \u00e0 celui de leurs concurrents am\u00e9ricains ou asiatiques.<\/p>\n\n\n\n<p class=\"wp-block-paragraph\">Le <strong><mark style=\"background-color:rgba(0, 0, 0, 0);color:#ff6900\" class=\"has-inline-color\">Mouvement Droite Moderniste<\/mark><\/strong> refuse cette fuite en avant id\u00e9ologique. Notre ligne est claire : d\u00e9fendre l\u2019industrie europ\u00e9enne, prot\u00e9ger les travailleurs et pr\u00e9server notre souverainet\u00e9 \u00e9conomique.<\/p>\n\n\n\n<p class=\"wp-block-paragraph\">Car une droite moderne ne peut pas se contenter de slogans abstraits. Elle doit regarder la r\u00e9alit\u00e9 en face : sans \u00e9nergie abordable, il n\u2019y a pas d\u2019industrie ; sans industrie, il n\u2019y a ni prosp\u00e9rit\u00e9 durable, ni puissance politique, ni justice sociale.<\/p>\n\n\n\n<p class=\"wp-block-paragraph\">Aujourd\u2019hui, les \u00c9tats-Unis attirent nos industriels gr\u00e2ce \u00e0 une \u00e9nergie abondante et \u00e0 des politiques publiques offensives. La Chine soutient massivement son appareil productif. L\u2019Europe, elle, semble parfois avoir choisi la voie de l\u2019auto-affaiblissement strat\u00e9gique.<\/p>\n\n\n\n<p class=\"wp-block-paragraph\">Le <strong><mark style=\"background-color:rgba(0, 0, 0, 0);color:#ff6900\" class=\"has-inline-color\">Mouvement Droite Moderniste<\/mark><\/strong> d\u00e9fend au contraire une vision de <strong>souverainisme \u00e9clair\u00e9<\/strong> et de <strong>protectionnisme raisonn\u00e9<\/strong> : une Europe ouverte, mais lucide ; coop\u00e9rative, mais capable de d\u00e9fendre ses int\u00e9r\u00eats fondamentaux.<\/p>\n\n\n\n<p class=\"wp-block-paragraph\">Dans cette logique, il est l\u00e9gitime de rouvrir sans tabou la question des relations \u00e9conomiques avec la Russie. Ce pays reste l\u2019un des plus grands fournisseurs mondiaux de ressources naturelles : gaz, p\u00e9trole, uranium, engrais, m\u00e9taux strat\u00e9giques. Historiquement, ces ressources alimentaient directement l\u2019industrie europ\u00e9enne gr\u00e2ce \u00e0 des infrastructures efficaces et d\u00e9j\u00e0 amorties.<\/p>\n\n\n\n<p class=\"wp-block-paragraph\">Dire cela n\u2019est ni na\u00eff ni complaisant. C\u2019est simplement reconna\u00eetre une r\u00e9alit\u00e9 \u00e9conomique.<\/p>\n\n\n\n<p class=\"wp-block-paragraph\">Le <strong><mark style=\"background-color:rgba(0, 0, 0, 0);color:#ff6900\" class=\"has-inline-color\">Mouvement Droite Moderniste<\/mark><\/strong> d\u00e9fend une strat\u00e9gie \u00e9nerg\u00e9tique fond\u00e9e sur quatre piliers compl\u00e9mentaires :<\/p>\n\n\n\n<p class=\"wp-block-paragraph\">\u2013 d\u00e9veloppement massif du nucl\u00e9aire et des technologies bas carbone<br>\u2013 acc\u00e9l\u00e9ration des \u00e9nergies renouvelables et de l\u2019innovation \u00e9nerg\u00e9tique<br>\u2013 diversification des fournisseurs mondiaux<br>\u2013 et, lorsque les conditions diplomatiques le permettent, reprise pragmatique des \u00e9changes \u00e9nerg\u00e9tiques avec la Russie.<\/p>\n\n\n\n<p class=\"wp-block-paragraph\">Cette approche correspond \u00e0 ce que nous appelons <strong>l\u2019environnementalisme optimiste<\/strong> : prot\u00e9ger la plan\u00e8te tout en prot\u00e9geant la prosp\u00e9rit\u00e9 et l\u2019emploi.<\/p>\n\n\n\n<p class=\"wp-block-paragraph\">Refuser par principe toute relation \u00e9conomique avec une grande puissance \u00e9nerg\u00e9tique revient \u00e0 fragiliser durablement notre industrie et \u00e0 acc\u00e9l\u00e9rer la d\u00e9sindustrialisation du continent.<\/p>\n\n\n\n<p class=\"wp-block-paragraph\">Le <strong><mark style=\"background-color:rgba(0, 0, 0, 0);color:#ff6900\" class=\"has-inline-color\">Mouvement Droite Moderniste<\/mark><\/strong> refuse ce d\u00e9clin silencieux. Nous voulons une Europe qui produit, qui innove, qui exporte et qui ma\u00eetrise son destin.<\/p>\n\n\n\n<p class=\"wp-block-paragraph\">Car une droite vraiment moderne ne se contente pas de g\u00e9rer le d\u00e9clin : elle organise le renouveau.<\/p>\n\n\n\n<p class=\"wp-block-paragraph\">Et ce renouveau commence par une chose simple : replacer le r\u00e9alisme \u00e9conomique au c\u0153ur des d\u00e9cisions politiques.<\/p>\n\n\n\n<p class=\"wp-block-paragraph\"><strong>Racines fortes, regard neuf.<\/strong><\/p>\n","protected":false},"excerpt":{"rendered":"<p>L\u2019Europe industrielle s\u2019affaiblit sous nos yeux. Usines qui ferment, investissements qui partent vers d\u2019autres continents, \u00e9nergie hors de prix : notre appareil productif s\u2019enfonce dans une crise profonde. Cette situation n\u2019est pas une fatalit\u00e9. Elle est le r\u00e9sultat d\u2019une s\u00e9rie de choix politiques o\u00f9 l\u2019id\u00e9ologie a trop souvent pris le pas sur le r\u00e9alisme. Pendant [&hellip;]<\/p>\n","protected":false},"author":1,"featured_media":0,"comment_status":"open","ping_status":"open","sticky":false,"template":"","format":"standard","meta":{"_monsterinsights_skip_tracking":false,"_uf_show_specific_survey":0,"_uf_disable_surveys":false,"footnotes":""},"categories":[31,53,47,55,41],"tags":[],"class_list":["post-2744","post","type-post","status-publish","format-standard","hentry","category-economie","category-reindustrialisation","category-souverainisme","category-souverainisme-europeen","category-union-europeenne"],"_links":{"self":[{"href":"https:\/\/droitemoderniste.be\/index.php\/wp-json\/wp\/v2\/posts\/2744","targetHints":{"allow":["GET"]}}],"collection":[{"href":"https:\/\/droitemoderniste.be\/index.php\/wp-json\/wp\/v2\/posts"}],"about":[{"href":"https:\/\/droitemoderniste.be\/index.php\/wp-json\/wp\/v2\/types\/post"}],"author":[{"embeddable":true,"href":"https:\/\/droitemoderniste.be\/index.php\/wp-json\/wp\/v2\/users\/1"}],"replies":[{"embeddable":true,"href":"https:\/\/droitemoderniste.be\/index.php\/wp-json\/wp\/v2\/comments?post=2744"}],"version-history":[{"count":1,"href":"https:\/\/droitemoderniste.be\/index.php\/wp-json\/wp\/v2\/posts\/2744\/revisions"}],"predecessor-version":[{"id":2746,"href":"https:\/\/droitemoderniste.be\/index.php\/wp-json\/wp\/v2\/posts\/2744\/revisions\/2746"}],"wp:attachment":[{"href":"https:\/\/droitemoderniste.be\/index.php\/wp-json\/wp\/v2\/media?parent=2744"}],"wp:term":[{"taxonomy":"category","embeddable":true,"href":"https:\/\/droitemoderniste.be\/index.php\/wp-json\/wp\/v2\/categories?post=2744"},{"taxonomy":"post_tag","embeddable":true,"href":"https:\/\/droitemoderniste.be\/index.php\/wp-json\/wp\/v2\/tags?post=2744"}],"curies":[{"name":"wp","href":"https:\/\/api.w.org\/{rel}","templated":true}]}}