{"id":2741,"date":"2026-03-21T09:04:59","date_gmt":"2026-03-21T08:04:59","guid":{"rendered":"https:\/\/droitemoderniste.be\/?p=2741"},"modified":"2026-03-21T09:04:59","modified_gmt":"2026-03-21T08:04:59","slug":"negocier-cest-defendre-pas-capituler","status":"publish","type":"post","link":"https:\/\/droitemoderniste.be\/index.php\/2026\/03\/21\/negocier-cest-defendre-pas-capituler\/","title":{"rendered":"N\u00e9gocier, c&rsquo;est d\u00e9fendre, pas capituler"},"content":{"rendered":"\n<figure class=\"wp-block-image size-full\"><img loading=\"lazy\" decoding=\"async\" width=\"275\" height=\"183\" src=\"https:\/\/droitemoderniste.be\/wp-content\/uploads\/2026\/03\/UE-Guerre3.jpg\" alt=\"\" class=\"wp-image-2742\"\/><\/figure>\n\n\n\n<p class=\"wp-block-paragraph\">On voudrait nous faire croire que parler avec la Russie serait une trahison. Qu\u2019ouvrir la voie diplomatique reviendrait \u00e0 poser les armes et \u00e0 se r\u00e9signer. Cette id\u00e9e, martel\u00e9e au nom d\u2019un pseudo-courage collectif, rel\u00e8ve d\u2019une illusion dangereuse : celle selon laquelle la fermet\u00e9 se confond avec la surench\u00e8re.<\/p>\n\n\n\n<p class=\"wp-block-paragraph\">Pour le <mark style=\"background-color:rgba(0, 0, 0, 0);color:#ff6900\" class=\"has-inline-color\">Mouvement Droite Moderniste<\/mark>, <strong>n\u00e9gocier n\u2019est pas reculer : c\u2019est choisir la ma\u00eetrise sur le chaos.<\/strong> Une Europe forte ne se construit pas dans la d\u00e9testation aveugle, mais dans la lucidit\u00e9 strat\u00e9gique. Refuser tout dialogue, c\u2019est abandonner notre destin\u00e9e \u00e0 d\u2019autres \u2014 \u00e0 Washington, \u00e0 P\u00e9kin ou \u00e0 Moscou \u2014 au lieu d\u2019imposer nos int\u00e9r\u00eats sur la sc\u00e8ne mondiale.<\/p>\n\n\n\n<p class=\"wp-block-paragraph\">L\u2019histoire est sans appel : toutes les grandes puissances ont su, un jour, parler \u00e0 leurs adversaires sans jamais plier. Les \u00c9tats-Unis n\u00e9gociaient avec l\u2019URSS au c\u0153ur de la Guerre froide. De Gaulle lui-m\u00eame, symbole d\u2019ind\u00e9pendance et de fermet\u00e9, pr\u00f4nait une Europe capable de parler \u00e0 tout le monde, sans na\u00efvet\u00e9, mais sans servilit\u00e9.<\/p>\n\n\n\n<p class=\"wp-block-paragraph\">Ceux qui confondent diplomatie et faiblesse condamnent l\u2019Europe \u00e0 la marginalit\u00e9. <strong>La vraie l\u00e2chet\u00e9, ce n\u2019est pas de n\u00e9gocier : c\u2019est de renoncer \u00e0 peser.<\/strong> Car tant que nous restons prisonniers d\u2019une logique binaire \u2014 victoire totale ou d\u00e9faite compl\u00e8te \u2014 nous agissons \u00e0 l\u2019\u00e9motion, pas \u00e0 la raison.<\/p>\n\n\n\n<p class=\"wp-block-paragraph\">Nous, Modernistes, affirmons que la diplomatie n\u2019est pas l\u2019antith\u00e8se de la puissance, mais son prolongement naturel. D\u00e9fendre nos peuples, c\u2019est aussi \u00e9viter l\u2019engrenage des guerres prolong\u00e9es, prot\u00e9ger nos \u00e9conomies, et s\u00e9curiser nos fronti\u00e8res par la stabilit\u00e9 r\u00e9gionale, non par l\u2019escalade permanente.<\/p>\n\n\n\n<p class=\"wp-block-paragraph\"><strong>N\u00e9gocier, ce n\u2019est pas capituler. C\u2019est se battre autrement, avec intelligence et courage.<\/strong> C\u2019est redonner \u00e0 l\u2019Europe sa voix, sa libert\u00e9 d\u2019action et sa souverainet\u00e9. Ceux qui refusent de parler par peur d\u2019\u00eatre faibles sont d\u00e9j\u00e0 domin\u00e9s ; ceux qui osent parler avec fermet\u00e9 sont d\u00e9j\u00e0 en train de construire la paix.<\/p>\n","protected":false},"excerpt":{"rendered":"<p>On voudrait nous faire croire que parler avec la Russie serait une trahison. Qu\u2019ouvrir la voie diplomatique reviendrait \u00e0 poser les armes et \u00e0 se r\u00e9signer. Cette id\u00e9e, martel\u00e9e au nom d\u2019un pseudo-courage collectif, rel\u00e8ve d\u2019une illusion dangereuse : celle selon laquelle la fermet\u00e9 se confond avec la surench\u00e8re. Pour le Mouvement Droite Moderniste, n\u00e9gocier [&hellip;]<\/p>\n","protected":false},"author":1,"featured_media":0,"comment_status":"open","ping_status":"open","sticky":false,"template":"","format":"standard","meta":{"_monsterinsights_skip_tracking":false,"_uf_show_specific_survey":0,"_uf_disable_surveys":false,"footnotes":""},"categories":[47,39,41],"tags":[],"class_list":["post-2741","post","type-post","status-publish","format-standard","hentry","category-souverainisme","category-ukraine","category-union-europeenne"],"_links":{"self":[{"href":"https:\/\/droitemoderniste.be\/index.php\/wp-json\/wp\/v2\/posts\/2741","targetHints":{"allow":["GET"]}}],"collection":[{"href":"https:\/\/droitemoderniste.be\/index.php\/wp-json\/wp\/v2\/posts"}],"about":[{"href":"https:\/\/droitemoderniste.be\/index.php\/wp-json\/wp\/v2\/types\/post"}],"author":[{"embeddable":true,"href":"https:\/\/droitemoderniste.be\/index.php\/wp-json\/wp\/v2\/users\/1"}],"replies":[{"embeddable":true,"href":"https:\/\/droitemoderniste.be\/index.php\/wp-json\/wp\/v2\/comments?post=2741"}],"version-history":[{"count":1,"href":"https:\/\/droitemoderniste.be\/index.php\/wp-json\/wp\/v2\/posts\/2741\/revisions"}],"predecessor-version":[{"id":2743,"href":"https:\/\/droitemoderniste.be\/index.php\/wp-json\/wp\/v2\/posts\/2741\/revisions\/2743"}],"wp:attachment":[{"href":"https:\/\/droitemoderniste.be\/index.php\/wp-json\/wp\/v2\/media?parent=2741"}],"wp:term":[{"taxonomy":"category","embeddable":true,"href":"https:\/\/droitemoderniste.be\/index.php\/wp-json\/wp\/v2\/categories?post=2741"},{"taxonomy":"post_tag","embeddable":true,"href":"https:\/\/droitemoderniste.be\/index.php\/wp-json\/wp\/v2\/tags?post=2741"}],"curies":[{"name":"wp","href":"https:\/\/api.w.org\/{rel}","templated":true}]}}