{"id":2736,"date":"2026-03-20T08:31:02","date_gmt":"2026-03-20T07:31:02","guid":{"rendered":"https:\/\/droitemoderniste.be\/?p=2736"},"modified":"2026-03-20T08:33:56","modified_gmt":"2026-03-20T07:33:56","slug":"stop-au-sabotage-economique","status":"publish","type":"post","link":"https:\/\/droitemoderniste.be\/index.php\/2026\/03\/20\/stop-au-sabotage-economique\/","title":{"rendered":"\u00c9nergie : stop au sabotage \u00e9conomique! Sauver la chimie belge par le r\u00e9alisme moderniste"},"content":{"rendered":"\n<figure class=\"wp-block-image size-full\"><img loading=\"lazy\" decoding=\"async\" width=\"275\" height=\"183\" src=\"https:\/\/droitemoderniste.be\/wp-content\/uploads\/2026\/03\/gaz.jpg\" alt=\"\" class=\"wp-image-2737\"\/><\/figure>\n\n\n\n<p class=\"wp-block-paragraph\"><strong>Mesdames, Messieurs, chers compatriotes belges,<\/strong><br><strong>entrepreneurs, ouvriers de la chimie et de la p\u00e9trochimie, PME du Nord et du Sud du pays :<\/strong><\/p>\n\n\n\n<p class=\"wp-block-paragraph\"><strong>Aujourd\u2019hui, notre Belgique saigne \u00e0 blanc.<\/strong> La flamb\u00e9e des prix \u00e9nerg\u00e9tiques, dop\u00e9e par le conflit isra\u00e9lo-iranien qui \u00e9trangle les approvisionnements mondiaux, nous pr\u00e9cipite droit dans le mur. Factures d\u2019\u00e9nergie multipli\u00e9es par trois, usines au ralenti, <strong>faillites en cascade<\/strong> : c\u2019est notre souverainet\u00e9 \u00e9conomique qui agonise ! Et qui paie ? <strong>Pas les technocrates de Bruxelles, pas les id\u00e9ologues verts du Parlement europ\u00e9en. Vous. Nous. Les Belges qui bossent dur.<\/strong><\/p>\n\n\n\n<p class=\"wp-block-paragraph\">Prenons les chiffres en face, sans langue de bois. En Belgique, l\u2019industrie chimique et p\u00e9trochimique \u2013 notre <strong>joyau \u00e9conomique<\/strong>, avec <strong>35 000 emplois directs<\/strong> \u00e0 Anvers, Gand, Feluy, Jemeppe \u2013 est \u00e0 genoux. BASF \u00e0 Anvers, Ineos \u00e0 Jemeppe, TotalEnergies \u00e0 la raffinerie d\u2019Anvers : ces g\u00e9ants emploient des milliers de familles flamandes et wallonnes. Ils exportent pour <strong>30 milliards d\u2019euros par an<\/strong>, soit 7% de notre PIB. Mais aujourd\u2019hui, <strong>le co\u00fbt du gaz a doubl\u00e9 en un mois<\/strong> \u00e0 cause de la crise au Moyen-Orient. Une usine p\u00e9trochimique comme celle d\u2019Ineos consomme l\u2019\u00e9quivalent de <strong>1,5 million de m\u00e9nages belges en gaz<\/strong>. \u00c0 ces prix, c\u2019est intenable !<\/p>\n\n\n\n<p class=\"wp-block-paragraph\">Regardez les faits : en 2025, nos secteurs chimiques ont d\u00e9j\u00e0 perdu <strong>15% de production<\/strong>. Les crackers \u00e0 \u00e9thyl\u00e8ne d\u2019Anvers tournent \u00e0 70% de capacit\u00e9. Les cha\u00eenes de production d\u2019engrais, de plastiques, de produits pharmaceutiques s\u2019arr\u00eatent faute de gaz abordable. <strong>Cons\u00e9quence ? 5 000 jobs menac\u00e9s en Flandre seule cette ann\u00e9e.<\/strong> Et ce n\u2019est que le d\u00e9but. Si rien ne change, <strong>10 000 \u00e0 15 000 emplois<\/strong> dans la chimie belge partiront en fum\u00e9e d\u2019ici 2027. Ajoutez les sous-traitants, les logisticiens du port d\u2019Anvers : c\u2019est <strong>une r\u00e9gion enti\u00e8re<\/strong> qui s\u2019effondre.<\/p>\n\n\n\n<p class=\"wp-block-paragraph\"><strong>Et pourquoi ce d\u00e9sastre ?<\/strong> Parce que Bruxelles et ses alli\u00e9s verts nous ont impos\u00e9 une \u00ab transition \u00e9nerg\u00e9tique \u00bb punitive, qui nous a coup\u00e9s de notre ancien fournisseur fiable : la Russie. Souvenez-vous : avant 2022, <strong>40% de notre gaz venait de Russie<\/strong>. Moins cher, stable, via gazoducs directs. Aujourd\u2019hui ? On paye le prix fort au Qatar, aux USA, au Nigeria \u2013 avec des surco\u00fbts de <strong>20 \u00e0 30 milliards d\u2019euros par an pour l\u2019UE enti\u00e8re<\/strong>. Et devinez quoi ? L\u2019UE a quand m\u00eame d\u00e9pens\u00e9 <strong>7 milliards en GNL russe en 2025<\/strong> ! La Belgique via Zeebrugge importe encore du Yamal LNG russe. <strong>On n\u2019a jamais vraiment rompu. On s\u2019est juste tir\u00e9s une balle dans le pied id\u00e9ologique.<\/strong><\/p>\n\n\n\n<p class=\"wp-block-paragraph\"><strong>Le <mark style=\"background-color:rgba(0, 0, 0, 0);color:#ff6900\" class=\"has-inline-color\">Mouvement Droite Moderniste<\/mark> refuse ce masochisme \u00e9conomique.<\/strong> Nous ne sommes pas des nostalgiques de Poutine. Nous sommes des <strong>modernistes r\u00e9alistes<\/strong> : on prot\u00e8ge les jobs belges d\u2019abord, on s\u00e9curise l\u2019\u00e9nergie demain. <strong>Pas d\u2019id\u00e9ologie gauchiste, pas de charlatanisme \u00e9olien subventionn\u00e9.<\/strong> Du concret pour la chimie et la p\u00e9trochimie !<\/p>\n\n\n\n<p class=\"wp-block-paragraph\"><strong>Voici notre plan en 5 mesures urgentes, applicables d\u00e8s demain :<\/strong><\/p>\n\n\n\n<ol start=\"1\" class=\"wp-block-list\">\n<li><strong>Autorisation imm\u00e9diate d\u2019importations suppl\u00e9mentaires de gaz russe<\/strong> \u2013 sous contrat court terme, contr\u00f4l\u00e9 par les \u00c9tats membres et non par la Commission. <strong>Objectif : baisser le prix spot du gaz de 20% en 6 mois.<\/strong> La Belgique, via Fluxys et le hub Zeebrugge, peut absorber <strong>5 \u00e0 10 milliards de m\u00b3 suppl\u00e9mentaires par an<\/strong> sans infrastructure nouvelle. \u00c7a sauve Anvers et Jemeppe <strong>tout de suite<\/strong>.<\/li>\n\n\n\n<li><strong>Bouclier tarifaire national belge pour l\u2019industrie<\/strong> : <strong>z\u00e9ro accise sur le gaz et l\u2019\u00e9lectricit\u00e9 pour la chimie et la p\u00e9trochimie pendant 24 mois.<\/strong> Co\u00fbt pour l\u2019\u00c9tat : <strong>1,2 milliard d\u2019euros<\/strong>, financ\u00e9 par une taxe exceptionnelle sur les importateurs de GNL qatari et am\u00e9ricain. <strong>Priorit\u00e9 aux PME chimiques : reports de TVA et charges sociales.<\/strong><\/li>\n\n\n\n<li><strong>Investissements souverains massifs dans l\u2019\u00e9nergie dure<\/strong> : <strong>5 milliards d\u2019euros belges pour le nucl\u00e9aire de nouvelle g\u00e9n\u00e9ration<\/strong> (SMR \u00e0 Doel et Tihange), <strong>hydrog\u00e8ne bleu<\/strong> \u00e0 partir de gaz russe r\u00e9form\u00e9 localement, et <strong>gazoducs s\u00e9curis\u00e9s<\/strong> vers la Norv\u00e8ge et l\u2019Azerba\u00efdjan. Pas d\u2019\u00e9oliennes offshore \u00e0 500\u20ac\/MWh !<\/li>\n\n\n\n<li><strong>Fonds de sauvetage chimie-p\u00e9trochimie<\/strong> : <strong>2 milliards d\u2019euros<\/strong> pour subventionner l\u2019efficacit\u00e9 \u00e9nerg\u00e9tique (r\u00e9cup\u00e9ration de chaleur, \u00e9lectrolyse). <strong>Exemple concret : aider Ineos \u00e0 Anvers \u00e0 recycler 30% de son \u00e9nergie perdue, pour diviser sa facture par deux.<\/strong><\/li>\n\n\n\n<li><strong>Diplomatie \u00e9conomique offensive<\/strong> : N\u00e9gocier bilat\u00e9ralement avec Moscou des clauses \u00ab take-or-pay \u00bb garanties, tout en diversifiant vers l\u2019Alg\u00e9rie et le Texas. <strong>Belgique d\u2019abord<\/strong> : on ne laisse pas Bruxelles nous dicter notre survie industrielle.<\/li>\n<\/ol>\n\n\n\n<p class=\"wp-block-paragraph\"><strong>Chers ouvriers de BASF, techniciens d\u2019Ineos, ing\u00e9nieurs de Solvay : votre boulot n\u2019est pas n\u00e9gociable.<\/strong> Le <mark style=\"background-color:rgba(0, 0, 0, 0);color:#ff6900\" class=\"has-inline-color\">Mouvement Droite Moderniste<\/mark> vous d\u00e9fend contre les bobos bruxellois qui r\u00eavent d\u2019\u00e9oliennes pendant que vos fours \u00e0 craquage s\u2019\u00e9teignent. Contre les Verts qui veulent nous faire vivre \u00e0 la bougie au nom du climat, alors que la Chine construit 100 centrales \u00e0 charbon par an.<\/p>\n\n\n\n<p class=\"wp-block-paragraph\"><strong>Belgique d\u2019abord. R\u00e9alisme avant tout.<\/strong><br>Rejoignez le <mark style=\"background-color:rgba(0, 0, 0, 0);color:#ff6900\" class=\"has-inline-color\">Mouvement Droite Moderniste<\/mark>. Ensemble, on rallume les usines, on sauve les jobs, on reconquiert notre souverainet\u00e9 \u00e9nerg\u00e9tique.<strong>Vive la Belgique moderne et forte !<\/strong><\/p>\n","protected":false},"excerpt":{"rendered":"<p>Mesdames, Messieurs, chers compatriotes belges,entrepreneurs, ouvriers de la chimie et de la p\u00e9trochimie, PME du Nord et du Sud du pays : Aujourd\u2019hui, notre Belgique saigne \u00e0 blanc. La flamb\u00e9e des prix \u00e9nerg\u00e9tiques, dop\u00e9e par le conflit isra\u00e9lo-iranien qui \u00e9trangle les approvisionnements mondiaux, nous pr\u00e9cipite droit dans le mur. Factures d\u2019\u00e9nergie multipli\u00e9es par trois, usines [&hellip;]<\/p>\n","protected":false},"author":1,"featured_media":0,"comment_status":"open","ping_status":"open","sticky":false,"template":"","format":"standard","meta":{"_monsterinsights_skip_tracking":false,"_uf_show_specific_survey":0,"_uf_disable_surveys":false,"footnotes":""},"categories":[31,47,55],"tags":[],"class_list":["post-2736","post","type-post","status-publish","format-standard","hentry","category-economie","category-souverainisme","category-souverainisme-europeen"],"_links":{"self":[{"href":"https:\/\/droitemoderniste.be\/index.php\/wp-json\/wp\/v2\/posts\/2736","targetHints":{"allow":["GET"]}}],"collection":[{"href":"https:\/\/droitemoderniste.be\/index.php\/wp-json\/wp\/v2\/posts"}],"about":[{"href":"https:\/\/droitemoderniste.be\/index.php\/wp-json\/wp\/v2\/types\/post"}],"author":[{"embeddable":true,"href":"https:\/\/droitemoderniste.be\/index.php\/wp-json\/wp\/v2\/users\/1"}],"replies":[{"embeddable":true,"href":"https:\/\/droitemoderniste.be\/index.php\/wp-json\/wp\/v2\/comments?post=2736"}],"version-history":[{"count":3,"href":"https:\/\/droitemoderniste.be\/index.php\/wp-json\/wp\/v2\/posts\/2736\/revisions"}],"predecessor-version":[{"id":2740,"href":"https:\/\/droitemoderniste.be\/index.php\/wp-json\/wp\/v2\/posts\/2736\/revisions\/2740"}],"wp:attachment":[{"href":"https:\/\/droitemoderniste.be\/index.php\/wp-json\/wp\/v2\/media?parent=2736"}],"wp:term":[{"taxonomy":"category","embeddable":true,"href":"https:\/\/droitemoderniste.be\/index.php\/wp-json\/wp\/v2\/categories?post=2736"},{"taxonomy":"post_tag","embeddable":true,"href":"https:\/\/droitemoderniste.be\/index.php\/wp-json\/wp\/v2\/tags?post=2736"}],"curies":[{"name":"wp","href":"https:\/\/api.w.org\/{rel}","templated":true}]}}