{"id":2733,"date":"2026-03-19T11:11:37","date_gmt":"2026-03-19T10:11:37","guid":{"rendered":"https:\/\/droitemoderniste.be\/?p=2733"},"modified":"2026-03-19T11:11:37","modified_gmt":"2026-03-19T10:11:37","slug":"stop-au-suicide-economique","status":"publish","type":"post","link":"https:\/\/droitemoderniste.be\/index.php\/2026\/03\/19\/stop-au-suicide-economique\/","title":{"rendered":"Stop au suicide \u00e9conomique !"},"content":{"rendered":"\n<figure class=\"wp-block-image size-full\"><img loading=\"lazy\" decoding=\"async\" width=\"300\" height=\"168\" src=\"https:\/\/droitemoderniste.be\/wp-content\/uploads\/2026\/03\/gaz1.jpg\" alt=\"\" class=\"wp-image-2734\"\/><\/figure>\n\n\n\n<p class=\"wp-block-paragraph\">Mes amis,<\/p>\n\n\n\n<p class=\"wp-block-paragraph\">Regardons la r\u00e9alit\u00e9 en face.<br>Aujourd\u2019hui, en Europe, des usines ferment, des entreprises vacillent, des familles s\u2019inqui\u00e8tent pour leur emploi. Pourquoi ? Parce que le prix de l\u2019\u00e9nergie explose, parce que notre continent a choisi de se priver lui-m\u00eame de solutions qui existaient.<\/p>\n\n\n\n<p class=\"wp-block-paragraph\">Le <mark style=\"background-color:rgba(0, 0, 0, 0);color:#ff6900\" class=\"has-inline-color\">Mouvement Droite Moderniste<\/mark> pose une question simple, que beaucoup n\u2019osent plus poser :<br><strong>combien d\u2019emplois europ\u00e9ens faudra-t-il sacrifier pour satisfaire une id\u00e9ologie \u00e9nerg\u00e9tique devenue hors-sol ?<\/strong><\/p>\n\n\n\n<p class=\"wp-block-paragraph\">Nous ne sommes pas na\u00effs. Le monde est dangereux, les tensions internationales sont r\u00e9elles. Mais gouverner, ce n\u2019est pas faire de la morale internationale au d\u00e9triment de son propre peuple. Gouverner, c\u2019est prot\u00e9ger sa nation, son \u00e9conomie, ses travailleurs.<\/p>\n\n\n\n<p class=\"wp-block-paragraph\">Et aujourd\u2019hui, nous le disons clairement :<br><strong>l\u2019Europe est en train de se tirer une balle dans le pied.<\/strong><\/p>\n\n\n\n<p class=\"wp-block-paragraph\">On nous a promis l\u2019ind\u00e9pendance \u00e9nerg\u00e9tique.<br>R\u00e9sultat ? Nous payons l\u2019\u00e9nergie plus cher que nos concurrents am\u00e9ricains et asiatiques. Nos industries d\u00e9localisent. Nos PME souffrent. Et certains, \u00e0 Bruxelles, continuent comme si de rien n\u2019\u00e9tait.<\/p>\n\n\n\n<p class=\"wp-block-paragraph\">Au <mark style=\"background-color:rgba(0, 0, 0, 0);color:#ff6900\" class=\"has-inline-color\">Mouvement Droite Moderniste<\/mark>, nous refusons ce d\u00e9ni de r\u00e9alit\u00e9.<\/p>\n\n\n\n<p class=\"wp-block-paragraph\">Nous disons :<br><strong>stop au suicide \u00e9conomique !<\/strong><\/p>\n\n\n\n<p class=\"wp-block-paragraph\">Oui, nous devons \u00eatre ind\u00e9pendants.<br>Oui, nous devons d\u00e9velopper le nucl\u00e9aire europ\u00e9en.<br>Oui, nous devons investir dans les technologies du futur.<br>Oui, nous devons diversifier nos approvisionnements.<\/p>\n\n\n\n<p class=\"wp-block-paragraph\">Mais nous devons aussi avoir le courage politique de dire ceci :<br><strong>le r\u00e9alisme doit revenir dans la politique \u00e9nerg\u00e9tique europ\u00e9enne.<\/strong><\/p>\n\n\n\n<p class=\"wp-block-paragraph\">Quand les conditions diplomatiques le permettront, l\u2019Europe devra \u00eatre capable de rouvrir des relations commerciales pragmatiques avec ses anciens fournisseurs d\u2019\u00e9nergie, y compris la Russie. Pas par faiblesse. Pas par nostalgie. Mais par int\u00e9r\u00eat strat\u00e9gique.<\/p>\n\n\n\n<p class=\"wp-block-paragraph\">Parce qu\u2019un grand continent ne s\u2019interdit pas des options vitales pour son \u00e9conomie.<\/p>\n\n\n\n<p class=\"wp-block-paragraph\">Nous ne voulons ni d\u00e9pendance, ni soumission.<br>Nous voulons une Europe forte, libre de ses choix.<\/p>\n\n\n\n<p class=\"wp-block-paragraph\">C\u2019est cela, le <strong>souverainisme \u00e9clair\u00e9<\/strong> que d\u00e9fend notre mouvement.<\/p>\n\n\n\n<p class=\"wp-block-paragraph\">Pendant trop longtemps, une partie de la classe politique a pr\u00e9f\u00e9r\u00e9 les postures morales aux solutions concr\u00e8tes. Pendant trop longtemps, on a culpabilis\u00e9 ceux qui demandaient simplement une chose : de l\u2019\u00e9nergie abordable pour faire tourner nos usines, nos transports, notre \u00e9conomie.<\/p>\n\n\n\n<p class=\"wp-block-paragraph\">Eh bien ce temps est termin\u00e9.<\/p>\n\n\n\n<p class=\"wp-block-paragraph\">Le <mark style=\"background-color:rgba(0, 0, 0, 0);color:#ff6900\" class=\"has-inline-color\">Mouvement Droite Moderniste<\/mark> porte une nouvelle voie :<br>une droite lucide, moderne, europ\u00e9enne et courageuse.<\/p>\n\n\n\n<p class=\"wp-block-paragraph\">Nous voulons une Europe qui prot\u00e8ge ses travailleurs.<br>Une Europe qui d\u00e9fend son industrie.<br>Une Europe qui refuse de s\u2019appauvrir par id\u00e9ologie.<\/p>\n\n\n\n<p class=\"wp-block-paragraph\">Mes amis, retenez cette id\u00e9e simple :<\/p>\n\n\n\n<p class=\"wp-block-paragraph\"><strong>Un continent qui renonce \u00e0 son \u00e9nergie renonce \u00e0 sa puissance.<\/strong><\/p>\n\n\n\n<p class=\"wp-block-paragraph\">Et nous, nous refusons ce d\u00e9clin.<\/p>\n\n\n\n<p class=\"wp-block-paragraph\">Alors levons-nous pour le r\u00e9alisme, pour la prosp\u00e9rit\u00e9, pour l\u2019avenir.<\/p>\n\n\n\n<p class=\"wp-block-paragraph\">Parce que l\u2019Europe m\u00e9rite mieux que l\u2019affaiblissement volontaire.<br>Parce que la Belgique m\u00e9rite mieux que des factures qui explosent.<br>Parce que notre g\u00e9n\u00e9ration doit avoir le courage de corriger les erreurs.<\/p>\n\n\n\n<p class=\"wp-block-paragraph\">Et ensemble, nous le ferons.<\/p>\n\n\n\n<p class=\"wp-block-paragraph\"><strong>Stop au suicide \u00e9conomique.<\/strong><strong><br>Place au r\u00e9alisme.<br>Place \u00e0 une droite moderne.<\/strong><\/p>\n","protected":false},"excerpt":{"rendered":"<p>Mes amis, Regardons la r\u00e9alit\u00e9 en face.Aujourd\u2019hui, en Europe, des usines ferment, des entreprises vacillent, des familles s\u2019inqui\u00e8tent pour leur emploi. Pourquoi ? Parce que le prix de l\u2019\u00e9nergie explose, parce que notre continent a choisi de se priver lui-m\u00eame de solutions qui existaient. Le Mouvement Droite Moderniste pose une question simple, que beaucoup n\u2019osent [&hellip;]<\/p>\n","protected":false},"author":1,"featured_media":0,"comment_status":"open","ping_status":"open","sticky":false,"template":"","format":"standard","meta":{"_monsterinsights_skip_tracking":false,"_uf_show_specific_survey":0,"_uf_disable_surveys":false,"footnotes":""},"categories":[31,55],"tags":[],"class_list":["post-2733","post","type-post","status-publish","format-standard","hentry","category-economie","category-souverainisme-europeen"],"_links":{"self":[{"href":"https:\/\/droitemoderniste.be\/index.php\/wp-json\/wp\/v2\/posts\/2733","targetHints":{"allow":["GET"]}}],"collection":[{"href":"https:\/\/droitemoderniste.be\/index.php\/wp-json\/wp\/v2\/posts"}],"about":[{"href":"https:\/\/droitemoderniste.be\/index.php\/wp-json\/wp\/v2\/types\/post"}],"author":[{"embeddable":true,"href":"https:\/\/droitemoderniste.be\/index.php\/wp-json\/wp\/v2\/users\/1"}],"replies":[{"embeddable":true,"href":"https:\/\/droitemoderniste.be\/index.php\/wp-json\/wp\/v2\/comments?post=2733"}],"version-history":[{"count":1,"href":"https:\/\/droitemoderniste.be\/index.php\/wp-json\/wp\/v2\/posts\/2733\/revisions"}],"predecessor-version":[{"id":2735,"href":"https:\/\/droitemoderniste.be\/index.php\/wp-json\/wp\/v2\/posts\/2733\/revisions\/2735"}],"wp:attachment":[{"href":"https:\/\/droitemoderniste.be\/index.php\/wp-json\/wp\/v2\/media?parent=2733"}],"wp:term":[{"taxonomy":"category","embeddable":true,"href":"https:\/\/droitemoderniste.be\/index.php\/wp-json\/wp\/v2\/categories?post=2733"},{"taxonomy":"post_tag","embeddable":true,"href":"https:\/\/droitemoderniste.be\/index.php\/wp-json\/wp\/v2\/tags?post=2733"}],"curies":[{"name":"wp","href":"https:\/\/api.w.org\/{rel}","templated":true}]}}