{"id":2730,"date":"2026-03-18T14:07:08","date_gmt":"2026-03-18T13:07:08","guid":{"rendered":"https:\/\/droitemoderniste.be\/?p=2730"},"modified":"2026-03-18T14:07:08","modified_gmt":"2026-03-18T13:07:08","slug":"pour-le-maintien-et-lavenir-des-repas-gratuits-a-lecole","status":"publish","type":"post","link":"https:\/\/droitemoderniste.be\/index.php\/2026\/03\/18\/pour-le-maintien-et-lavenir-des-repas-gratuits-a-lecole\/","title":{"rendered":"Pour le maintien et l&rsquo;avenir des repas gratuits \u00e0 l&rsquo;\u00e9cole"},"content":{"rendered":"\n<figure class=\"wp-block-image size-full\"><img loading=\"lazy\" decoding=\"async\" width=\"275\" height=\"183\" src=\"https:\/\/droitemoderniste.be\/wp-content\/uploads\/2026\/03\/repas-gratuits2.jpg\" alt=\"\" class=\"wp-image-2731\"\/><\/figure>\n\n\n\n<p class=\"wp-block-paragraph\">Mesdames et Messieurs,<br>Chers enseignants, chers parents, chers acteurs de la jeunesse,<\/p>\n\n\n\n<p class=\"wp-block-paragraph\">Au <strong><mark style=\"background-color:rgba(0, 0, 0, 0);color:#ff6900\" class=\"has-inline-color\">Mouvement Droite Moderniste<\/mark><\/strong>, nous croyons en une id\u00e9e simple mais essentielle : une soci\u00e9t\u00e9 moderne se juge \u00e0 la mani\u00e8re dont elle prend soin de ses enfants.<\/p>\n\n\n\n<p class=\"wp-block-paragraph\">Aujourd\u2019hui, dans de nombreuses \u00e9coles de la <strong>F\u00e9d\u00e9ration Wallonie-Bruxelles<\/strong>, un projet concret et profond\u00e9ment humain a vu le jour : offrir des <strong>repas gratuits et \u00e9quilibr\u00e9s<\/strong> aux \u00e9l\u00e8ves. Ce projet n\u2019est pas un luxe. Il est une n\u00e9cessit\u00e9 sociale, \u00e9ducative et sanitaire.<\/p>\n\n\n\n<p class=\"wp-block-paragraph\">Car un enfant qui a faim ne peut pas apprendre correctement.<br>Un enfant qui mange mal ne peut pas se d\u00e9velopper pleinement.<br>Et une \u00e9cole qui ignore ces r\u00e9alit\u00e9s laisse s\u2019installer des in\u00e9galit\u00e9s d\u00e8s le plus jeune \u00e2ge.<\/p>\n\n\n\n<p class=\"wp-block-paragraph\">C\u2019est pourquoi le <strong><mark style=\"background-color:rgba(0, 0, 0, 0);color:#ff6900\" class=\"has-inline-color\">Mouvement Droite Moderniste<\/mark> (<mark style=\"background-color:rgba(0, 0, 0, 0);color:#ff6900\" class=\"has-inline-color\">MDM<\/mark>)<\/strong> affirme aujourd\u2019hui clairement son soutien au <strong>maintien de la politique de repas gratuits dans les \u00e9coles d\u00e9j\u00e0 engag\u00e9es dans ce projet<\/strong>.<\/p>\n\n\n\n<p class=\"wp-block-paragraph\">Nous ne partons pas seuls dans ce combat. Pr\u00e8s de <strong>50 organisations actives dans les domaines de la jeunesse, de l\u2019alimentation et de l\u2019enseignement<\/strong> ont lanc\u00e9 un appel au gouvernement pour pr\u00e9server ce dispositif essentiel. Leur mobilisation montre que cette politique d\u00e9passe les clivages et r\u00e9pond \u00e0 un besoin r\u00e9el du terrain.<\/p>\n\n\n\n<p class=\"wp-block-paragraph\">Le <strong><mark style=\"background-color:rgba(0, 0, 0, 0);color:#ff6900\" class=\"has-inline-color\">MDM<\/mark> se tient \u00e0 leurs c\u00f4t\u00e9s<\/strong>.<\/p>\n\n\n\n<p class=\"wp-block-paragraph\">Parce que d\u00e9fendre les repas gratuits \u00e0 l\u2019\u00e9cole, ce n\u2019est pas promouvoir l\u2019assistanat.<br>C\u2019est investir dans <strong>l\u2019\u00e9galit\u00e9 des chances<\/strong>.<br>C\u2019est soutenir les <strong>familles qui travaillent<\/strong>.<br>C\u2019est promouvoir une <strong>alimentation saine et locale<\/strong>.<br>Et c\u2019est renforcer le r\u00f4le social de l\u2019\u00e9cole.<\/p>\n\n\n\n<p class=\"wp-block-paragraph\">Pour nous, cette politique s\u2019inscrit pleinement dans notre vision d\u2019une <strong>droite moderne<\/strong> :<br>une droite qui conjugue responsabilit\u00e9 et justice sociale,<br>une droite qui prot\u00e8ge l\u2019enfance,<br>une droite qui investit dans l\u2019avenir.<\/p>\n\n\n\n<p class=\"wp-block-paragraph\">Nous appelons donc le gouvernement de la <strong>F\u00e9d\u00e9ration Wallonie-Bruxelles<\/strong> \u00e0 <strong>pr\u00e9server les repas gratuits dans toutes les \u00e9coles d\u00e9j\u00e0 inscrites dans le programme<\/strong> et \u00e0 travailler avec les communes, les \u00e9coles et les acteurs associatifs pour am\u00e9liorer ce dispositif.<\/p>\n\n\n\n<p class=\"wp-block-paragraph\">Car au-del\u00e0 d\u2019un repas, c\u2019est un message que nous envoyons :<br>celui d\u2019une soci\u00e9t\u00e9 qui refuse que la r\u00e9ussite scolaire d\u00e9pende du contenu du frigo familial.<\/p>\n\n\n\n<p class=\"wp-block-paragraph\">Au <strong><mark style=\"background-color:rgba(0, 0, 0, 0);color:#ff6900\" class=\"has-inline-color\">Mouvement Droite Moderniste<\/mark><\/strong>, nous voulons une Belgique o\u00f9 chaque enfant commence sa journ\u00e9e avec les m\u00eames chances.<br>Une Belgique o\u00f9 l\u2019\u00e9cole nourrit les esprits\u2026 mais aussi les corps.<\/p>\n\n\n\n<p class=\"wp-block-paragraph\">Parce qu\u2019une nation forte commence toujours par <strong>des enfants qui grandissent dignement<\/strong>. Et c\u2019est cela,<br><strong>l\u2019audace d\u2019une droite moderne<\/strong>.<\/p>\n","protected":false},"excerpt":{"rendered":"<p>Mesdames et Messieurs,Chers enseignants, chers parents, chers acteurs de la jeunesse, Au Mouvement Droite Moderniste, nous croyons en une id\u00e9e simple mais essentielle : une soci\u00e9t\u00e9 moderne se juge \u00e0 la mani\u00e8re dont elle prend soin de ses enfants. Aujourd\u2019hui, dans de nombreuses \u00e9coles de la F\u00e9d\u00e9ration Wallonie-Bruxelles, un projet concret et profond\u00e9ment humain a [&hellip;]<\/p>\n","protected":false},"author":1,"featured_media":0,"comment_status":"open","ping_status":"open","sticky":false,"template":"","format":"standard","meta":{"_monsterinsights_skip_tracking":false,"_uf_show_specific_survey":0,"_uf_disable_surveys":false,"footnotes":""},"categories":[37,24],"tags":[],"class_list":["post-2730","post","type-post","status-publish","format-standard","hentry","category-ecole","category-justice-sociale"],"_links":{"self":[{"href":"https:\/\/droitemoderniste.be\/index.php\/wp-json\/wp\/v2\/posts\/2730","targetHints":{"allow":["GET"]}}],"collection":[{"href":"https:\/\/droitemoderniste.be\/index.php\/wp-json\/wp\/v2\/posts"}],"about":[{"href":"https:\/\/droitemoderniste.be\/index.php\/wp-json\/wp\/v2\/types\/post"}],"author":[{"embeddable":true,"href":"https:\/\/droitemoderniste.be\/index.php\/wp-json\/wp\/v2\/users\/1"}],"replies":[{"embeddable":true,"href":"https:\/\/droitemoderniste.be\/index.php\/wp-json\/wp\/v2\/comments?post=2730"}],"version-history":[{"count":1,"href":"https:\/\/droitemoderniste.be\/index.php\/wp-json\/wp\/v2\/posts\/2730\/revisions"}],"predecessor-version":[{"id":2732,"href":"https:\/\/droitemoderniste.be\/index.php\/wp-json\/wp\/v2\/posts\/2730\/revisions\/2732"}],"wp:attachment":[{"href":"https:\/\/droitemoderniste.be\/index.php\/wp-json\/wp\/v2\/media?parent=2730"}],"wp:term":[{"taxonomy":"category","embeddable":true,"href":"https:\/\/droitemoderniste.be\/index.php\/wp-json\/wp\/v2\/categories?post=2730"},{"taxonomy":"post_tag","embeddable":true,"href":"https:\/\/droitemoderniste.be\/index.php\/wp-json\/wp\/v2\/tags?post=2730"}],"curies":[{"name":"wp","href":"https:\/\/api.w.org\/{rel}","templated":true}]}}