{"id":2726,"date":"2026-03-17T14:15:04","date_gmt":"2026-03-17T13:15:04","guid":{"rendered":"https:\/\/droitemoderniste.be\/?p=2726"},"modified":"2026-03-17T14:15:04","modified_gmt":"2026-03-17T13:15:04","slug":"pour-sauver-lindustrie-europeenne-retrouvons-le-realisme","status":"publish","type":"post","link":"https:\/\/droitemoderniste.be\/index.php\/2026\/03\/17\/pour-sauver-lindustrie-europeenne-retrouvons-le-realisme\/","title":{"rendered":"Pour sauver l&rsquo;industrie europ\u00e9enne, retrouvons le r\u00e9alisme"},"content":{"rendered":"\n<figure class=\"wp-block-image size-full\"><img loading=\"lazy\" decoding=\"async\" width=\"284\" height=\"177\" src=\"https:\/\/droitemoderniste.be\/wp-content\/uploads\/2026\/03\/Bart-De-Wever-0.jpg\" alt=\"\" class=\"wp-image-2727\"\/><\/figure>\n\n\n\n<figure class=\"wp-block-image size-full\"><img loading=\"lazy\" decoding=\"async\" width=\"277\" height=\"182\" src=\"https:\/\/droitemoderniste.be\/wp-content\/uploads\/2026\/03\/poutine.jpg\" alt=\"\" class=\"wp-image-2728\"\/><\/figure>\n\n\n\n<p class=\"wp-block-paragraph\">Chers amis,<br>Chers militants du Mouvement Droite Moderniste,<\/p>\n\n\n\n<p class=\"wp-block-paragraph\">L\u2019Europe, notre Europe, que nous avons voulue forte, libre et prosp\u00e8re, s\u2019\u00e9teint \u00e0 petit feu. Son industrie se d\u00e9lite, ses emplois disparaissent, et son \u00e9nergie devient un luxe. Cet affaiblissement n\u2019est pas une fatalit\u00e9 : c\u2019est le r\u00e9sultat d\u2019un choix politique, d\u2019un aveuglement strat\u00e9gique.<\/p>\n\n\n\n<p class=\"wp-block-paragraph\">Depuis quatre ans, les d\u00e9cideurs de Bruxelles ont pr\u00e9f\u00e9r\u00e9 l\u2019id\u00e9ologie \u00e0 la raison. Ils ont coup\u00e9 les ponts avec la Russie \u2014 jadis notre partenaire \u00e9nerg\u00e9tique naturel \u2014 sans alternative cr\u00e9dible. Le dogme a remplac\u00e9 la diplomatie, et <strong>l\u2019utopie a pris le pas sur le r\u00e9alisme<\/strong>.<\/p>\n\n\n\n<p class=\"wp-block-paragraph\">Le r\u00e9sultat\u202f?<\/p>\n\n\n\n<p class=\"wp-block-paragraph\">Des factures d\u2019\u00e9nergie qui flambent. Des usines qui ferment. Des agriculteurs \u00e9trangl\u00e9s par le co\u00fbt des engrais. Des travailleurs d\u00e9courag\u00e9s. Et un continent tout entier qui transf\u00e8re sa puissance industrielle vers les \u00c9tats-Unis et la Chine. Voil\u00e0 o\u00f9 nous en sommes.<\/p>\n\n\n\n<p class=\"wp-block-paragraph\">\u00c0 vouloir punir la Russie, <strong>les technocrates europ\u00e9ens ont puni l\u2019Europe<\/strong>. Ils ont puni nos entreprises, nos familles, notre avenir.<\/p>\n\n\n\n<p class=\"wp-block-paragraph\">Au <mark style=\"background-color:rgba(0, 0, 0, 0);color:#ff6900\" class=\"has-inline-color\">MDM<\/mark>, nous refusons cette logique du renoncement. Nous refusons de voir notre continent devenir un mus\u00e9e pour touristes am\u00e9ricains financ\u00e9 par l\u2019\u00e9nergie asiatique.<\/p>\n\n\n\n<p class=\"wp-block-paragraph\">Nous affirmons, haut et fort, qu\u2019<strong>il est temps de renouer des relations normales, \u00e9quilibr\u00e9es et pragmatiques avec la Russie<\/strong> \u2014 non pas par sympathie, mais par lucidit\u00e9. Parce qu\u2019un continent sans \u00e9nergie bon march\u00e9 ne produit plus, ne vend plus, ne vit plus.<\/p>\n\n\n\n<p class=\"wp-block-paragraph\">Reprenons le contr\u00f4le de notre souverainet\u00e9 \u00e9nerg\u00e9tique. Retrouvons nos partenaires naturels. D\u00e9fendons nos int\u00e9r\u00eats, sans complexe, sans d\u00e9pendance, sans tutelle.<\/p>\n\n\n\n<p class=\"wp-block-paragraph\">L\u2019Europe ne doit pas se soumettre aux injonctions de Washington ni s\u2019enfermer dans une hostilit\u00e9 st\u00e9rile \u00e0 l\u2019Est. Elle doit redevenir une puissance d\u2019\u00e9quilibre, capable de parler \u00e0 tous les p\u00f4les du monde.<\/p>\n\n\n\n<p class=\"wp-block-paragraph\">C\u2019est cela, la modernit\u00e9 politique\u202f: un r\u00e9alisme lucide, une diplomatie adulte, une \u00e9conomie enracin\u00e9e dans nos capacit\u00e9s r\u00e9elles, pas dans les sermons moraux.<\/p>\n\n\n\n<p class=\"wp-block-paragraph\">Le <mark style=\"background-color:rgba(0, 0, 0, 0);color:#ff6900\" class=\"has-inline-color\">Mouvement Droite Moderniste<\/mark> porte cette conviction\u202f: la souverainet\u00e9, ce n\u2019est pas s\u2019isoler, c\u2019est choisir librement ses alliances.<\/p>\n\n\n\n<p class=\"wp-block-paragraph\">C\u2019est par ce r\u00e9alisme que l\u2019Europe retrouvera sa grandeur.<br>C\u2019est par cette audace que la Belgique redeviendra un moteur, et non un suiveur.<br>Et c\u2019est par cette volont\u00e9 que nous sauverons l\u2019industrie, les emplois et la dignit\u00e9 de notre continent.<\/p>\n\n\n\n<p class=\"wp-block-paragraph\">Mes amis, l\u2019avenir appartient \u00e0 ceux qui osent regarder le r\u00e9el sans trembler.<br><strong>Le <mark style=\"background-color:rgba(0, 0, 0, 0);color:#ff6900\" class=\"has-inline-color\">MDM<\/mark> choisit le courage du r\u00e9el, le courage du concret, le courage du renouveau.<\/strong><\/p>\n\n\n\n<p class=\"wp-block-paragraph\">Ensemble, remettons l\u2019Europe sur ses pieds.<br>Ensemble, rendons-lui la force de produire, la libert\u00e9 de commercer, et la fiert\u00e9 de d\u00e9cider.<\/p>\n\n\n\n<p class=\"wp-block-paragraph\">Vive la Belgique moderne,<br>Vive l\u2019Europe des nations,<br>Et vive le Mouvement Droite Moderniste\u202f!<\/p>\n","protected":false},"excerpt":{"rendered":"<p>Chers amis,Chers militants du Mouvement Droite Moderniste, L\u2019Europe, notre Europe, que nous avons voulue forte, libre et prosp\u00e8re, s\u2019\u00e9teint \u00e0 petit feu. Son industrie se d\u00e9lite, ses emplois disparaissent, et son \u00e9nergie devient un luxe. Cet affaiblissement n\u2019est pas une fatalit\u00e9 : c\u2019est le r\u00e9sultat d\u2019un choix politique, d\u2019un aveuglement strat\u00e9gique. Depuis quatre ans, les [&hellip;]<\/p>\n","protected":false},"author":1,"featured_media":0,"comment_status":"open","ping_status":"open","sticky":false,"template":"","format":"standard","meta":{"_monsterinsights_skip_tracking":false,"_uf_show_specific_survey":0,"_uf_disable_surveys":false,"footnotes":""},"categories":[47,55,41],"tags":[],"class_list":["post-2726","post","type-post","status-publish","format-standard","hentry","category-souverainisme","category-souverainisme-europeen","category-union-europeenne"],"_links":{"self":[{"href":"https:\/\/droitemoderniste.be\/index.php\/wp-json\/wp\/v2\/posts\/2726","targetHints":{"allow":["GET"]}}],"collection":[{"href":"https:\/\/droitemoderniste.be\/index.php\/wp-json\/wp\/v2\/posts"}],"about":[{"href":"https:\/\/droitemoderniste.be\/index.php\/wp-json\/wp\/v2\/types\/post"}],"author":[{"embeddable":true,"href":"https:\/\/droitemoderniste.be\/index.php\/wp-json\/wp\/v2\/users\/1"}],"replies":[{"embeddable":true,"href":"https:\/\/droitemoderniste.be\/index.php\/wp-json\/wp\/v2\/comments?post=2726"}],"version-history":[{"count":1,"href":"https:\/\/droitemoderniste.be\/index.php\/wp-json\/wp\/v2\/posts\/2726\/revisions"}],"predecessor-version":[{"id":2729,"href":"https:\/\/droitemoderniste.be\/index.php\/wp-json\/wp\/v2\/posts\/2726\/revisions\/2729"}],"wp:attachment":[{"href":"https:\/\/droitemoderniste.be\/index.php\/wp-json\/wp\/v2\/media?parent=2726"}],"wp:term":[{"taxonomy":"category","embeddable":true,"href":"https:\/\/droitemoderniste.be\/index.php\/wp-json\/wp\/v2\/categories?post=2726"},{"taxonomy":"post_tag","embeddable":true,"href":"https:\/\/droitemoderniste.be\/index.php\/wp-json\/wp\/v2\/tags?post=2726"}],"curies":[{"name":"wp","href":"https:\/\/api.w.org\/{rel}","templated":true}]}}