{"id":2723,"date":"2026-03-16T11:32:00","date_gmt":"2026-03-16T10:32:00","guid":{"rendered":"https:\/\/droitemoderniste.be\/?p=2723"},"modified":"2026-03-16T11:32:00","modified_gmt":"2026-03-16T10:32:00","slug":"pour-sauver-lindustrie-europeenne-renouons-avec-la-russie","status":"publish","type":"post","link":"https:\/\/droitemoderniste.be\/index.php\/2026\/03\/16\/pour-sauver-lindustrie-europeenne-renouons-avec-la-russie\/","title":{"rendered":"Pour sauver l&rsquo;industrie europ\u00e9enne, renouons avec la Russie"},"content":{"rendered":"\n<figure class=\"wp-block-image size-full\"><img loading=\"lazy\" decoding=\"async\" width=\"300\" height=\"168\" src=\"https:\/\/droitemoderniste.be\/wp-content\/uploads\/2026\/03\/Bart-et-Poutine.jpg\" alt=\"\" class=\"wp-image-2724\"\/><\/figure>\n\n\n\n<p class=\"wp-block-paragraph\">Chers amis,<\/p>\n\n\n\n<p class=\"wp-block-paragraph\">Chers concitoyens,<\/p>\n\n\n\n<p class=\"wp-block-paragraph\">L\u2019industrie europ\u00e9enne se meurt. Lentement, silencieusement, mais s\u00fbrement. Et si nous ne changeons rien, demain, ce sera tout le socle de notre prosp\u00e9rit\u00e9, de notre ind\u00e9pendance, et de notre puissance qui dispara\u00eetra.<\/p>\n\n\n\n<p class=\"wp-block-paragraph\">Depuis quatre ans, des usines ferment, des entreprises s\u2019exilent, des ouvriers se d\u00e9sesp\u00e8rent. Les factures explosent, les cha\u00eenes de production s\u2019effondrent, et pendant ce temps-l\u00e0, nos dirigeants pr\u00e9tendent sauver le climat en ruinant nos emplois.<\/p>\n\n\n\n<p class=\"wp-block-paragraph\">Ce sont eux, oui, ce sont eux qui ont d\u00e9cid\u00e9, au nom d\u2019une morale sans horizon, de couper les ponts avec la Russie \u2014 jadis notre principal fournisseur de p\u00e9trole, de gaz, d\u2019engrais et de mati\u00e8res nucl\u00e9aires.<\/p>\n\n\n\n<p class=\"wp-block-paragraph\">Le r\u00e9sultat, nous le connaissons : une comp\u00e9titivit\u00e9 en berne, des factures \u00e9nerg\u00e9tiques d\u00e9lirantes, une inflation qui d\u00e9vore les salaires et un tissu industriel qui s\u2019effrite jour apr\u00e8s jour.<\/p>\n\n\n\n<p class=\"wp-block-paragraph\">Mes amis, \u00e0 vouloir punir la Russie, <strong>c\u2019est l\u2019Europe que nous avons punie.<\/strong><\/p>\n\n\n\n<p class=\"wp-block-paragraph\">Qui a profit\u00e9 de ces sanctions\u202f? Pas nos travailleurs. Pas nos agriculteurs. Pas nos entrepreneurs. Non\u202f: ce sont les \u00c9tats-Unis, devenus nos nouveaux fournisseurs de gaz liqu\u00e9fi\u00e9 au prix fort\u202f! Ce sont les g\u00e9ants asiatiques, qui r\u00e9cup\u00e8rent nos parts de march\u00e9 pendant que nous d\u00e9battons d\u2019embargo et de vert vertueux.<\/p>\n\n\n\n<p class=\"wp-block-paragraph\">Est-ce cela, la souverainet\u00e9 europ\u00e9enne\u202f? D\u00e9pendre de Washington pour notre \u00e9nergie, de P\u00e9kin pour nos m\u00e9taux, et d\u2019Ankara pour nos fronti\u00e8res\u202f?<\/p>\n\n\n\n<p class=\"wp-block-paragraph\">Non, mes amis\u202f! La souverainet\u00e9, la vraie, c\u2019est de pouvoir choisir ses partenariats selon ses int\u00e9r\u00eats, non selon les dogmes impos\u00e9s par d\u2019autres.<\/p>\n\n\n\n<p class=\"wp-block-paragraph\">Renouer un dialogue \u00e9conomique \u00e9quilibr\u00e9 avec la Russie, ce n\u2019est pas renoncer \u00e0 nos valeurs, c\u2019est <strong>retrouver notre bon sens<\/strong>, c\u2019est redonner un souffle \u00e0 notre industrie, c\u2019est redonner de l\u2019oxyg\u00e8ne \u00e0 notre \u00e9conomie r\u00e9elle.<\/p>\n\n\n\n<p class=\"wp-block-paragraph\">L\u2019Europe doit redevenir une puissance d\u2019\u00e9quilibre, capable de parler \u00e0 tous, d\u2019\u00e9changer avec tous, sans na\u00efvet\u00e9 mais sans haine.<\/p>\n\n\n\n<p class=\"wp-block-paragraph\">Souvenons-nous de Willy Brandt, et de son Ostpolitik. En pleine guerre froide, il a su faire de la coop\u00e9ration un instrument de paix et de prosp\u00e9rit\u00e9.<\/p>\n\n\n\n<p class=\"wp-block-paragraph\">Aujourd\u2019hui, il nous faut cette m\u00eame audace, cette m\u00eame lucidit\u00e9, cette m\u00eame <em>realpolitik europ\u00e9enne<\/em>.<\/p>\n\n\n\n<p class=\"wp-block-paragraph\">Car sans industrie, l\u2019Europe ne sera plus qu\u2019un mus\u00e9e du monde. Sans \u00e9nergie abordable, elle ne sera plus qu\u2019un march\u00e9 captif pour les autres. Et sans courage politique, elle cessera tout simplement d\u2019exister.<\/p>\n\n\n\n<p class=\"wp-block-paragraph\">Alors, oui, je vous le dis ici, devant vous, devant l\u2019Histoire\u202f: <strong>pour sauver l\u2019industrie europ\u00e9enne, il faut renouer le dialogue avec la Russie\u202f!<\/strong><\/p>\n\n\n\n<p class=\"wp-block-paragraph\">Il faut cesser de choisir la punition quand notre survie exige la raison.<\/p>\n\n\n\n<p class=\"wp-block-paragraph\">Il faut rendre \u00e0 l\u2019Europe le droit de d\u00e9cider pour elle-m\u00eame.<\/p>\n\n\n\n<p class=\"wp-block-paragraph\">Et ce combat-l\u00e0, mes amis, c\u2019est celui de tous ceux qui croient encore que notre continent peut \u00eatre ma\u00eetre de son destin.<\/p>\n\n\n\n<p class=\"wp-block-paragraph\">Merci.<\/p>\n","protected":false},"excerpt":{"rendered":"<p>Chers amis, Chers concitoyens, L\u2019industrie europ\u00e9enne se meurt. Lentement, silencieusement, mais s\u00fbrement. Et si nous ne changeons rien, demain, ce sera tout le socle de notre prosp\u00e9rit\u00e9, de notre ind\u00e9pendance, et de notre puissance qui dispara\u00eetra. Depuis quatre ans, des usines ferment, des entreprises s\u2019exilent, des ouvriers se d\u00e9sesp\u00e8rent. Les factures explosent, les cha\u00eenes de [&hellip;]<\/p>\n","protected":false},"author":1,"featured_media":0,"comment_status":"open","ping_status":"open","sticky":false,"template":"","format":"standard","meta":{"_monsterinsights_skip_tracking":false,"_uf_show_specific_survey":0,"_uf_disable_surveys":false,"footnotes":""},"categories":[55,41],"tags":[],"class_list":["post-2723","post","type-post","status-publish","format-standard","hentry","category-souverainisme-europeen","category-union-europeenne"],"_links":{"self":[{"href":"https:\/\/droitemoderniste.be\/index.php\/wp-json\/wp\/v2\/posts\/2723","targetHints":{"allow":["GET"]}}],"collection":[{"href":"https:\/\/droitemoderniste.be\/index.php\/wp-json\/wp\/v2\/posts"}],"about":[{"href":"https:\/\/droitemoderniste.be\/index.php\/wp-json\/wp\/v2\/types\/post"}],"author":[{"embeddable":true,"href":"https:\/\/droitemoderniste.be\/index.php\/wp-json\/wp\/v2\/users\/1"}],"replies":[{"embeddable":true,"href":"https:\/\/droitemoderniste.be\/index.php\/wp-json\/wp\/v2\/comments?post=2723"}],"version-history":[{"count":1,"href":"https:\/\/droitemoderniste.be\/index.php\/wp-json\/wp\/v2\/posts\/2723\/revisions"}],"predecessor-version":[{"id":2725,"href":"https:\/\/droitemoderniste.be\/index.php\/wp-json\/wp\/v2\/posts\/2723\/revisions\/2725"}],"wp:attachment":[{"href":"https:\/\/droitemoderniste.be\/index.php\/wp-json\/wp\/v2\/media?parent=2723"}],"wp:term":[{"taxonomy":"category","embeddable":true,"href":"https:\/\/droitemoderniste.be\/index.php\/wp-json\/wp\/v2\/categories?post=2723"},{"taxonomy":"post_tag","embeddable":true,"href":"https:\/\/droitemoderniste.be\/index.php\/wp-json\/wp\/v2\/tags?post=2723"}],"curies":[{"name":"wp","href":"https:\/\/api.w.org\/{rel}","templated":true}]}}