{"id":2720,"date":"2026-03-15T09:18:12","date_gmt":"2026-03-15T08:18:12","guid":{"rendered":"https:\/\/droitemoderniste.be\/?p=2720"},"modified":"2026-03-15T09:18:12","modified_gmt":"2026-03-15T08:18:12","slug":"pour-des-repas-gratuits-a-lecole","status":"publish","type":"post","link":"https:\/\/droitemoderniste.be\/index.php\/2026\/03\/15\/pour-des-repas-gratuits-a-lecole\/","title":{"rendered":"Pour des repas gratuits \u00e0 l&rsquo;\u00e9cole"},"content":{"rendered":"\n<figure class=\"wp-block-image size-full\"><img loading=\"lazy\" decoding=\"async\" width=\"300\" height=\"168\" src=\"https:\/\/droitemoderniste.be\/wp-content\/uploads\/2026\/03\/repas-gratuits1.jpg\" alt=\"\" class=\"wp-image-2721\"\/><\/figure>\n\n\n\n<p class=\"wp-block-paragraph\">Chers concitoyens,<br>Chers parents, enseignants et acteurs de l\u2019\u00e9ducation,<\/p>\n\n\n\n<p class=\"wp-block-paragraph\">Offrir un repas chaud et \u00e9quilibr\u00e9 \u00e0 chaque enfant, chaque jour d\u2019\u00e9cole, ce n\u2019est pas un luxe. C\u2019est un acte de dignit\u00e9, de solidarit\u00e9 et de bon sens. Parce qu\u2019un enfant qui a faim n\u2019apprend pas bien. Parce qu\u2019une soci\u00e9t\u00e9 moderne ne tol\u00e8re pas que la r\u00e9ussite scolaire d\u00e9pende du contenu du frigo \u00e0 la maison.<\/p>\n\n\n\n<p class=\"wp-block-paragraph\">Le <mark style=\"background-color:rgba(0, 0, 0, 0);color:#ff6900\" class=\"has-inline-color\">Mouvement Droite Moderniste<\/mark> porte une vision claire\u202f: celle d\u2019un \u00c9tat efficace, juste et protecteur de ses enfants. Nous croyons qu\u2019investir dans la jeunesse, c\u2019est investir dans l\u2019avenir. La politique de <strong>repas gratuits \u00e0 l\u2019\u00e9cole<\/strong> n\u2019est pas une d\u00e9pense inutile, c\u2019est une politique intelligente, fond\u00e9e sur la pr\u00e9vention\u202f: pr\u00e9vention de la pauvret\u00e9, des in\u00e9galit\u00e9s et du d\u00e9crochage scolaire.<\/p>\n\n\n\n<p class=\"wp-block-paragraph\">C\u2019est pourquoi, aujourd\u2019hui, le <mark style=\"background-color:rgba(0, 0, 0, 0);color:#ff6900\" class=\"has-inline-color\">MDM<\/mark> <strong>soutient pleinement les pr\u00e8s de cinquante organisations actives dans le domaine de la jeunesse, de l\u2019alimentation et de l\u2019enseignement<\/strong>, qui appellent le gouvernement de la F\u00e9d\u00e9ration Wallonie-Bruxelles \u00e0 <strong>pr\u00e9server la politique de repas gratuits pour toutes les \u00e9coles d\u00e9j\u00e0 engag\u00e9es dans le projet<\/strong>. Nous partageons leur conviction que la coh\u00e9sion sociale et la r\u00e9ussite \u00e9ducative passent aussi par de tels gestes concrets.<\/p>\n\n\n\n<p class=\"wp-block-paragraph\">Garantir un repas sain \u00e0 l\u2019\u00e9cole, c\u2019est aussi une mani\u00e8re de <strong>renforcer nos circuits courts<\/strong>, de <strong>soutenir nos producteurs locaux<\/strong>, et de <strong>faire de nos cantines des lieux d\u2019\u00e9ducation au go\u00fbt, \u00e0 la sant\u00e9 et \u00e0 l\u2019environnement<\/strong>.<\/p>\n\n\n\n<p class=\"wp-block-paragraph\">Le <mark style=\"background-color:rgba(0, 0, 0, 0);color:#ff6900\" class=\"has-inline-color\">MDM<\/mark> veut porter cette cause au-del\u00e0 des clivages partisans\u202f: la justice sociale n\u2019est pas une question de gauche ou de droite. Elle est une question de responsabilit\u00e9 et de vision. Une droite moderne, c\u2019est une droite qui comprend que le progr\u00e8s social et l\u2019efficacit\u00e9 \u00e9conomique ne s\u2019opposent pas \u2014 ils se nourrissent mutuellement.<\/p>\n\n\n\n<p class=\"wp-block-paragraph\">Alors, oui, continuons ce projet. Oui, faisons des repas gratuits \u00e0 l\u2019\u00e9cole un pilier durable de notre mod\u00e8le \u00e9ducatif. Parce qu\u2019un enfant bien nourri, c\u2019est un \u00e9l\u00e8ve qui apprend mieux, un citoyen qui grandit mieux, et un pays qui s\u2019\u00e9l\u00e8ve plus haut.<\/p>\n\n\n\n<p class=\"wp-block-paragraph\">Vive notre jeunesse, vive une droite moderne, et vive la solidarit\u00e9 qui rassemble au lieu de diviser.<\/p>\n","protected":false},"excerpt":{"rendered":"<p>Chers concitoyens,Chers parents, enseignants et acteurs de l\u2019\u00e9ducation, Offrir un repas chaud et \u00e9quilibr\u00e9 \u00e0 chaque enfant, chaque jour d\u2019\u00e9cole, ce n\u2019est pas un luxe. C\u2019est un acte de dignit\u00e9, de solidarit\u00e9 et de bon sens. Parce qu\u2019un enfant qui a faim n\u2019apprend pas bien. Parce qu\u2019une soci\u00e9t\u00e9 moderne ne tol\u00e8re pas que la r\u00e9ussite [&hellip;]<\/p>\n","protected":false},"author":1,"featured_media":0,"comment_status":"open","ping_status":"open","sticky":false,"template":"","format":"standard","meta":{"_monsterinsights_skip_tracking":false,"_uf_show_specific_survey":0,"_uf_disable_surveys":false,"footnotes":""},"categories":[37,24],"tags":[],"class_list":["post-2720","post","type-post","status-publish","format-standard","hentry","category-ecole","category-justice-sociale"],"_links":{"self":[{"href":"https:\/\/droitemoderniste.be\/index.php\/wp-json\/wp\/v2\/posts\/2720","targetHints":{"allow":["GET"]}}],"collection":[{"href":"https:\/\/droitemoderniste.be\/index.php\/wp-json\/wp\/v2\/posts"}],"about":[{"href":"https:\/\/droitemoderniste.be\/index.php\/wp-json\/wp\/v2\/types\/post"}],"author":[{"embeddable":true,"href":"https:\/\/droitemoderniste.be\/index.php\/wp-json\/wp\/v2\/users\/1"}],"replies":[{"embeddable":true,"href":"https:\/\/droitemoderniste.be\/index.php\/wp-json\/wp\/v2\/comments?post=2720"}],"version-history":[{"count":1,"href":"https:\/\/droitemoderniste.be\/index.php\/wp-json\/wp\/v2\/posts\/2720\/revisions"}],"predecessor-version":[{"id":2722,"href":"https:\/\/droitemoderniste.be\/index.php\/wp-json\/wp\/v2\/posts\/2720\/revisions\/2722"}],"wp:attachment":[{"href":"https:\/\/droitemoderniste.be\/index.php\/wp-json\/wp\/v2\/media?parent=2720"}],"wp:term":[{"taxonomy":"category","embeddable":true,"href":"https:\/\/droitemoderniste.be\/index.php\/wp-json\/wp\/v2\/categories?post=2720"},{"taxonomy":"post_tag","embeddable":true,"href":"https:\/\/droitemoderniste.be\/index.php\/wp-json\/wp\/v2\/tags?post=2720"}],"curies":[{"name":"wp","href":"https:\/\/api.w.org\/{rel}","templated":true}]}}