{"id":2713,"date":"2026-03-11T14:14:50","date_gmt":"2026-03-11T13:14:50","guid":{"rendered":"https:\/\/droitemoderniste.be\/?p=2713"},"modified":"2026-03-11T14:14:50","modified_gmt":"2026-03-11T13:14:50","slug":"ensemble-protegeons-les-plus-faibles-sans-endetter-nos-enfants","status":"publish","type":"post","link":"https:\/\/droitemoderniste.be\/index.php\/2026\/03\/11\/ensemble-protegeons-les-plus-faibles-sans-endetter-nos-enfants\/","title":{"rendered":"Ensemble, prot\u00e9geons les plus faibles sans endetter nos enfants"},"content":{"rendered":"\n<figure class=\"wp-block-image size-full\"><img loading=\"lazy\" decoding=\"async\" width=\"660\" height=\"360\" src=\"https:\/\/droitemoderniste.be\/wp-content\/uploads\/2026\/03\/diminuer-sa-consommation-d-energie-impossible-pour-6-francais-sur-10.jpg\" alt=\"\" class=\"wp-image-2714\" srcset=\"https:\/\/droitemoderniste.be\/wp-content\/uploads\/2026\/03\/diminuer-sa-consommation-d-energie-impossible-pour-6-francais-sur-10.jpg 660w, https:\/\/droitemoderniste.be\/wp-content\/uploads\/2026\/03\/diminuer-sa-consommation-d-energie-impossible-pour-6-francais-sur-10-300x164.jpg 300w\" sizes=\"auto, (max-width: 660px) 100vw, 660px\" \/><\/figure>\n\n\n\n<p class=\"wp-block-paragraph\">Beaucoup de pensionn\u00e9s en Belgique vivent avec des revenus insuffisants pour couvrir logement, sant\u00e9 et \u00e9nergie.<br>Le <mark style=\"background-color:rgba(0, 0, 0, 0);color:#ff6900\" class=\"has-inline-color\">Mouvement Droite Moderniste<\/mark> agit : rehaussement des petites pensions, primes pour carri\u00e8res modestes, bouclier sant\u00e9, aides au logement et mobilit\u00e9, lutte contre les abus et arnaques.<br>Tout cela est financ\u00e9 <strong>sans d\u00e9ficit<\/strong>, gr\u00e2ce \u00e0 la lutte contre la fraude, \u00e0 la rationalisation des d\u00e9penses et \u00e0 une contribution \u00e9quitable des tr\u00e8s hauts revenus.<br>Nous pla\u00e7ons la <strong>dignit\u00e9 des seniors au c\u0153ur de notre action<\/strong>, tout en prot\u00e9geant l\u2019avenir de nos enfants.<br><\/p>\n\n\n\n<p class=\"wp-block-paragraph\">Pour une retraite digne, s\u00e9curis\u00e9e et responsable, rejoignez le <mark style=\"background-color:rgba(0, 0, 0, 0);color:#ff6900\" class=\"has-inline-color\">MDM<\/mark> !<br>\ud83d\udd17 www.droitemoderniste.be | @MModerniste<\/p>\n","protected":false},"excerpt":{"rendered":"<p>Beaucoup de pensionn\u00e9s en Belgique vivent avec des revenus insuffisants pour couvrir logement, sant\u00e9 et \u00e9nergie.Le Mouvement Droite Moderniste agit : rehaussement des petites pensions, primes pour carri\u00e8res modestes, bouclier sant\u00e9, aides au logement et mobilit\u00e9, lutte contre les abus et arnaques.Tout cela est financ\u00e9 sans d\u00e9ficit, gr\u00e2ce \u00e0 la lutte contre la fraude, \u00e0 [&hellip;]<\/p>\n","protected":false},"author":1,"featured_media":0,"comment_status":"open","ping_status":"open","sticky":false,"template":"","format":"standard","meta":{"_monsterinsights_skip_tracking":false,"_uf_show_specific_survey":0,"_uf_disable_surveys":false,"footnotes":""},"categories":[1],"tags":[],"class_list":["post-2713","post","type-post","status-publish","format-standard","hentry","category-immigration"],"_links":{"self":[{"href":"https:\/\/droitemoderniste.be\/index.php\/wp-json\/wp\/v2\/posts\/2713","targetHints":{"allow":["GET"]}}],"collection":[{"href":"https:\/\/droitemoderniste.be\/index.php\/wp-json\/wp\/v2\/posts"}],"about":[{"href":"https:\/\/droitemoderniste.be\/index.php\/wp-json\/wp\/v2\/types\/post"}],"author":[{"embeddable":true,"href":"https:\/\/droitemoderniste.be\/index.php\/wp-json\/wp\/v2\/users\/1"}],"replies":[{"embeddable":true,"href":"https:\/\/droitemoderniste.be\/index.php\/wp-json\/wp\/v2\/comments?post=2713"}],"version-history":[{"count":1,"href":"https:\/\/droitemoderniste.be\/index.php\/wp-json\/wp\/v2\/posts\/2713\/revisions"}],"predecessor-version":[{"id":2715,"href":"https:\/\/droitemoderniste.be\/index.php\/wp-json\/wp\/v2\/posts\/2713\/revisions\/2715"}],"wp:attachment":[{"href":"https:\/\/droitemoderniste.be\/index.php\/wp-json\/wp\/v2\/media?parent=2713"}],"wp:term":[{"taxonomy":"category","embeddable":true,"href":"https:\/\/droitemoderniste.be\/index.php\/wp-json\/wp\/v2\/categories?post=2713"},{"taxonomy":"post_tag","embeddable":true,"href":"https:\/\/droitemoderniste.be\/index.php\/wp-json\/wp\/v2\/tags?post=2713"}],"curies":[{"name":"wp","href":"https:\/\/api.w.org\/{rel}","templated":true}]}}