{"id":2710,"date":"2026-03-09T12:44:00","date_gmt":"2026-03-09T11:44:00","guid":{"rendered":"https:\/\/droitemoderniste.be\/?p=2710"},"modified":"2026-03-09T12:44:00","modified_gmt":"2026-03-09T11:44:00","slug":"pas-de-guerre-par-procuration-au-nom-des-belges","status":"publish","type":"post","link":"https:\/\/droitemoderniste.be\/index.php\/2026\/03\/09\/pas-de-guerre-par-procuration-au-nom-des-belges\/","title":{"rendered":"\u00ab\u00a0Pas de guerre par procuration au nom des Belges !\u00a0\u00bb"},"content":{"rendered":"\n<figure class=\"wp-block-image size-full\"><img loading=\"lazy\" decoding=\"async\" width=\"1024\" height=\"1024\" src=\"https:\/\/droitemoderniste.be\/wp-content\/uploads\/2026\/03\/Belgique-pas-a-vendre.png\" alt=\"\" class=\"wp-image-2711\" srcset=\"https:\/\/droitemoderniste.be\/wp-content\/uploads\/2026\/03\/Belgique-pas-a-vendre.png 1024w, https:\/\/droitemoderniste.be\/wp-content\/uploads\/2026\/03\/Belgique-pas-a-vendre-300x300.png 300w, https:\/\/droitemoderniste.be\/wp-content\/uploads\/2026\/03\/Belgique-pas-a-vendre-150x150.png 150w, https:\/\/droitemoderniste.be\/wp-content\/uploads\/2026\/03\/Belgique-pas-a-vendre-768x768.png 768w\" sizes=\"auto, (max-width: 1024px) 100vw, 1024px\" \/><\/figure>\n\n\n\n<p class=\"wp-block-paragraph\">Mesdames, Messieurs,<br>Militants du <mark style=\"background-color:rgba(0, 0, 0, 0);color:#ff6900\" class=\"has-inline-color\">Mouvement Droite Moderniste<\/mark> !<\/p>\n\n\n\n<p class=\"wp-block-paragraph\">On veut nous imposer le silence.<br>On veut nous imposer l\u2019\u00e9motion.<br>On veut nous imposer le \u201coui automatique\u201d.<\/p>\n\n\n\n<p class=\"wp-block-paragraph\">Mais ici, nous disons :<\/p>\n\n\n\n<p class=\"wp-block-paragraph\"><strong>LA BELGIQUE N\u2019EST PAS \u00c0 VENDRE !<\/strong><\/p>\n\n\n\n<hr class=\"wp-block-separator has-alpha-channel-opacity\"\/>\n\n\n\n<p class=\"wp-block-paragraph\"><strong>OTAN : on nous cache la v\u00e9rit\u00e9<\/strong><\/p>\n\n\n\n<p class=\"wp-block-paragraph\">L\u2019Organisation du trait\u00e9 de l&rsquo;Atlantique nord, ce n\u2019est pas un badge.<br>Ce n\u2019est pas un symbole.<br>C\u2019est un engagement militaire.<\/p>\n\n\n\n<p class=\"wp-block-paragraph\">Article 5.<br>Un pour tous. Tous pour un.<\/p>\n\n\n\n<p class=\"wp-block-paragraph\">L\u2019Ukraine est en guerre.<\/p>\n\n\n\n<p class=\"wp-block-paragraph\">Alors je vous pose la question :<\/p>\n\n\n\n<p class=\"wp-block-paragraph\"><strong>Qui ici veut envoyer des soldats belges dans une guerre directe contre une puissance nucl\u00e9aire ?<\/strong><\/p>\n\n\n\n<p class=\"wp-block-paragraph\">Qui a vot\u00e9 pour cela ?<br>Qui a demand\u00e9 votre avis ?<\/p>\n\n\n\n<p class=\"wp-block-paragraph\">On d\u00e9cide pour vous.<br>On engage votre s\u00e9curit\u00e9.<br>On risque votre avenir.<\/p>\n\n\n\n<p class=\"wp-block-paragraph\">Et nous devrions applaudir ?<\/p>\n\n\n\n<hr class=\"wp-block-separator has-alpha-channel-opacity\"\/>\n\n\n\n<p class=\"wp-block-paragraph\"><strong>Notre ligne est claire<\/strong><\/p>\n\n\n\n<p class=\"wp-block-paragraph\"><strong>SOUTIEN \u00c0 L\u2019UKRAINE \u2014 OUI !<\/strong><br><br><strong>ENGRENAGE MILITAIRE \u2014 NON !<\/strong><br><\/p>\n\n\n\n<p class=\"wp-block-paragraph\">La solidarit\u00e9 ne doit pas devenir de l\u2019inconscience.<\/p>\n\n\n\n<hr class=\"wp-block-separator has-alpha-channel-opacity\"\/>\n\n\n\n<p class=\"wp-block-paragraph\"><strong>Union europ\u00e9enne : la facture cach\u00e9e<\/strong><\/p>\n\n\n\n<p class=\"wp-block-paragraph\">On nous parle d\u2019adh\u00e9sion rapide \u00e0 l\u2019Union europ\u00e9enne.<\/p>\n\n\n\n<p class=\"wp-block-paragraph\">Mais qui paiera ?<\/p>\n\n\n\n<p class=\"wp-block-paragraph\">La Belgique est d\u00e9j\u00e0 endett\u00e9e.<br>Nos agriculteurs souffrent.<br>Nos finances sont sous tension.<\/p>\n\n\n\n<p class=\"wp-block-paragraph\">L\u2019Ukraine est un g\u00e9ant agricole.<\/p>\n\n\n\n<p class=\"wp-block-paragraph\">Son entr\u00e9e, c\u2019est :<\/p>\n\n\n\n<ul class=\"wp-block-list\">\n<li>Pression sur la politique agricole.<\/li>\n\n\n\n<li>Concurrence accrue.<\/li>\n\n\n\n<li>Milliards de transferts.<\/li>\n\n\n\n<li>R\u00e9partition des fonds europ\u00e9ens boulevers\u00e9e.<\/li>\n<\/ul>\n\n\n\n<p class=\"wp-block-paragraph\">Et on nous dit : \u201cNe posez pas de questions.\u201d<\/p>\n\n\n\n<p class=\"wp-block-paragraph\">Nous, au <mark style=\"background-color:rgba(0, 0, 0, 0);color:#ff6900\" class=\"has-inline-color\">MDM<\/mark>, nous disons :<\/p>\n\n\n\n<p class=\"wp-block-paragraph\"><strong>PAS D\u2019\u00c9LARGISSEMENT SANS R\u00c9FORME !<\/strong><br><\/p>\n\n\n\n<hr class=\"wp-block-separator has-alpha-channel-opacity\"\/>\n\n\n\n<p class=\"wp-block-paragraph\"><strong>La Belgique doit se r\u00e9veiller<\/strong><\/p>\n\n\n\n<p class=\"wp-block-paragraph\">Nous ne sommes pas une superpuissance.<br>Nous sommes un pays strat\u00e9gique, diplomatique, commer\u00e7ant.<\/p>\n\n\n\n<p class=\"wp-block-paragraph\">Notre force, c\u2019est la stabilit\u00e9.<\/p>\n\n\n\n<p class=\"wp-block-paragraph\">Pas l\u2019improvisation.<br>Pas la posture morale.<br>Pas le suivisme.<\/p>\n\n\n\n<p class=\"wp-block-paragraph\">Nous d\u00e9fendons un souverainisme \u00e9clair\u00e9 :<\/p>\n\n\n\n<p class=\"wp-block-paragraph\"><strong>COOP\u00c9RER \u2014 OUI !<\/strong><br><br><strong>S\u2019ALIGNER SANS R\u00c9FL\u00c9CHIR \u2014 NON !<\/strong><br><\/p>\n\n\n\n<hr class=\"wp-block-separator has-alpha-channel-opacity\"\/>\n\n\n\n<p class=\"wp-block-paragraph\"><strong>Ce que le <mark style=\"background-color:rgba(0, 0, 0, 0);color:#ff6900\" class=\"has-inline-color\">MDM<\/mark> propose<\/strong><\/p>\n\n\n\n<ul class=\"wp-block-list\">\n<li>Soutien \u00e9conomique massif.<\/li>\n\n\n\n<li>Aide militaire encadr\u00e9e.<\/li>\n\n\n\n<li>Partenariat renforc\u00e9.<\/li>\n\n\n\n<li>Adh\u00e9sion seulement apr\u00e8s la paix.<\/li>\n\n\n\n<li>R\u00e9forme de l\u2019Europe avant tout \u00e9largissement.<\/li>\n<\/ul>\n\n\n\n<p class=\"wp-block-paragraph\">Parce que nous voulons :<\/p>\n\n\n\n<p class=\"wp-block-paragraph\"><strong>UNE EUROPE FORTE \u2014 PAS UNE EUROPE FRAGILE !<\/strong><br><\/p>\n\n\n\n<p class=\"wp-block-paragraph\"><strong>UNE BELGIQUE SOUVERAINE \u2014 PAS UNE BELGIQUE NA\u00cfVE !<\/strong><br><\/p>\n\n\n\n<hr class=\"wp-block-separator has-alpha-channel-opacity\"\/>\n\n\n\n<p class=\"wp-block-paragraph\"><strong>Message final<\/strong><\/p>\n\n\n\n<p class=\"wp-block-paragraph\">On peut \u00eatre solidaires<br>sans \u00eatre imprudents.<\/p>\n\n\n\n<p class=\"wp-block-paragraph\">On peut \u00eatre europ\u00e9ens<br>sans \u00eatre aveugles.<\/p>\n\n\n\n<p class=\"wp-block-paragraph\">On peut \u00eatre modernes<br>sans \u00eatre inconscients.<\/p>\n\n\n\n<p class=\"wp-block-paragraph\">Et tant que le <mark style=\"background-color:rgba(0, 0, 0, 0);color:#ff6900\" class=\"has-inline-color\">Mouvement Droite Moderniste<\/mark> sera l\u00e0,<\/p>\n\n\n\n<p class=\"wp-block-paragraph\"><strong>PERSONNE N\u2019ENGAGERA LA BELGIQUE SANS LE PEUPLE !<\/strong><br><\/p>\n\n\n\n<p class=\"wp-block-paragraph\">Voil\u00e0 notre combat.<br>Voil\u00e0 notre ligne.<br>Voil\u00e0 la Droite Moderniste.<\/p>\n","protected":false},"excerpt":{"rendered":"<p>Mesdames, Messieurs,Militants du Mouvement Droite Moderniste ! On veut nous imposer le silence.On veut nous imposer l\u2019\u00e9motion.On veut nous imposer le \u201coui automatique\u201d. Mais ici, nous disons : LA BELGIQUE N\u2019EST PAS \u00c0 VENDRE ! OTAN : on nous cache la v\u00e9rit\u00e9 L\u2019Organisation du trait\u00e9 de l&rsquo;Atlantique nord, ce n\u2019est pas un badge.Ce n\u2019est pas [&hellip;]<\/p>\n","protected":false},"author":1,"featured_media":0,"comment_status":"open","ping_status":"open","sticky":false,"template":"","format":"standard","meta":{"_monsterinsights_skip_tracking":false,"_uf_show_specific_survey":0,"_uf_disable_surveys":false,"footnotes":""},"categories":[47,39],"tags":[],"class_list":["post-2710","post","type-post","status-publish","format-standard","hentry","category-souverainisme","category-ukraine"],"_links":{"self":[{"href":"https:\/\/droitemoderniste.be\/index.php\/wp-json\/wp\/v2\/posts\/2710","targetHints":{"allow":["GET"]}}],"collection":[{"href":"https:\/\/droitemoderniste.be\/index.php\/wp-json\/wp\/v2\/posts"}],"about":[{"href":"https:\/\/droitemoderniste.be\/index.php\/wp-json\/wp\/v2\/types\/post"}],"author":[{"embeddable":true,"href":"https:\/\/droitemoderniste.be\/index.php\/wp-json\/wp\/v2\/users\/1"}],"replies":[{"embeddable":true,"href":"https:\/\/droitemoderniste.be\/index.php\/wp-json\/wp\/v2\/comments?post=2710"}],"version-history":[{"count":1,"href":"https:\/\/droitemoderniste.be\/index.php\/wp-json\/wp\/v2\/posts\/2710\/revisions"}],"predecessor-version":[{"id":2712,"href":"https:\/\/droitemoderniste.be\/index.php\/wp-json\/wp\/v2\/posts\/2710\/revisions\/2712"}],"wp:attachment":[{"href":"https:\/\/droitemoderniste.be\/index.php\/wp-json\/wp\/v2\/media?parent=2710"}],"wp:term":[{"taxonomy":"category","embeddable":true,"href":"https:\/\/droitemoderniste.be\/index.php\/wp-json\/wp\/v2\/categories?post=2710"},{"taxonomy":"post_tag","embeddable":true,"href":"https:\/\/droitemoderniste.be\/index.php\/wp-json\/wp\/v2\/tags?post=2710"}],"curies":[{"name":"wp","href":"https:\/\/api.w.org\/{rel}","templated":true}]}}