{"id":2707,"date":"2026-03-08T08:24:52","date_gmt":"2026-03-08T07:24:52","guid":{"rendered":"https:\/\/droitemoderniste.be\/?p=2707"},"modified":"2026-03-08T08:24:52","modified_gmt":"2026-03-08T07:24:52","slug":"la-belgique-ne-doit-pas-entrer-en-guerre-par-naivete","status":"publish","type":"post","link":"https:\/\/droitemoderniste.be\/index.php\/2026\/03\/08\/la-belgique-ne-doit-pas-entrer-en-guerre-par-naivete\/","title":{"rendered":"La Belgique ne doit pas entrer en guerre par na\u00efvet\u00e9"},"content":{"rendered":"\n<figure class=\"wp-block-image size-large\"><img loading=\"lazy\" decoding=\"async\" width=\"1024\" height=\"512\" src=\"https:\/\/droitemoderniste.be\/wp-content\/uploads\/2026\/03\/5d813cabf20d5a53cce82fa2-1024x512.jpg\" alt=\"\" class=\"wp-image-2708\" srcset=\"https:\/\/droitemoderniste.be\/wp-content\/uploads\/2026\/03\/5d813cabf20d5a53cce82fa2-1024x512.jpg 1024w, https:\/\/droitemoderniste.be\/wp-content\/uploads\/2026\/03\/5d813cabf20d5a53cce82fa2-300x150.jpg 300w, https:\/\/droitemoderniste.be\/wp-content\/uploads\/2026\/03\/5d813cabf20d5a53cce82fa2-768x384.jpg 768w, https:\/\/droitemoderniste.be\/wp-content\/uploads\/2026\/03\/5d813cabf20d5a53cce82fa2.jpg 1280w\" sizes=\"auto, (max-width: 1024px) 100vw, 1024px\" \/><\/figure>\n\n\n\n<p class=\"wp-block-paragraph\">Mesdames, Messieurs,<br>Chers amis,<\/p>\n\n\n\n<p class=\"wp-block-paragraph\">Aujourd\u2019hui, on voudrait nous faire croire qu\u2019il n\u2019y a qu\u2019un seul choix possible :<br>Dire oui.<br>Toujours oui.<br>Sans condition.<br>Sans d\u00e9bat.<br>Sans r\u00e9flexion.<\/p>\n\n\n\n<p class=\"wp-block-paragraph\">Oui \u00e0 l\u2019adh\u00e9sion imm\u00e9diate de l\u2019Ukraine \u00e0 l\u2019Organisation du trait\u00e9 de l&rsquo;Atlantique nord.<br>Oui \u00e0 son entr\u00e9e acc\u00e9l\u00e9r\u00e9e dans l\u2019Union europ\u00e9enne.<\/p>\n\n\n\n<p class=\"wp-block-paragraph\">Et si vous osez poser des questions, on vous accuse de faiblesse.<br>Si vous demandez de la prudence, on vous accuse de trahison.<\/p>\n\n\n\n<p class=\"wp-block-paragraph\">Eh bien nous, au <mark style=\"background-color:rgba(0, 0, 0, 0);color:#ff6900\" class=\"has-inline-color\">Mouvement Droite Moderniste<\/mark>, nous refusons ce chantage moral.<\/p>\n\n\n\n<hr class=\"wp-block-separator has-alpha-channel-opacity\"\/>\n\n\n\n<p class=\"wp-block-paragraph\"><strong>Nous soutenons l\u2019Ukraine.<\/strong><\/p>\n\n\n\n<p class=\"wp-block-paragraph\">Mais nous ne sacrifierons pas la Belgique.<\/p>\n\n\n\n<p class=\"wp-block-paragraph\">Ce que les \u00e9lites oublient de dire, c\u2019est que l\u2019OTAN n\u2019est pas un symbole.<br>C\u2019est un engagement militaire.<\/p>\n\n\n\n<p class=\"wp-block-paragraph\">Article 5 :<br>Une attaque contre un membre = une attaque contre tous.<\/p>\n\n\n\n<p class=\"wp-block-paragraph\">L\u2019Ukraine est en guerre.<br>Donc adh\u00e9sion signifie quoi ?<br>Cela signifie que demain, nos soldats pourraient \u00eatre engag\u00e9s dans un conflit direct avec une puissance nucl\u00e9aire.<\/p>\n\n\n\n<p class=\"wp-block-paragraph\">Qui ici a vot\u00e9 pour cela ?<br>Qui a demand\u00e9 l\u2019avis des Belges ?<\/p>\n\n\n\n<p class=\"wp-block-paragraph\">On joue avec le feu.<br>Et on le fait sans mandat populaire.<\/p>\n\n\n\n<hr class=\"wp-block-separator has-alpha-channel-opacity\"\/>\n\n\n\n<p class=\"wp-block-paragraph\"><strong>L\u2019\u00e9motion n\u2019est pas une strat\u00e9gie<\/strong><\/p>\n\n\n\n<p class=\"wp-block-paragraph\">Oui, la guerre choque.<br>Oui, la solidarit\u00e9 est n\u00e9cessaire.<\/p>\n\n\n\n<p class=\"wp-block-paragraph\">Mais gouverner, ce n\u2019est pas tweeter son indignation.<br>Ce n\u2019est pas afficher sa vertu sur les plateaux t\u00e9l\u00e9.<\/p>\n\n\n\n<p class=\"wp-block-paragraph\">Gouverner, c\u2019est prot\u00e9ger son peuple.<\/p>\n\n\n\n<p class=\"wp-block-paragraph\">Et prot\u00e9ger son peuple, c\u2019est refuser les engrenages irr\u00e9versibles.<\/p>\n\n\n\n<hr class=\"wp-block-separator has-alpha-channel-opacity\"\/>\n\n\n\n<p class=\"wp-block-paragraph\"><strong>Et l\u2019Union europ\u00e9enne ?<\/strong><\/p>\n\n\n\n<p class=\"wp-block-paragraph\">On nous vend une adh\u00e9sion rapide comme un geste historique.<\/p>\n\n\n\n<p class=\"wp-block-paragraph\">Mais l\u2019Union europ\u00e9enne, ce n\u2019est pas un slogan.<br>C\u2019est un budget.<br>C\u2019est la politique agricole commune.<br>Ce sont des milliards d\u2019euros.<\/p>\n\n\n\n<p class=\"wp-block-paragraph\">L\u2019Ukraine est un g\u00e9ant agricole.<br>Son entr\u00e9e bouleverserait les \u00e9quilibres.<\/p>\n\n\n\n<p class=\"wp-block-paragraph\">Qui paiera ?<br>Les contribuables belges.<\/p>\n\n\n\n<p class=\"wp-block-paragraph\">Qui subira la concurrence ?<br>Nos agriculteurs.<\/p>\n\n\n\n<p class=\"wp-block-paragraph\">Qui verra les fonds europ\u00e9ens redistribu\u00e9s ?<br>Nos r\u00e9gions.<\/p>\n\n\n\n<p class=\"wp-block-paragraph\">Et pendant ce temps, notre pays croule sous la dette.<\/p>\n\n\n\n<p class=\"wp-block-paragraph\">Mais on nous dit : \u201cNe posez pas de questions.\u201d<\/p>\n\n\n\n<p class=\"wp-block-paragraph\">Nous, nous posons les questions.<\/p>\n\n\n\n<hr class=\"wp-block-separator has-alpha-channel-opacity\"\/>\n\n\n\n<p class=\"wp-block-paragraph\"><strong>La Belgique doit cesser d\u2019\u00eatre na\u00efve<\/strong><\/p>\n\n\n\n<p class=\"wp-block-paragraph\">Nous ne sommes pas une superpuissance.<br>Nous sommes un pays strat\u00e9gique, diplomatique, commer\u00e7ant.<\/p>\n\n\n\n<p class=\"wp-block-paragraph\">Notre force, ce n\u2019est pas la posture.<br>C\u2019est la stabilit\u00e9.<\/p>\n\n\n\n<p class=\"wp-block-paragraph\">\u00c0 force de vouloir para\u00eetre les plus vertueux,<br>nous risquons d\u2019\u00eatre les plus imprudents.<\/p>\n\n\n\n<p class=\"wp-block-paragraph\">Le <mark style=\"background-color:rgba(0, 0, 0, 0);color:#ff6900\" class=\"has-inline-color\">Mouvement Droite Moderniste<\/mark> d\u00e9fend un souverainisme \u00e9clair\u00e9 :<br>Coop\u00e9rer, oui.<br>S\u2019aligner aveugl\u00e9ment, non.<\/p>\n\n\n\n<hr class=\"wp-block-separator has-alpha-channel-opacity\"\/>\n\n\n\n<p class=\"wp-block-paragraph\"><strong>Ce que nous proposons<\/strong><\/p>\n\n\n\n<p class=\"wp-block-paragraph\">Nous ne sommes pas isolationnistes.<br>Nous ne sommes pas faibles.<br>Nous sommes responsables.<\/p>\n\n\n\n<p class=\"wp-block-paragraph\">Nous proposons :<\/p>\n\n\n\n<ul class=\"wp-block-list\">\n<li>Un soutien \u00e9conomique massif \u00e0 l\u2019Ukraine.<\/li>\n\n\n\n<li>Une aide militaire encadr\u00e9e.<\/li>\n\n\n\n<li>Un partenariat europ\u00e9en renforc\u00e9.<\/li>\n\n\n\n<li>Une perspective d\u2019adh\u00e9sion lorsque la paix sera r\u00e9tablie.<\/li>\n\n\n\n<li>Une r\u00e9forme pr\u00e9alable de l\u2019Union avant tout \u00e9largissement.<\/li>\n<\/ul>\n\n\n\n<p class=\"wp-block-paragraph\">Pas d\u2019adh\u00e9sion sous pression \u00e9motionnelle.<br>Pas d\u2019engagement militaire automatique sans d\u00e9bat d\u00e9mocratique.<\/p>\n\n\n\n<hr class=\"wp-block-separator has-alpha-channel-opacity\"\/>\n\n\n\n<p class=\"wp-block-paragraph\"><strong>La vraie question<\/strong><\/p>\n\n\n\n<p class=\"wp-block-paragraph\">La vraie question n\u2019est pas :<br>\u201cAimez-vous l\u2019Ukraine ?\u201d<\/p>\n\n\n\n<p class=\"wp-block-paragraph\">La vraie question est :<br>\u201c\u00cates-vous pr\u00eats \u00e0 engager la Belgique dans une escalade militaire et budg\u00e9taire majeure sans garanties ?\u201d<\/p>\n\n\n\n<p class=\"wp-block-paragraph\">Nous, nous disons non.<\/p>\n\n\n\n<p class=\"wp-block-paragraph\">Parce que la droite moderne,<br>ce n\u2019est pas la droite de la peur.<br>Ce n\u2019est pas la droite de l\u2019aveuglement.<\/p>\n\n\n\n<p class=\"wp-block-paragraph\">C\u2019est la droite de la lucidit\u00e9.<\/p>\n\n\n\n<hr class=\"wp-block-separator has-alpha-channel-opacity\"\/>\n\n\n\n<p class=\"wp-block-paragraph\"><strong>Conclusion<\/strong><\/p>\n\n\n\n<p class=\"wp-block-paragraph\">La Belgique doit d\u00e9fendre :<\/p>\n\n\n\n<p class=\"wp-block-paragraph\">Sa s\u00e9curit\u00e9.<br>Son \u00e9quilibre budg\u00e9taire.<br>Sa stabilit\u00e9.<br>Son avenir.<\/p>\n\n\n\n<p class=\"wp-block-paragraph\">La solidarit\u00e9 ne doit jamais devenir de l\u2019inconscience.<\/p>\n\n\n\n<p class=\"wp-block-paragraph\">Et tant que nous serons l\u00e0,<br>personne n\u2019engagera la Belgique dans une fuite en avant strat\u00e9gique sans que le peuple ait son mot \u00e0 dire.<\/p>\n\n\n\n<p class=\"wp-block-paragraph\">Voil\u00e0 notre engagement.<\/p>\n\n\n\n<p class=\"wp-block-paragraph\">Voil\u00e0 notre ligne.<\/p>\n\n\n\n<p class=\"wp-block-paragraph\">Voil\u00e0 la Droite Moderniste.<\/p>\n","protected":false},"excerpt":{"rendered":"<p>Mesdames, Messieurs,Chers amis, Aujourd\u2019hui, on voudrait nous faire croire qu\u2019il n\u2019y a qu\u2019un seul choix possible :Dire oui.Toujours oui.Sans condition.Sans d\u00e9bat.Sans r\u00e9flexion. Oui \u00e0 l\u2019adh\u00e9sion imm\u00e9diate de l\u2019Ukraine \u00e0 l\u2019Organisation du trait\u00e9 de l&rsquo;Atlantique nord.Oui \u00e0 son entr\u00e9e acc\u00e9l\u00e9r\u00e9e dans l\u2019Union europ\u00e9enne. Et si vous osez poser des questions, on vous accuse de faiblesse.Si vous [&hellip;]<\/p>\n","protected":false},"author":1,"featured_media":0,"comment_status":"open","ping_status":"open","sticky":false,"template":"","format":"standard","meta":{"_monsterinsights_skip_tracking":false,"_uf_show_specific_survey":0,"_uf_disable_surveys":false,"footnotes":""},"categories":[47,39],"tags":[],"class_list":["post-2707","post","type-post","status-publish","format-standard","hentry","category-souverainisme","category-ukraine"],"_links":{"self":[{"href":"https:\/\/droitemoderniste.be\/index.php\/wp-json\/wp\/v2\/posts\/2707","targetHints":{"allow":["GET"]}}],"collection":[{"href":"https:\/\/droitemoderniste.be\/index.php\/wp-json\/wp\/v2\/posts"}],"about":[{"href":"https:\/\/droitemoderniste.be\/index.php\/wp-json\/wp\/v2\/types\/post"}],"author":[{"embeddable":true,"href":"https:\/\/droitemoderniste.be\/index.php\/wp-json\/wp\/v2\/users\/1"}],"replies":[{"embeddable":true,"href":"https:\/\/droitemoderniste.be\/index.php\/wp-json\/wp\/v2\/comments?post=2707"}],"version-history":[{"count":1,"href":"https:\/\/droitemoderniste.be\/index.php\/wp-json\/wp\/v2\/posts\/2707\/revisions"}],"predecessor-version":[{"id":2709,"href":"https:\/\/droitemoderniste.be\/index.php\/wp-json\/wp\/v2\/posts\/2707\/revisions\/2709"}],"wp:attachment":[{"href":"https:\/\/droitemoderniste.be\/index.php\/wp-json\/wp\/v2\/media?parent=2707"}],"wp:term":[{"taxonomy":"category","embeddable":true,"href":"https:\/\/droitemoderniste.be\/index.php\/wp-json\/wp\/v2\/categories?post=2707"},{"taxonomy":"post_tag","embeddable":true,"href":"https:\/\/droitemoderniste.be\/index.php\/wp-json\/wp\/v2\/tags?post=2707"}],"curies":[{"name":"wp","href":"https:\/\/api.w.org\/{rel}","templated":true}]}}