{"id":2704,"date":"2026-03-06T10:22:30","date_gmt":"2026-03-06T09:22:30","guid":{"rendered":"https:\/\/droitemoderniste.be\/?p=2704"},"modified":"2026-03-06T10:22:30","modified_gmt":"2026-03-06T09:22:30","slug":"ukraine-otan-union-europeenne-la-fermete-sans-laveuglement","status":"publish","type":"post","link":"https:\/\/droitemoderniste.be\/index.php\/2026\/03\/06\/ukraine-otan-union-europeenne-la-fermete-sans-laveuglement\/","title":{"rendered":"Ukraine, OTAN, Union europ\u00e9enne : la fermet\u00e9 sans l\u2019aveuglement"},"content":{"rendered":"\n<figure class=\"wp-block-image size-full\"><img loading=\"lazy\" decoding=\"async\" width=\"620\" height=\"310\" src=\"https:\/\/droitemoderniste.be\/wp-content\/uploads\/2026\/03\/58feeb9acd70812a65a2acbf.jpg\" alt=\"\" class=\"wp-image-2705\" srcset=\"https:\/\/droitemoderniste.be\/wp-content\/uploads\/2026\/03\/58feeb9acd70812a65a2acbf.jpg 620w, https:\/\/droitemoderniste.be\/wp-content\/uploads\/2026\/03\/58feeb9acd70812a65a2acbf-300x150.jpg 300w\" sizes=\"auto, (max-width: 620px) 100vw, 620px\" \/><\/figure>\n\n\n\n<p class=\"wp-block-paragraph\">Mesdames, Messieurs,<\/p>\n\n\n\n<p class=\"wp-block-paragraph\">Au nom du <strong><mark style=\"background-color:rgba(0, 0, 0, 0);color:#ff6900\" class=\"has-inline-color\">Mouvement Droite Moderniste<\/mark><\/strong>, je veux parler avec clart\u00e9.<\/p>\n\n\n\n<p class=\"wp-block-paragraph\">Nous soutenons le peuple ukrainien.<br>Nous condamnons l\u2019agression qu\u2019il subit.<br>Nous d\u00e9fendons le droit des nations \u00e0 disposer d\u2019elles-m\u00eames.<\/p>\n\n\n\n<p class=\"wp-block-paragraph\">Mais nous refusons une chose : la pr\u00e9cipitation strat\u00e9gique.<\/p>\n\n\n\n<p class=\"wp-block-paragraph\">Soutenir n\u2019est pas s\u2019aligner aveugl\u00e9ment.<br>\u00catre solidaire n\u2019est pas renoncer \u00e0 la lucidit\u00e9.<\/p>\n\n\n\n<p class=\"wp-block-paragraph\">Et aujourd\u2019hui, la Belgique commet une erreur en pr\u00f4nant l\u2019adh\u00e9sion rapide de l\u2019Ukraine \u00e0 l\u2019Organisation du trait\u00e9 de l&rsquo;Atlantique nord et \u00e0 l\u2019Union europ\u00e9enne.<\/p>\n\n\n\n<hr class=\"wp-block-separator has-alpha-channel-opacity\"\/>\n\n\n\n<p class=\"wp-block-paragraph\"><strong>I. Le souverainisme \u00e9clair\u00e9 du <mark style=\"background-color:rgba(0, 0, 0, 0);color:#ff6900\" class=\"has-inline-color\">MDM<\/mark> : prot\u00e9ger sans provoquer<\/strong><\/p>\n\n\n\n<p class=\"wp-block-paragraph\">Le <mark style=\"background-color:rgba(0, 0, 0, 0);color:#ff6900\" class=\"has-inline-color\">MDM<\/mark> d\u00e9fend un <strong>souverainisme \u00e9clair\u00e9<\/strong> :<br>Oui \u00e0 la coop\u00e9ration internationale.<br>Oui \u00e0 la solidarit\u00e9 europ\u00e9enne.<br>Mais jamais au sacrifice inconsid\u00e9r\u00e9 de notre s\u00e9curit\u00e9.<\/p>\n\n\n\n<p class=\"wp-block-paragraph\">Admettre un pays en guerre dans l\u2019OTAN, c\u2019est accepter le risque d\u2019un engrenage militaire incontr\u00f4lable.<\/p>\n\n\n\n<p class=\"wp-block-paragraph\">L\u2019article 5 n\u2019est pas symbolique.<br>Il engage nos soldats.<br>Il engage notre territoire.<br>Il engage notre avenir.<\/p>\n\n\n\n<p class=\"wp-block-paragraph\">La Belgique n\u2019est pas une puissance militaire globale.<br>Elle est un \u00c9tat commer\u00e7ant, diplomatique, strat\u00e9gique.<\/p>\n\n\n\n<p class=\"wp-block-paragraph\">Notre r\u00f4le n\u2019est pas d\u2019attiser l\u2019escalade.<br>Notre r\u00f4le est de d\u00e9fendre la stabilit\u00e9 europ\u00e9enne.<\/p>\n\n\n\n<p class=\"wp-block-paragraph\">La fermet\u00e9 face \u00e0 la Russie ne doit pas devenir une imprudence nucl\u00e9aire.<\/p>\n\n\n\n<hr class=\"wp-block-separator has-alpha-channel-opacity\"\/>\n\n\n\n<p class=\"wp-block-paragraph\"><strong>II. Le dirigisme mod\u00e9r\u00e9 : ne pas affaiblir l\u2019\u00e9conomie europ\u00e9enne<\/strong><\/p>\n\n\n\n<p class=\"wp-block-paragraph\">Le <mark style=\"background-color:rgba(0, 0, 0, 0);color:#ff6900\" class=\"has-inline-color\">MDM<\/mark> d\u00e9fend un <strong>dirigisme mod\u00e9r\u00e9<\/strong> : une \u00e9conomie r\u00e9gul\u00e9e pour prot\u00e9ger les int\u00e9r\u00eats strat\u00e9giques europ\u00e9ens.<\/p>\n\n\n\n<p class=\"wp-block-paragraph\">Or, l\u2019adh\u00e9sion rapide de l\u2019Ukraine \u00e0 l\u2019Union europ\u00e9enne aurait des cons\u00e9quences \u00e9conomiques massives :<\/p>\n\n\n\n<ul class=\"wp-block-list\">\n<li>Pression sur la politique agricole commune.<\/li>\n\n\n\n<li>Concurrence accrue pour nos agriculteurs.<\/li>\n\n\n\n<li>Transferts budg\u00e9taires colossaux.<\/li>\n\n\n\n<li>Redistribution des fonds de coh\u00e9sion.<\/li>\n<\/ul>\n\n\n\n<p class=\"wp-block-paragraph\">La Belgique est d\u00e9j\u00e0 fortement contributrice.<\/p>\n\n\n\n<p class=\"wp-block-paragraph\">Dans un contexte de dette \u00e9lev\u00e9e et de pression fiscale, il serait irresponsable d\u2019ignorer l\u2019impact financier d\u2019un tel \u00e9largissement.<\/p>\n\n\n\n<p class=\"wp-block-paragraph\">L\u2019Europe doit d\u2019abord se r\u00e9former.<br>Elle doit consolider ses institutions.<br>Elle doit clarifier son projet politique.<\/p>\n\n\n\n<p class=\"wp-block-paragraph\">\u00c9largir sans approfondir, c\u2019est fragiliser l\u2019ensemble.<\/p>\n\n\n\n<hr class=\"wp-block-separator has-alpha-channel-opacity\"\/>\n\n\n\n<p class=\"wp-block-paragraph\"><strong>III. Patriotisme civique : d\u00e9fendre les int\u00e9r\u00eats belges sans renoncer aux valeurs<\/strong><\/p>\n\n\n\n<p class=\"wp-block-paragraph\">Le <mark style=\"background-color:rgba(0, 0, 0, 0);color:#ff6900\" class=\"has-inline-color\">MDM<\/mark> est patriote.<br>Un patriotisme civique, ouvert, europ\u00e9en, mais lucide.<\/p>\n\n\n\n<p class=\"wp-block-paragraph\">Soutenir l\u2019Ukraine ne signifie pas mettre en p\u00e9ril la s\u00e9curit\u00e9 des Belges.<br>Soutenir l\u2019Ukraine ne signifie pas transf\u00e9rer sans limite des ressources que nous n\u2019avons pas.<\/p>\n\n\n\n<p class=\"wp-block-paragraph\">La politique \u00e9trang\u00e8re doit \u00eatre coh\u00e9rente avec nos capacit\u00e9s r\u00e9elles.<\/p>\n\n\n\n<p class=\"wp-block-paragraph\">Notre pays doit :<\/p>\n\n\n\n<ul class=\"wp-block-list\">\n<li>Aider \u00e0 la reconstruction.<\/li>\n\n\n\n<li>Soutenir les r\u00e9formes.<\/li>\n\n\n\n<li>Encourager une solution diplomatique durable.<\/li>\n<\/ul>\n\n\n\n<p class=\"wp-block-paragraph\">Mais l\u2019adh\u00e9sion automatique n\u2019est ni une obligation morale, ni une n\u00e9cessit\u00e9 strat\u00e9gique.<\/p>\n\n\n\n<hr class=\"wp-block-separator has-alpha-channel-opacity\"\/>\n\n\n\n<p class=\"wp-block-paragraph\"><strong>IV. Modernisme soci\u00e9tal, mais r\u00e9alisme g\u00e9opolitique<\/strong><\/p>\n\n\n\n<p class=\"wp-block-paragraph\">Le <mark style=\"background-color:rgba(0, 0, 0, 0);color:#ff6900\" class=\"has-inline-color\">MDM<\/mark> est une droite moderne.<\/p>\n\n\n\n<p class=\"wp-block-paragraph\">Nous ne sommes ni isolationnistes, ni bellicistes.<br>Nous refusons \u00e0 la fois la na\u00efvet\u00e9 et la surench\u00e8re.<\/p>\n\n\n\n<p class=\"wp-block-paragraph\">L\u2019Europe doit devenir une puissance stable, coh\u00e9rente, strat\u00e9gique.<\/p>\n\n\n\n<p class=\"wp-block-paragraph\">Importer un conflit territorial majeur au c\u0153ur de ses institutions,<br>c\u2019est risquer de transformer l\u2019Union en acteur militaire permanent.<\/p>\n\n\n\n<p class=\"wp-block-paragraph\">Nous voulons une Europe forte.<br>Pas une Europe fragilis\u00e9e par l\u2019impr\u00e9paration.<\/p>\n\n\n\n<hr class=\"wp-block-separator has-alpha-channel-opacity\"\/>\n\n\n\n<p class=\"wp-block-paragraph\"><strong>V. La ligne du <mark style=\"background-color:rgba(0, 0, 0, 0);color:#ff6900\" class=\"has-inline-color\">MDM<\/mark><\/strong><\/p>\n\n\n\n<p class=\"wp-block-paragraph\">Notre position est claire :<\/p>\n\n\n\n<ul class=\"wp-block-list\">\n<li>Soutien \u00e9conomique massif \u00e0 l\u2019Ukraine.<\/li>\n\n\n\n<li>Coop\u00e9ration militaire encadr\u00e9e.<\/li>\n\n\n\n<li>Partenariat renforc\u00e9 avec l\u2019Union.<\/li>\n\n\n\n<li>Conditionnalit\u00e9 stricte sur les r\u00e9formes.<\/li>\n\n\n\n<li>Perspective d\u2019adh\u00e9sion \u00e0 long terme, lorsque la paix sera r\u00e9tablie et les institutions stabilis\u00e9es.<\/li>\n<\/ul>\n\n\n\n<p class=\"wp-block-paragraph\">Pas d\u2019adh\u00e9sion sous le coup de l\u2019\u00e9motion.<br>Pas d\u2019\u00e9largissement strat\u00e9gique sans r\u00e9forme europ\u00e9enne pr\u00e9alable.<\/p>\n\n\n\n<hr class=\"wp-block-separator has-alpha-channel-opacity\"\/>\n\n\n\n<p class=\"wp-block-paragraph\"><strong>Conclusion<\/strong><\/p>\n\n\n\n<p class=\"wp-block-paragraph\">Le <mark style=\"background-color:rgba(0, 0, 0, 0);color:#ff6900\" class=\"has-inline-color\">Mouvement Droite Moderniste<\/mark> refuse la politique du r\u00e9flexe.<\/p>\n\n\n\n<p class=\"wp-block-paragraph\">Nous voulons une Europe ferme, mais r\u00e9fl\u00e9chie.<br>Solidaire, mais souveraine.<br>Engag\u00e9e, mais responsable.<\/p>\n\n\n\n<p class=\"wp-block-paragraph\">La Belgique doit cesser de confondre posture morale et strat\u00e9gie durable.<\/p>\n\n\n\n<p class=\"wp-block-paragraph\">Notre ligne est simple :<br>Prot\u00e9ger nos valeurs.<br>Prot\u00e9ger notre s\u00e9curit\u00e9.<br>Prot\u00e9ger notre avenir.<\/p>\n\n\n\n<p class=\"wp-block-paragraph\">Voil\u00e0 ce que signifie \u00eatre une droite moderne.<\/p>\n","protected":false},"excerpt":{"rendered":"<p>Mesdames, Messieurs, Au nom du Mouvement Droite Moderniste, je veux parler avec clart\u00e9. Nous soutenons le peuple ukrainien.Nous condamnons l\u2019agression qu\u2019il subit.Nous d\u00e9fendons le droit des nations \u00e0 disposer d\u2019elles-m\u00eames. Mais nous refusons une chose : la pr\u00e9cipitation strat\u00e9gique. Soutenir n\u2019est pas s\u2019aligner aveugl\u00e9ment.\u00catre solidaire n\u2019est pas renoncer \u00e0 la lucidit\u00e9. Et aujourd\u2019hui, la Belgique [&hellip;]<\/p>\n","protected":false},"author":1,"featured_media":0,"comment_status":"open","ping_status":"open","sticky":false,"template":"","format":"standard","meta":{"_monsterinsights_skip_tracking":false,"_uf_show_specific_survey":0,"_uf_disable_surveys":false,"footnotes":""},"categories":[47,39],"tags":[],"class_list":["post-2704","post","type-post","status-publish","format-standard","hentry","category-souverainisme","category-ukraine"],"_links":{"self":[{"href":"https:\/\/droitemoderniste.be\/index.php\/wp-json\/wp\/v2\/posts\/2704","targetHints":{"allow":["GET"]}}],"collection":[{"href":"https:\/\/droitemoderniste.be\/index.php\/wp-json\/wp\/v2\/posts"}],"about":[{"href":"https:\/\/droitemoderniste.be\/index.php\/wp-json\/wp\/v2\/types\/post"}],"author":[{"embeddable":true,"href":"https:\/\/droitemoderniste.be\/index.php\/wp-json\/wp\/v2\/users\/1"}],"replies":[{"embeddable":true,"href":"https:\/\/droitemoderniste.be\/index.php\/wp-json\/wp\/v2\/comments?post=2704"}],"version-history":[{"count":1,"href":"https:\/\/droitemoderniste.be\/index.php\/wp-json\/wp\/v2\/posts\/2704\/revisions"}],"predecessor-version":[{"id":2706,"href":"https:\/\/droitemoderniste.be\/index.php\/wp-json\/wp\/v2\/posts\/2704\/revisions\/2706"}],"wp:attachment":[{"href":"https:\/\/droitemoderniste.be\/index.php\/wp-json\/wp\/v2\/media?parent=2704"}],"wp:term":[{"taxonomy":"category","embeddable":true,"href":"https:\/\/droitemoderniste.be\/index.php\/wp-json\/wp\/v2\/categories?post=2704"},{"taxonomy":"post_tag","embeddable":true,"href":"https:\/\/droitemoderniste.be\/index.php\/wp-json\/wp\/v2\/tags?post=2704"}],"curies":[{"name":"wp","href":"https:\/\/api.w.org\/{rel}","templated":true}]}}