{"id":2700,"date":"2026-03-04T11:11:02","date_gmt":"2026-03-04T10:11:02","guid":{"rendered":"https:\/\/droitemoderniste.be\/?p=2700"},"modified":"2026-03-04T11:11:02","modified_gmt":"2026-03-04T10:11:02","slug":"argumentaire-contre-ladhesion-de-lukraine-a-lotan-et-a-lue-et-critique-de-la-position-belge-favorable-a-cette-adhesion","status":"publish","type":"post","link":"https:\/\/droitemoderniste.be\/index.php\/2026\/03\/04\/argumentaire-contre-ladhesion-de-lukraine-a-lotan-et-a-lue-et-critique-de-la-position-belge-favorable-a-cette-adhesion\/","title":{"rendered":"Argumentaire contre l&rsquo;adh\u00e9sion de l&rsquo;Ukraine \u00e0 l&rsquo;OTAN et \u00e0 l&rsquo;UE et critique de la position belge favorable \u00e0 cette adh\u00e9sion"},"content":{"rendered":"\n<figure class=\"wp-block-image size-full\"><img loading=\"lazy\" decoding=\"async\" width=\"275\" height=\"183\" src=\"https:\/\/droitemoderniste.be\/wp-content\/uploads\/2026\/03\/Max-Prev.jpg\" alt=\"\" class=\"wp-image-2701\"\/><\/figure>\n\n\n\n<p class=\"wp-block-paragraph\">(Il s\u2019agit d\u2019un raisonnement politique et g\u00e9ostrat\u00e9gique, pas d\u2019un jugement moral sur l\u2019Ukraine elle-m\u00eame.)<\/p>\n\n\n\n<hr class=\"wp-block-separator has-alpha-channel-opacity\"\/>\n\n\n\n<p class=\"wp-block-paragraph\"><strong>I. Argumentaire contre l\u2019adh\u00e9sion de l\u2019Ukraine \u00e0 l\u2019OTAN<\/strong><\/p>\n\n\n\n<p class=\"wp-block-paragraph\"><strong>1. Risque d\u2019escalade directe avec la Russie<\/strong><\/p>\n\n\n\n<p class=\"wp-block-paragraph\">L\u2019adh\u00e9sion de l\u2019Ukraine \u00e0 l\u2019Organisation du trait\u00e9 de l&rsquo;Atlantique nord activerait l\u2019article 5 (d\u00e9fense collective).<br>Or l\u2019Ukraine est d\u00e9j\u00e0 en guerre avec la Russie. Cela signifie que :<\/p>\n\n\n\n<ul class=\"wp-block-list\">\n<li>Les \u00c9tats membres deviendraient <strong>co-bellig\u00e9rants potentiels<\/strong>.<\/li>\n\n\n\n<li>Le conflit r\u00e9gional deviendrait un <strong>conflit OTAN\u2013Russie<\/strong>.<\/li>\n\n\n\n<li>Le risque d\u2019escalade nucl\u00e9aire augmenterait.<\/li>\n<\/ul>\n\n\n\n<p class=\"wp-block-paragraph\">Argument cl\u00e9 : l\u2019OTAN a historiquement \u00e9vit\u00e9 d\u2019int\u00e9grer des pays en guerre pr\u00e9cis\u00e9ment pour \u00e9viter ce type de sc\u00e9nario.<\/p>\n\n\n\n<hr class=\"wp-block-separator has-alpha-channel-opacity\"\/>\n\n\n\n<p class=\"wp-block-paragraph\"><strong>2. D\u00e9stabilisation strat\u00e9gique europ\u00e9enne<\/strong><\/p>\n\n\n\n<p class=\"wp-block-paragraph\">L\u2019adh\u00e9sion pourrait :<\/p>\n\n\n\n<ul class=\"wp-block-list\">\n<li>Accro\u00eetre la militarisation permanente de l\u2019Europe de l\u2019Est.<\/li>\n\n\n\n<li>Rendre toute n\u00e9gociation future avec Moscou plus complexe.<\/li>\n\n\n\n<li>Transformer l\u2019Ukraine en <strong>fronti\u00e8re militaire permanente<\/strong>.<\/li>\n<\/ul>\n\n\n\n<p class=\"wp-block-paragraph\">Certains soutiennent qu\u2019une neutralit\u00e9 arm\u00e9e (mod\u00e8le autrichien ou finlandais d\u2019avant 2023) aurait \u00e9t\u00e9 un facteur de stabilit\u00e9 plus durable.<\/p>\n\n\n\n<hr class=\"wp-block-separator has-alpha-channel-opacity\"\/>\n\n\n\n<p class=\"wp-block-paragraph\"><strong>3. Division interne au sein de l\u2019Alliance<\/strong><\/p>\n\n\n\n<p class=\"wp-block-paragraph\">Tous les membres de l\u2019OTAN ne partagent pas le m\u00eame niveau d\u2019engagement vis-\u00e0-vis de la Russie. Une adh\u00e9sion rapide :<\/p>\n\n\n\n<ul class=\"wp-block-list\">\n<li>Accentuerait les tensions internes.<\/li>\n\n\n\n<li>Forcerait certains \u00c9tats \u00e0 des engagements militaires qu\u2019ils ne souhaitent pas.<\/li>\n\n\n\n<li>Risquerait de fragiliser la coh\u00e9sion globale de l\u2019alliance.<\/li>\n<\/ul>\n\n\n\n<hr class=\"wp-block-separator has-alpha-channel-opacity\"\/>\n\n\n\n<p class=\"wp-block-paragraph\"><strong>II. Argumentaire contre l\u2019adh\u00e9sion de l\u2019Ukraine \u00e0 l\u2019Union europ\u00e9enne<\/strong><\/p>\n\n\n\n<p class=\"wp-block-paragraph\"><strong>1. Co\u00fbt budg\u00e9taire massif<\/strong><\/p>\n\n\n\n<p class=\"wp-block-paragraph\">L\u2019Ukraine est un pays :<\/p>\n\n\n\n<ul class=\"wp-block-list\">\n<li>En reconstruction.<\/li>\n\n\n\n<li>Avec un PIB par habitant tr\u00e8s inf\u00e9rieur \u00e0 la moyenne europ\u00e9enne.<\/li>\n\n\n\n<li>Ayant besoin d\u2019investissements colossaux.<\/li>\n<\/ul>\n\n\n\n<p class=\"wp-block-paragraph\">Son entr\u00e9e dans l\u2019Union europ\u00e9enne impliquerait :<\/p>\n\n\n\n<ul class=\"wp-block-list\">\n<li>Des transferts structurels massifs.<\/li>\n\n\n\n<li>Une refonte des politiques agricoles (l\u2019Ukraine est un g\u00e9ant agricole).<\/li>\n\n\n\n<li>Une pression accrue sur les budgets nationaux.<\/li>\n<\/ul>\n\n\n\n<p class=\"wp-block-paragraph\">Cela pourrait g\u00e9n\u00e9rer des tensions entre \u00c9tats contributeurs nets (comme la Belgique) et b\u00e9n\u00e9ficiaires.<\/p>\n\n\n\n<hr class=\"wp-block-separator has-alpha-channel-opacity\"\/>\n\n\n\n<p class=\"wp-block-paragraph\"><strong>2. D\u00e9s\u00e9quilibres agricoles et industriels<\/strong><\/p>\n\n\n\n<p class=\"wp-block-paragraph\">L\u2019Ukraine poss\u00e8de :<\/p>\n\n\n\n<ul class=\"wp-block-list\">\n<li>Une immense capacit\u00e9 c\u00e9r\u00e9ali\u00e8re.<\/li>\n\n\n\n<li>Des co\u00fbts de production plus faibles.<\/li>\n<\/ul>\n\n\n\n<p class=\"wp-block-paragraph\">Son int\u00e9gration rapide pourrait :<\/p>\n\n\n\n<ul class=\"wp-block-list\">\n<li>Fragiliser certains agriculteurs europ\u00e9ens.<\/li>\n\n\n\n<li>Cr\u00e9er une concurrence d\u00e9stabilisatrice sur les march\u00e9s internes.<\/li>\n<\/ul>\n\n\n\n<hr class=\"wp-block-separator has-alpha-channel-opacity\"\/>\n\n\n\n<p class=\"wp-block-paragraph\"><strong>3. Int\u00e9gration institutionnelle pr\u00e9matur\u00e9e<\/strong><\/p>\n\n\n\n<p class=\"wp-block-paragraph\">M\u00eame si des r\u00e9formes importantes ont \u00e9t\u00e9 entreprises, des d\u00e9fis subsistent :<\/p>\n\n\n\n<ul class=\"wp-block-list\">\n<li>Lutte contre la corruption.<\/li>\n\n\n\n<li>Ind\u00e9pendance judiciaire.<\/li>\n\n\n\n<li>Modernisation administrative.<\/li>\n<\/ul>\n\n\n\n<p class=\"wp-block-paragraph\">Une adh\u00e9sion acc\u00e9l\u00e9r\u00e9e pourrait affaiblir la cr\u00e9dibilit\u00e9 des crit\u00e8res d\u2019adh\u00e9sion europ\u00e9ens.<\/p>\n\n\n\n<hr class=\"wp-block-separator has-alpha-channel-opacity\"\/>\n\n\n\n<p class=\"wp-block-paragraph\"><strong>4. Risque d\u2019importation durable du conflit<\/strong><\/p>\n\n\n\n<p class=\"wp-block-paragraph\">Int\u00e9grer un pays en guerre ou avec des territoires contest\u00e9s signifie :<\/p>\n\n\n\n<ul class=\"wp-block-list\">\n<li>Int\u00e9grer un conflit territorial non r\u00e9solu.<\/li>\n\n\n\n<li>Importer une instabilit\u00e9 g\u00e9opolitique au c\u0153ur de l\u2019UE.<\/li>\n<\/ul>\n\n\n\n<hr class=\"wp-block-separator has-alpha-channel-opacity\"\/>\n\n\n\n<p class=\"wp-block-paragraph\"><strong>III. Pourquoi la Belgique pourrait se tromper en soutenant cette adh\u00e9sion<\/strong><\/p>\n\n\n\n<p class=\"wp-block-paragraph\">La Belgique est un \u00c9tat :<\/p>\n\n\n\n<ul class=\"wp-block-list\">\n<li>De taille moyenne.<\/li>\n\n\n\n<li>Fortement d\u00e9pendant du commerce international.<\/li>\n\n\n\n<li>Si\u00e8ge de nombreuses institutions europ\u00e9ennes et de l\u2019OTAN.<\/li>\n<\/ul>\n\n\n\n<p class=\"wp-block-paragraph\"><strong>1. Risque s\u00e9curitaire accru<\/strong><\/p>\n\n\n\n<p class=\"wp-block-paragraph\">En soutenant l\u2019adh\u00e9sion \u00e0 l\u2019OTAN, la Belgique accepterait potentiellement :<\/p>\n\n\n\n<ul class=\"wp-block-list\">\n<li>D\u2019\u00eatre impliqu\u00e9e militairement.<\/li>\n\n\n\n<li>D\u2019exposer ses infrastructures strat\u00e9giques.<\/li>\n\n\n\n<li>D\u2019assumer des co\u00fbts de d\u00e9fense suppl\u00e9mentaires.<\/li>\n<\/ul>\n\n\n\n<hr class=\"wp-block-separator has-alpha-channel-opacity\"\/>\n\n\n\n<p class=\"wp-block-paragraph\"><strong>2. Pression budg\u00e9taire<\/strong><\/p>\n\n\n\n<p class=\"wp-block-paragraph\">La Belgique conna\u00eet d\u00e9j\u00e0 :<\/p>\n\n\n\n<ul class=\"wp-block-list\">\n<li>Un d\u00e9ficit structurel.<\/li>\n\n\n\n<li>Une dette publique \u00e9lev\u00e9e.<\/li>\n<\/ul>\n\n\n\n<p class=\"wp-block-paragraph\">Soutenir l\u2019\u00e9largissement \u00e0 un pays n\u00e9cessitant des transferts massifs pourrait :<\/p>\n\n\n\n<ul class=\"wp-block-list\">\n<li>Accro\u00eetre la contribution belge.<\/li>\n\n\n\n<li>R\u00e9duire les marges budg\u00e9taires nationales.<\/li>\n<\/ul>\n\n\n\n<hr class=\"wp-block-separator has-alpha-channel-opacity\"\/>\n\n\n\n<p class=\"wp-block-paragraph\"><strong>3. Positionnement diplomatique risqu\u00e9<\/strong><\/p>\n\n\n\n<p class=\"wp-block-paragraph\">La Belgique a historiquement jou\u00e9 un r\u00f4le :<\/p>\n\n\n\n<ul class=\"wp-block-list\">\n<li>De m\u00e9diateur.<\/li>\n\n\n\n<li>De pont entre grandes puissances europ\u00e9ennes.<\/li>\n<\/ul>\n\n\n\n<p class=\"wp-block-paragraph\">Un alignement tr\u00e8s affirm\u00e9 pourrait :<\/p>\n\n\n\n<ul class=\"wp-block-list\">\n<li>R\u00e9duire sa capacit\u00e9 diplomatique.<\/li>\n\n\n\n<li>L\u2019identifier comme acteur partisan plut\u00f4t que facilitateur.<\/li>\n<\/ul>\n\n\n\n<hr class=\"wp-block-separator has-alpha-channel-opacity\"\/>\n\n\n\n<p class=\"wp-block-paragraph\"><strong>4. \u00c9largissement vs approfondissement<\/strong><\/p>\n\n\n\n<p class=\"wp-block-paragraph\">Certains estiment que l\u2019UE devrait :<\/p>\n\n\n\n<ul class=\"wp-block-list\">\n<li>Consolider son int\u00e9gration interne.<\/li>\n\n\n\n<li>R\u00e9former ses institutions.<\/li>\n\n\n\n<li>Clarifier son projet politique.<\/li>\n<\/ul>\n\n\n\n<p class=\"wp-block-paragraph\">Avant d\u2019int\u00e9grer un pays de 40+ millions d\u2019habitants, profond\u00e9ment marqu\u00e9 par un conflit majeur.<\/p>\n\n\n\n<hr class=\"wp-block-separator has-alpha-channel-opacity\"\/>\n\n\n\n<p class=\"wp-block-paragraph\"><strong>IV. Position alternative possible<\/strong><\/p>\n\n\n\n<p class=\"wp-block-paragraph\">Favorisons plut\u00f4t une position interm\u00e9diaire qui pourrait \u00eatre :<\/p>\n\n\n\n<ul class=\"wp-block-list\">\n<li>Soutien \u00e9conomique massif \u00e0 l\u2019Ukraine.<\/li>\n\n\n\n<li>Coop\u00e9ration militaire sans adh\u00e9sion imm\u00e9diate.<\/li>\n\n\n\n<li>Partenariat renforc\u00e9 avec l\u2019UE.<\/li>\n\n\n\n<li>Garanties de s\u00e9curit\u00e9 alternatives \u00e0 l\u2019OTAN.<\/li>\n\n\n\n<li>Conditionnalit\u00e9 stricte pour une future adh\u00e9sion.<\/li>\n<\/ul>\n\n\n\n<hr class=\"wp-block-separator has-alpha-channel-opacity\"\/>\n\n\n\n<p class=\"wp-block-paragraph\"><strong>Conclusion <\/strong><\/p>\n\n\n\n<p class=\"wp-block-paragraph\">Cet argumentaire critique repose sur quatre piliers :<\/p>\n\n\n\n<ol start=\"1\" class=\"wp-block-list\">\n<li>Risque d\u2019escalade g\u00e9opolitique.<\/li>\n\n\n\n<li>Co\u00fbt budg\u00e9taire \u00e9lev\u00e9.<\/li>\n\n\n\n<li>Fragilisation institutionnelle europ\u00e9enne.<\/li>\n\n\n\n<li>Impact strat\u00e9gique disproportionn\u00e9 pour des \u00c9tats comme la Belgique.<\/li>\n<\/ol>\n","protected":false},"excerpt":{"rendered":"<p>(Il s\u2019agit d\u2019un raisonnement politique et g\u00e9ostrat\u00e9gique, pas d\u2019un jugement moral sur l\u2019Ukraine elle-m\u00eame.) I. Argumentaire contre l\u2019adh\u00e9sion de l\u2019Ukraine \u00e0 l\u2019OTAN 1. Risque d\u2019escalade directe avec la Russie L\u2019adh\u00e9sion de l\u2019Ukraine \u00e0 l\u2019Organisation du trait\u00e9 de l&rsquo;Atlantique nord activerait l\u2019article 5 (d\u00e9fense collective).Or l\u2019Ukraine est d\u00e9j\u00e0 en guerre avec la Russie. Cela signifie que [&hellip;]<\/p>\n","protected":false},"author":1,"featured_media":0,"comment_status":"open","ping_status":"open","sticky":false,"template":"","format":"standard","meta":{"_monsterinsights_skip_tracking":false,"_uf_show_specific_survey":0,"_uf_disable_surveys":false,"footnotes":""},"categories":[39,41],"tags":[],"class_list":["post-2700","post","type-post","status-publish","format-standard","hentry","category-ukraine","category-union-europeenne"],"_links":{"self":[{"href":"https:\/\/droitemoderniste.be\/index.php\/wp-json\/wp\/v2\/posts\/2700","targetHints":{"allow":["GET"]}}],"collection":[{"href":"https:\/\/droitemoderniste.be\/index.php\/wp-json\/wp\/v2\/posts"}],"about":[{"href":"https:\/\/droitemoderniste.be\/index.php\/wp-json\/wp\/v2\/types\/post"}],"author":[{"embeddable":true,"href":"https:\/\/droitemoderniste.be\/index.php\/wp-json\/wp\/v2\/users\/1"}],"replies":[{"embeddable":true,"href":"https:\/\/droitemoderniste.be\/index.php\/wp-json\/wp\/v2\/comments?post=2700"}],"version-history":[{"count":1,"href":"https:\/\/droitemoderniste.be\/index.php\/wp-json\/wp\/v2\/posts\/2700\/revisions"}],"predecessor-version":[{"id":2702,"href":"https:\/\/droitemoderniste.be\/index.php\/wp-json\/wp\/v2\/posts\/2700\/revisions\/2702"}],"wp:attachment":[{"href":"https:\/\/droitemoderniste.be\/index.php\/wp-json\/wp\/v2\/media?parent=2700"}],"wp:term":[{"taxonomy":"category","embeddable":true,"href":"https:\/\/droitemoderniste.be\/index.php\/wp-json\/wp\/v2\/categories?post=2700"},{"taxonomy":"post_tag","embeddable":true,"href":"https:\/\/droitemoderniste.be\/index.php\/wp-json\/wp\/v2\/tags?post=2700"}],"curies":[{"name":"wp","href":"https:\/\/api.w.org\/{rel}","templated":true}]}}