{"id":2697,"date":"2026-03-01T11:30:18","date_gmt":"2026-03-01T10:30:18","guid":{"rendered":"https:\/\/droitemoderniste.be\/?p=2697"},"modified":"2026-03-01T11:30:18","modified_gmt":"2026-03-01T10:30:18","slug":"lelargissement-a-lukraine-prudence-strategique-et-responsabilite-europeenne","status":"publish","type":"post","link":"https:\/\/droitemoderniste.be\/index.php\/2026\/03\/01\/lelargissement-a-lukraine-prudence-strategique-et-responsabilite-europeenne\/","title":{"rendered":"L&rsquo;\u00e9largissement \u00e0 l&rsquo;Ukraine: prudence strat\u00e9gique et responsabilit\u00e9 europ\u00e9enne"},"content":{"rendered":"\n<figure class=\"wp-block-image size-full\"><img loading=\"lazy\" decoding=\"async\" width=\"311\" height=\"162\" src=\"https:\/\/droitemoderniste.be\/wp-content\/uploads\/2026\/03\/ursula-pro-ukrai1.jpg\" alt=\"\" class=\"wp-image-2698\" srcset=\"https:\/\/droitemoderniste.be\/wp-content\/uploads\/2026\/03\/ursula-pro-ukrai1.jpg 311w, https:\/\/droitemoderniste.be\/wp-content\/uploads\/2026\/03\/ursula-pro-ukrai1-300x156.jpg 300w\" sizes=\"auto, (max-width: 311px) 100vw, 311px\" \/><\/figure>\n\n\n\n<p class=\"wp-block-paragraph\">Mesdames, Messieurs,<\/p>\n\n\n\n<p class=\"wp-block-paragraph\">Le d\u00e9bat sur l\u2019adh\u00e9sion de l\u2019Ukraine \u00e0 l\u2019Organisation du trait\u00e9 de l&rsquo;Atlantique nord et \u00e0 l\u2019Union europ\u00e9enne n\u2019est pas un d\u00e9bat technique.<br>C\u2019est un d\u00e9bat historique.<br>Un d\u00e9bat de s\u00e9curit\u00e9, de responsabilit\u00e9 et de vision pour l\u2019Europe.<\/p>\n\n\n\n<p class=\"wp-block-paragraph\">Soyons clairs d\u2019embl\u00e9e : soutenir l\u2019Ukraine face \u00e0 l\u2019agression qu\u2019elle subit est une \u00e9vidence morale et politique. Mais soutenir un pays ne signifie pas accepter sans r\u00e9serve son adh\u00e9sion imm\u00e9diate \u00e0 deux des structures les plus structurantes de notre continent.<\/p>\n\n\n\n<p class=\"wp-block-paragraph\">La question n\u2019est pas : \u00ab L\u2019Ukraine m\u00e9rite-t-elle notre soutien ? \u00bb<br>La question est : \u00ab L\u2019Europe et la Belgique ont-elles int\u00e9r\u00eat \u00e0 une adh\u00e9sion rapide ? \u00bb<\/p>\n\n\n\n<hr class=\"wp-block-separator has-alpha-channel-opacity\"\/>\n\n\n\n<p class=\"wp-block-paragraph\"><strong>I. L\u2019OTAN : le risque d\u2019une escalade directe<\/strong><\/p>\n\n\n\n<p class=\"wp-block-paragraph\">L\u2019adh\u00e9sion \u00e0 l\u2019OTAN implique l\u2019article 5 : une attaque contre l\u2019un devient une attaque contre tous.<\/p>\n\n\n\n<p class=\"wp-block-paragraph\">Or l\u2019Ukraine est aujourd\u2019hui engag\u00e9e dans un conflit ouvert avec la Russie.<\/p>\n\n\n\n<p class=\"wp-block-paragraph\">Admettre un pays en guerre dans une alliance de d\u00e9fense collective reviendrait \u00e0 transformer un conflit r\u00e9gional en confrontation potentielle directe entre l\u2019OTAN et la Russie.<br>Cela signifierait accepter le risque d\u2019une escalade militaire majeure, y compris nucl\u00e9aire.<\/p>\n\n\n\n<p class=\"wp-block-paragraph\">L\u2019OTAN a toujours \u00e9vit\u00e9 d\u2019int\u00e9grer des pays en guerre. Non par faiblesse, mais par lucidit\u00e9 strat\u00e9gique.<\/p>\n\n\n\n<p class=\"wp-block-paragraph\">La s\u00e9curit\u00e9 europ\u00e9enne ne peut pas \u00eatre fond\u00e9e sur la pr\u00e9cipitation.<\/p>\n\n\n\n<hr class=\"wp-block-separator has-alpha-channel-opacity\"\/>\n\n\n\n<p class=\"wp-block-paragraph\"><strong>II. L\u2019Union europ\u00e9enne : un \u00e9largissement aux cons\u00e9quences lourdes<\/strong><\/p>\n\n\n\n<p class=\"wp-block-paragraph\">L\u2019Union europ\u00e9enne n\u2019est pas seulement un march\u00e9.<br>C\u2019est une union budg\u00e9taire, agricole, r\u00e9glementaire et institutionnelle.<\/p>\n\n\n\n<p class=\"wp-block-paragraph\">L\u2019Ukraine est un grand pays, \u00e0 reconstruire, avec un PIB par habitant bien inf\u00e9rieur \u00e0 la moyenne europ\u00e9enne et des besoins d\u2019investissements colossaux.<\/p>\n\n\n\n<p class=\"wp-block-paragraph\">Son adh\u00e9sion impliquerait :<\/p>\n\n\n\n<ul class=\"wp-block-list\">\n<li>Des transferts financiers massifs.<\/li>\n\n\n\n<li>Une r\u00e9forme profonde de la politique agricole commune.<\/li>\n\n\n\n<li>Une redistribution des fonds de coh\u00e9sion.<\/li>\n<\/ul>\n\n\n\n<p class=\"wp-block-paragraph\">Sommes-nous pr\u00eats \u00e0 expliquer aux agriculteurs europ\u00e9ens qu\u2019ils devront faire face \u00e0 une concurrence accrue d\u2019un g\u00e9ant agricole ?<br>Sommes-nous pr\u00eats \u00e0 demander aux \u00c9tats contributeurs nets, comme la Belgique, d\u2019augmenter encore leur participation budg\u00e9taire ?<\/p>\n\n\n\n<p class=\"wp-block-paragraph\">L\u2019\u00e9largissement ne peut pas se faire au d\u00e9triment de la coh\u00e9sion interne.<\/p>\n\n\n\n<hr class=\"wp-block-separator has-alpha-channel-opacity\"\/>\n\n\n\n<p class=\"wp-block-paragraph\"><strong>III. La Belgique : responsabilit\u00e9 ou imprudence ?<\/strong><\/p>\n\n\n\n<p class=\"wp-block-paragraph\">Notre pays n\u2019est pas une grande puissance militaire.<br>La Belgique est un \u00c9tat commer\u00e7ant, diplomatique, m\u00e9diateur.<\/p>\n\n\n\n<p class=\"wp-block-paragraph\">En soutenant sans nuance l\u2019adh\u00e9sion \u00e0 l\u2019OTAN, nous acceptons potentiellement :<\/p>\n\n\n\n<ul class=\"wp-block-list\">\n<li>Une implication militaire directe.<\/li>\n\n\n\n<li>Une exposition accrue de nos infrastructures strat\u00e9giques.<\/li>\n\n\n\n<li>Une hausse des d\u00e9penses de d\u00e9fense.<\/li>\n<\/ul>\n\n\n\n<p class=\"wp-block-paragraph\">En soutenant l\u2019\u00e9largissement rapide de l\u2019Union, nous acceptons :<\/p>\n\n\n\n<ul class=\"wp-block-list\">\n<li>Une pression suppl\u00e9mentaire sur nos finances publiques.<\/li>\n\n\n\n<li>Une r\u00e9allocation de fonds structurels.<\/li>\n\n\n\n<li>Une transformation majeure de l\u2019\u00e9quilibre institutionnel europ\u00e9en.<\/li>\n<\/ul>\n\n\n\n<p class=\"wp-block-paragraph\">Dans un contexte o\u00f9 notre dette est \u00e9lev\u00e9e et nos marges budg\u00e9taires limit\u00e9es, la prudence devrait guider nos choix.<\/p>\n\n\n\n<hr class=\"wp-block-separator has-alpha-channel-opacity\"\/>\n\n\n\n<p class=\"wp-block-paragraph\"><strong>IV. \u00c9largir ou approfondir ?<\/strong><\/p>\n\n\n\n<p class=\"wp-block-paragraph\">Avant d\u2019\u00e9largir, l\u2019Europe doit se poser une question simple :<\/p>\n\n\n\n<p class=\"wp-block-paragraph\">Avons-nous consolid\u00e9 notre propre architecture ?<\/p>\n\n\n\n<ul class=\"wp-block-list\">\n<li>Nos institutions sont-elles adapt\u00e9es \u00e0 un \u00e9largissement massif ?<\/li>\n\n\n\n<li>Notre politique \u00e9trang\u00e8re est-elle unifi\u00e9e ?<\/li>\n\n\n\n<li>Notre d\u00e9fense europ\u00e9enne est-elle structur\u00e9e ?<\/li>\n<\/ul>\n\n\n\n<p class=\"wp-block-paragraph\">Int\u00e9grer un pays de plus de 40 millions d\u2019habitants, marqu\u00e9 par un conflit majeur, sans r\u00e9forme pr\u00e9alable de l\u2019Union, serait une fuite en avant.<\/p>\n\n\n\n<hr class=\"wp-block-separator has-alpha-channel-opacity\"\/>\n\n\n\n<p class=\"wp-block-paragraph\"><strong>V. Une alternative responsable<\/strong><\/p>\n\n\n\n<p class=\"wp-block-paragraph\">Refuser une adh\u00e9sion imm\u00e9diate ne signifie pas abandonner l\u2019Ukraine.<\/p>\n\n\n\n<p class=\"wp-block-paragraph\">Cela signifie :<\/p>\n\n\n\n<ul class=\"wp-block-list\">\n<li>Soutien \u00e9conomique massif.<\/li>\n\n\n\n<li>Coop\u00e9ration militaire renforc\u00e9e.<\/li>\n\n\n\n<li>Partenariat privil\u00e9gi\u00e9 avec l\u2019Union europ\u00e9enne.<\/li>\n\n\n\n<li>Conditionnalit\u00e9 stricte sur les r\u00e9formes.<\/li>\n\n\n\n<li>Perspective d\u2019adh\u00e9sion \u00e0 long terme, lorsque la paix et la stabilit\u00e9 seront garanties.<\/li>\n<\/ul>\n\n\n\n<p class=\"wp-block-paragraph\">La solidarit\u00e9 n\u2019implique pas l\u2019imprudence.<\/p>\n\n\n\n<hr class=\"wp-block-separator has-alpha-channel-opacity\"\/>\n\n\n\n<p class=\"wp-block-paragraph\"><strong>Conclusion<\/strong><\/p>\n\n\n\n<p class=\"wp-block-paragraph\">Mesdames, Messieurs,<\/p>\n\n\n\n<p class=\"wp-block-paragraph\">L\u2019\u00e9motion ne peut pas remplacer la strat\u00e9gie.<\/p>\n\n\n\n<p class=\"wp-block-paragraph\">L\u2019Europe doit agir avec c\u0153ur, mais aussi avec t\u00eate.<br>La Belgique doit d\u00e9fendre ses valeurs, mais aussi ses int\u00e9r\u00eats.<\/p>\n\n\n\n<p class=\"wp-block-paragraph\">La question n\u2019est pas de savoir si l\u2019Ukraine a sa place en Europe.<br>La question est de savoir si le moment est venu.<\/p>\n\n\n\n<p class=\"wp-block-paragraph\">Et aujourd\u2019hui, la r\u00e9ponse responsable est la prudence.<\/p>\n","protected":false},"excerpt":{"rendered":"<p>Mesdames, Messieurs, Le d\u00e9bat sur l\u2019adh\u00e9sion de l\u2019Ukraine \u00e0 l\u2019Organisation du trait\u00e9 de l&rsquo;Atlantique nord et \u00e0 l\u2019Union europ\u00e9enne n\u2019est pas un d\u00e9bat technique.C\u2019est un d\u00e9bat historique.Un d\u00e9bat de s\u00e9curit\u00e9, de responsabilit\u00e9 et de vision pour l\u2019Europe. Soyons clairs d\u2019embl\u00e9e : soutenir l\u2019Ukraine face \u00e0 l\u2019agression qu\u2019elle subit est une \u00e9vidence morale et politique. Mais [&hellip;]<\/p>\n","protected":false},"author":1,"featured_media":0,"comment_status":"open","ping_status":"open","sticky":false,"template":"","format":"standard","meta":{"_monsterinsights_skip_tracking":false,"_uf_show_specific_survey":0,"_uf_disable_surveys":false,"footnotes":""},"categories":[6,55,39,41],"tags":[],"class_list":["post-2697","post","type-post","status-publish","format-standard","hentry","category-otan","category-souverainisme-europeen","category-ukraine","category-union-europeenne"],"_links":{"self":[{"href":"https:\/\/droitemoderniste.be\/index.php\/wp-json\/wp\/v2\/posts\/2697","targetHints":{"allow":["GET"]}}],"collection":[{"href":"https:\/\/droitemoderniste.be\/index.php\/wp-json\/wp\/v2\/posts"}],"about":[{"href":"https:\/\/droitemoderniste.be\/index.php\/wp-json\/wp\/v2\/types\/post"}],"author":[{"embeddable":true,"href":"https:\/\/droitemoderniste.be\/index.php\/wp-json\/wp\/v2\/users\/1"}],"replies":[{"embeddable":true,"href":"https:\/\/droitemoderniste.be\/index.php\/wp-json\/wp\/v2\/comments?post=2697"}],"version-history":[{"count":1,"href":"https:\/\/droitemoderniste.be\/index.php\/wp-json\/wp\/v2\/posts\/2697\/revisions"}],"predecessor-version":[{"id":2699,"href":"https:\/\/droitemoderniste.be\/index.php\/wp-json\/wp\/v2\/posts\/2697\/revisions\/2699"}],"wp:attachment":[{"href":"https:\/\/droitemoderniste.be\/index.php\/wp-json\/wp\/v2\/media?parent=2697"}],"wp:term":[{"taxonomy":"category","embeddable":true,"href":"https:\/\/droitemoderniste.be\/index.php\/wp-json\/wp\/v2\/categories?post=2697"},{"taxonomy":"post_tag","embeddable":true,"href":"https:\/\/droitemoderniste.be\/index.php\/wp-json\/wp\/v2\/tags?post=2697"}],"curies":[{"name":"wp","href":"https:\/\/api.w.org\/{rel}","templated":true}]}}