{"id":2694,"date":"2026-02-28T11:31:06","date_gmt":"2026-02-28T10:31:06","guid":{"rendered":"https:\/\/droitemoderniste.be\/?p=2694"},"modified":"2026-02-28T11:31:06","modified_gmt":"2026-02-28T10:31:06","slug":"nous-protegeons-les-petits-pensionnes","status":"publish","type":"post","link":"https:\/\/droitemoderniste.be\/index.php\/2026\/02\/28\/nous-protegeons-les-petits-pensionnes\/","title":{"rendered":"Nous prot\u00e9geons les petits pensionn\u00e9s!"},"content":{"rendered":"\n<figure class=\"wp-block-image size-large\"><img loading=\"lazy\" decoding=\"async\" width=\"1024\" height=\"683\" src=\"https:\/\/droitemoderniste.be\/wp-content\/uploads\/2026\/02\/vieillir-dignement-1024x683.png\" alt=\"\" class=\"wp-image-2695\" srcset=\"https:\/\/droitemoderniste.be\/wp-content\/uploads\/2026\/02\/vieillir-dignement-1024x683.png 1024w, https:\/\/droitemoderniste.be\/wp-content\/uploads\/2026\/02\/vieillir-dignement-300x200.png 300w, https:\/\/droitemoderniste.be\/wp-content\/uploads\/2026\/02\/vieillir-dignement-768x512.png 768w, https:\/\/droitemoderniste.be\/wp-content\/uploads\/2026\/02\/vieillir-dignement.png 1536w\" sizes=\"auto, (max-width: 1024px) 100vw, 1024px\" \/><\/figure>\n\n\n\n<ul class=\"wp-block-list\">\n<li>Beaucoup de pensionn\u00e9s vivent avec des revenus trop faibles.<\/li>\n\n\n\n<li>Les factures de sant\u00e9 et de logement p\u00e8sent lourd.<\/li>\n\n\n\n<li>Les maisons de repos sont souvent hors de port\u00e9e financi\u00e8re.<\/li>\n<\/ul>\n\n\n\n<p class=\"wp-block-paragraph\"><strong>Chiffres cl\u00e9s Belgique 2025<\/strong><\/p>\n\n\n\n<ul class=\"wp-block-list\">\n<li>Pension minimum isol\u00e9 : ~1\u202f600\u202f\u20ac\/mois<\/li>\n\n\n\n<li>Pension minimum m\u00e9nage : ~2\u202f260\u202f\u20ac\/mois<\/li>\n\n\n\n<li>Co\u00fbt moyen maison de repos : 1\u202f850\u20132\u202f100\u202f\u20ac\/mois<\/li>\n\n\n\n<li>Nombre de pensionn\u00e9s modestes : ~1 million<\/li>\n<\/ul>\n\n\n\n<p class=\"wp-block-paragraph\"><strong>Message <mark style=\"background-color:rgba(0, 0, 0, 0);color:#ff6900\" class=\"has-inline-color\">MDM<\/mark> :<\/strong><\/p>\n\n\n\n<p class=\"wp-block-paragraph\"><em>\u00ab Personne ne devrait vieillir dans l\u2019angoisse. \u00bb<\/em><\/p>\n\n\n\n<p class=\"wp-block-paragraph\"><strong>Nos engagements pour les pensionn\u00e9s<\/strong><\/p>\n\n\n\n<p class=\"wp-block-paragraph\"> <em>\u00ab S\u00e9curit\u00e9, dignit\u00e9, libert\u00e9 \u00bb<\/em><\/p>\n\n\n\n<p class=\"wp-block-paragraph\"><strong>Mesures cl\u00e9s :<\/strong><\/p>\n\n\n\n<ol start=\"1\" class=\"wp-block-list\">\n<li><strong>Rehaussement cibl\u00e9 des petites pensions<\/strong><br>\u2192 Aucun pensionn\u00e9 sous le seuil de dignit\u00e9.<\/li>\n\n\n\n<li><strong>Prime \u201ccarri\u00e8re longue et modeste\u201d<\/strong><br>\u2192 Jusqu\u2019\u00e0 500\u202f\u20ac\/an pour les carri\u00e8res \u00e0 bas salaires.<\/li>\n\n\n\n<li><strong>Bouclier sant\u00e9<\/strong><br>\u2192 Plafond annuel de d\u00e9penses apr\u00e8s lequel tout est rembours\u00e9.<\/li>\n\n\n\n<li><strong>Aides logement et \u00e9nergie<\/strong><br>\u2192 Ch\u00e8que \u00e9nergie senior, adaptation du domicile, maintien \u00e0 domicile prioritaire.<\/li>\n\n\n\n<li><strong>Culture et mobilit\u00e9<\/strong><br>\u2192 Pass culture senior et transports quasi gratuits pour petits pensionn\u00e9s.<\/li>\n\n\n\n<li><strong>Protection contre les abus<\/strong><br>\u2192 Cellule anti-arnaques, transparence et contr\u00f4les des maisons de repos.<\/li>\n<\/ol>\n\n\n\n<hr class=\"wp-block-separator has-alpha-channel-opacity\"\/>\n\n\n\n<p class=\"wp-block-paragraph\"><strong>Comment financer sans d\u00e9ficit ?<\/strong><\/p>\n\n\n\n<p class=\"wp-block-paragraph\"><em>\u00ab Solidarit\u00e9 oui, d\u00e9ficit non. \u00bb<\/em><\/p>\n\n\n\n<p class=\"wp-block-paragraph\"><strong>Strat\u00e9gie <mark style=\"background-color:rgba(0, 0, 0, 0);color:#ff6900\" class=\"has-inline-color\">MDM<\/mark> :<\/strong><\/p>\n\n\n\n<ul class=\"wp-block-list\">\n<li><strong>Fraude sociale et fiscale<\/strong> \u2192 tol\u00e9rance z\u00e9ro, recouvrements : +1,0\u20131,3 Md\u20ac<\/li>\n\n\n\n<li><strong>D\u00e9penses inefficaces<\/strong> \u2192 audit et rationalisation : +0,7\u20131,0 Md\u20ac<\/li>\n\n\n\n<li><strong>Contribution \u00e9quitable des tr\u00e8s hauts revenus financiers<\/strong> \u2192 +0,4\u20130,6 Md\u20ac<\/li>\n\n\n\n<li><strong>Emploi volontaire des seniors<\/strong> \u2192 +0,2\u20130,4 Md\u20ac<\/li>\n\n\n\n<li><strong>Optimisation des soins<\/strong> \u2192 +0,3\u20130,5 Md\u20ac<\/li>\n<\/ul>\n\n\n\n<p class=\"wp-block-paragraph\"><strong>Total recouvr\u00e9 : 2,6 \u2013 3,8 milliards \u20ac\/an<\/strong><br>Suffisant pour financer toutes nos mesures <strong>sans augmenter les imp\u00f4ts des petits pensionn\u00e9s<\/strong>.<\/p>\n\n\n\n<hr class=\"wp-block-separator has-alpha-channel-opacity\"\/>\n\n\n\n<p class=\"wp-block-paragraph\"><strong>Pourquoi choisir <mark style=\"background-color:rgba(0, 0, 0, 0);color:#ff6900\" class=\"has-inline-color\">MDM<\/mark> ?<\/strong><\/p>\n\n\n\n<ul class=\"wp-block-list\">\n<li>Priorit\u00e9 aux plus faibles, sans sacrifier l\u2019avenir.<\/li>\n\n\n\n<li>Gestion responsable et transparente.<\/li>\n\n\n\n<li>Modernisation administrative et innovation utile.<\/li>\n\n\n\n<li>Droite moderniste : protectrice, sociale, pragmatique.<\/li>\n<\/ul>\n\n\n\n<p class=\"wp-block-paragraph\"><em>\u00ab La dignit\u00e9 n\u2019est pas une d\u00e9pense : c\u2019est un devoir. \u00bb<\/em><\/p>\n\n\n\n<hr class=\"wp-block-separator has-alpha-channel-opacity\"\/>\n\n\n\n<p class=\"wp-block-paragraph\">Rejoignez le <mark style=\"background-color:rgba(0, 0, 0, 0);color:#ff6900\" class=\"has-inline-color\">Mouvement Droite Moderniste<\/mark> pour une Belgique o\u00f9 nos a\u00een\u00e9s vivent avec dignit\u00e9, s\u00e9curit\u00e9 et libert\u00e9.<br>Ensemble, prot\u00e9geons les plus faibles <strong>sans endetter nos enfants<\/strong>.<\/p>\n\n\n\n<p class=\"wp-block-paragraph\"><strong><mark style=\"background-color:rgba(0, 0, 0, 0);color:#ff6900\" class=\"has-inline-color\"><em>\u00ab Racines fortes, regard neuf \u00bb<\/em><\/mark><\/strong><\/p>\n\n\n\n<p class=\"wp-block-paragraph\"><\/p>\n","protected":false},"excerpt":{"rendered":"<p>Chiffres cl\u00e9s Belgique 2025 Message MDM : \u00ab Personne ne devrait vieillir dans l\u2019angoisse. \u00bb Nos engagements pour les pensionn\u00e9s \u00ab S\u00e9curit\u00e9, dignit\u00e9, libert\u00e9 \u00bb Mesures cl\u00e9s : Comment financer sans d\u00e9ficit ? \u00ab Solidarit\u00e9 oui, d\u00e9ficit non. \u00bb Strat\u00e9gie MDM : Total recouvr\u00e9 : 2,6 \u2013 3,8 milliards \u20ac\/anSuffisant pour financer toutes nos mesures [&hellip;]<\/p>\n","protected":false},"author":1,"featured_media":0,"comment_status":"open","ping_status":"open","sticky":false,"template":"","format":"standard","meta":{"_monsterinsights_skip_tracking":false,"_uf_show_specific_survey":0,"_uf_disable_surveys":false,"footnotes":""},"categories":[52],"tags":[],"class_list":["post-2694","post","type-post","status-publish","format-standard","hentry","category-pensionnes"],"_links":{"self":[{"href":"https:\/\/droitemoderniste.be\/index.php\/wp-json\/wp\/v2\/posts\/2694","targetHints":{"allow":["GET"]}}],"collection":[{"href":"https:\/\/droitemoderniste.be\/index.php\/wp-json\/wp\/v2\/posts"}],"about":[{"href":"https:\/\/droitemoderniste.be\/index.php\/wp-json\/wp\/v2\/types\/post"}],"author":[{"embeddable":true,"href":"https:\/\/droitemoderniste.be\/index.php\/wp-json\/wp\/v2\/users\/1"}],"replies":[{"embeddable":true,"href":"https:\/\/droitemoderniste.be\/index.php\/wp-json\/wp\/v2\/comments?post=2694"}],"version-history":[{"count":1,"href":"https:\/\/droitemoderniste.be\/index.php\/wp-json\/wp\/v2\/posts\/2694\/revisions"}],"predecessor-version":[{"id":2696,"href":"https:\/\/droitemoderniste.be\/index.php\/wp-json\/wp\/v2\/posts\/2694\/revisions\/2696"}],"wp:attachment":[{"href":"https:\/\/droitemoderniste.be\/index.php\/wp-json\/wp\/v2\/media?parent=2694"}],"wp:term":[{"taxonomy":"category","embeddable":true,"href":"https:\/\/droitemoderniste.be\/index.php\/wp-json\/wp\/v2\/categories?post=2694"},{"taxonomy":"post_tag","embeddable":true,"href":"https:\/\/droitemoderniste.be\/index.php\/wp-json\/wp\/v2\/tags?post=2694"}],"curies":[{"name":"wp","href":"https:\/\/api.w.org\/{rel}","templated":true}]}}