{"id":2690,"date":"2026-02-25T10:48:45","date_gmt":"2026-02-25T09:48:45","guid":{"rendered":"https:\/\/droitemoderniste.be\/?p=2690"},"modified":"2026-02-25T10:52:10","modified_gmt":"2026-02-25T09:52:10","slug":"leurope-puissance-ne-se-decrete-pas-inseparable","status":"publish","type":"post","link":"https:\/\/droitemoderniste.be\/index.php\/2026\/02\/25\/leurope-puissance-ne-se-decrete-pas-inseparable\/","title":{"rendered":"L&rsquo;Europe puissance ne se d\u00e9cr\u00e8te pas \u00ab\u00a0ins\u00e9parable\u00a0\u00bb"},"content":{"rendered":"\n<figure class=\"wp-block-image size-large\"><img loading=\"lazy\" decoding=\"async\" width=\"683\" height=\"1024\" src=\"https:\/\/droitemoderniste.be\/wp-content\/uploads\/2026\/02\/Europe-puissance-683x1024.png\" alt=\"\" class=\"wp-image-2691\" srcset=\"https:\/\/droitemoderniste.be\/wp-content\/uploads\/2026\/02\/Europe-puissance-683x1024.png 683w, https:\/\/droitemoderniste.be\/wp-content\/uploads\/2026\/02\/Europe-puissance-200x300.png 200w, https:\/\/droitemoderniste.be\/wp-content\/uploads\/2026\/02\/Europe-puissance-768x1152.png 768w, https:\/\/droitemoderniste.be\/wp-content\/uploads\/2026\/02\/Europe-puissance.png 1024w\" sizes=\"auto, (max-width: 683px) 100vw, 683px\" \/><\/figure>\n\n\n\n<p class=\"wp-block-paragraph\">Affirmer que \u00ab les destins de l\u2019Ukraine et de l\u2019Europe sont imbriqu\u00e9s et ins\u00e9parables \u00bb est une formule spectaculaire. Mais une droite moderniste refuse les slogans qui remplacent la strat\u00e9gie.<\/p>\n\n\n\n<p class=\"wp-block-paragraph\">L\u2019Union europ\u00e9enne n\u2019est pas un prolongement g\u00e9opolitique de l\u2019Ukraine.<br>Elle est une construction politique souveraine, fond\u00e9e sur des int\u00e9r\u00eats propres, une trajectoire historique propre, et des responsabilit\u00e9s propres envers ses citoyens.<\/p>\n\n\n\n<p class=\"wp-block-paragraph\">La solidarit\u00e9 n\u2019est pas la fusion.<br>L\u2019engagement n\u2019est pas la dissolution.<\/p>\n\n\n\n<hr class=\"wp-block-separator has-alpha-channel-opacity\"\/>\n\n\n\n<p class=\"wp-block-paragraph\"><strong>Le souverainisme \u00e9clair\u00e9 refuse l\u2019engrenage<\/strong><\/p>\n\n\n\n<p class=\"wp-block-paragraph\">Le <mark style=\"background-color:rgba(0, 0, 0, 0);color:#ff6900\" class=\"has-inline-color\">MDM <\/mark>d\u00e9fend une Europe puissance \u2014 pas une Europe \u00e9motionnelle.<\/p>\n\n\n\n<p class=\"wp-block-paragraph\">Oui, la guerre d\u00e9clench\u00e9e par la Russie bouleverse l\u2019\u00e9quilibre continental.<br>Oui, elle exige une r\u00e9ponse strat\u00e9gique.<br>Mais non, elle ne d\u00e9finit pas ontologiquement l\u2019avenir institutionnel, budg\u00e9taire et militaire de l\u2019Europe.<\/p>\n\n\n\n<p class=\"wp-block-paragraph\">Lier les destins revient \u00e0 figer l\u2019Europe dans une logique d\u2019alignement automatique :<\/p>\n\n\n\n<ul class=\"wp-block-list\">\n<li>alignement militaire sans d\u00e9bat permanent,<\/li>\n\n\n\n<li>alignement diplomatique sans marge de man\u0153uvre,<\/li>\n\n\n\n<li>alignement financier sans limite temporelle claire.<\/li>\n<\/ul>\n\n\n\n<p class=\"wp-block-paragraph\">Une puissance moderne ne s\u2019enferme pas dans l\u2019irr\u00e9versibilit\u00e9.<\/p>\n\n\n\n<hr class=\"wp-block-separator has-alpha-channel-opacity\"\/>\n\n\n\n<p class=\"wp-block-paragraph\"><strong>L\u2019Europe doit choisir, pas subir<\/strong><\/p>\n\n\n\n<p class=\"wp-block-paragraph\">Le <mark style=\"background-color:rgba(0, 0, 0, 0);color:#ff6900\" class=\"has-inline-color\">MDM<\/mark> d\u00e9fend :<\/p>\n\n\n\n<ul class=\"wp-block-list\">\n<li>une d\u00e9fense europ\u00e9enne renforc\u00e9e,<\/li>\n\n\n\n<li>une autonomie strat\u00e9gique r\u00e9elle,<\/li>\n\n\n\n<li>une capacit\u00e9 industrielle militaire propre,<\/li>\n\n\n\n<li>une diplomatie ind\u00e9pendante.<\/li>\n<\/ul>\n\n\n\n<p class=\"wp-block-paragraph\">Mais pr\u00e9cis\u00e9ment pour cela, l\u2019Europe ne doit d\u00e9pendre d\u2019aucun conflit ext\u00e9rieur pour d\u00e9finir son avenir.<\/p>\n\n\n\n<p class=\"wp-block-paragraph\">Si le destin europ\u00e9en devient d\u00e9pendant d\u2019un th\u00e9\u00e2tre de guerre pr\u00e9cis, alors il n\u2019est plus souverain.<br>Il devient r\u00e9actif, conditionn\u00e9, subordonn\u00e9.<\/p>\n\n\n\n<hr class=\"wp-block-separator has-alpha-channel-opacity\"\/>\n\n\n\n<p class=\"wp-block-paragraph\"><strong>L\u2019erreur conceptuelle : confondre valeurs et int\u00e9r\u00eats<\/strong><\/p>\n\n\n\n<p class=\"wp-block-paragraph\">Nous partageons avec l\u2019Ukraine des aspirations l\u00e9gitimes : souverainet\u00e9, libert\u00e9, s\u00e9curit\u00e9.<\/p>\n\n\n\n<p class=\"wp-block-paragraph\">Mais une Europe adulte distingue :<\/p>\n\n\n\n<ul class=\"wp-block-list\">\n<li>la solidarit\u00e9 morale,<\/li>\n\n\n\n<li>et l\u2019int\u00e9r\u00eat strat\u00e9gique durable.<\/li>\n<\/ul>\n\n\n\n<p class=\"wp-block-paragraph\">Le souverainisme \u00e9clair\u00e9 n\u2019est ni isolationniste ni sentimental.<br>Il est lucide.<\/p>\n\n\n\n<hr class=\"wp-block-separator has-alpha-channel-opacity\"\/>\n\n\n\n<p class=\"wp-block-paragraph\"><strong>L\u2019Europe puissance, pas l\u2019Europe satellite<\/strong><\/p>\n\n\n\n<p class=\"wp-block-paragraph\">Le projet moderniste que nous portons affirme :<\/p>\n\n\n\n<ul class=\"wp-block-list\">\n<li>une Europe capable de soutenir,<\/li>\n\n\n\n<li>capable de n\u00e9gocier,<\/li>\n\n\n\n<li>capable de dissuader,<\/li>\n\n\n\n<li>capable de d\u00e9fendre ses fronti\u00e8res,<\/li>\n<\/ul>\n\n\n\n<p class=\"wp-block-paragraph\">mais toujours libre de calibrer son engagement.<\/p>\n\n\n\n<p class=\"wp-block-paragraph\">Parler de destins \u00ab ins\u00e9parables \u00bb revient \u00e0 enfermer l\u2019Europe dans une narration d\u2019irr\u00e9versibilit\u00e9 permanente.<\/p>\n\n\n\n<p class=\"wp-block-paragraph\">Or la force d\u2019une civilisation tient \u00e0 sa capacit\u00e9 d\u2019adaptation \u2014 pas \u00e0 sa mise sous tension \u00e9motionnelle.<\/p>\n\n\n\n<hr class=\"wp-block-separator has-alpha-channel-opacity\"\/>\n\n\n\n<p class=\"wp-block-paragraph\"><strong>Notre ligne est claire<\/strong><\/p>\n\n\n\n<p class=\"wp-block-paragraph\">Nous soutenons la souverainet\u00e9 ukrainienne.<br>Nous condamnons l\u2019agression.<br>Nous voulons une Europe forte.<\/p>\n\n\n\n<p class=\"wp-block-paragraph\">Mais nous refusons que l\u2019avenir de 450 millions d\u2019Europ\u00e9ens soit pr\u00e9sent\u00e9 comme m\u00e9caniquement li\u00e9 \u00e0 l\u2019issue d\u2019un conflit que l\u2019Europe ne contr\u00f4le pas seule.<\/p>\n\n\n\n<p class=\"wp-block-paragraph\">La solidarit\u00e9 est un choix politique.<br>La souverainet\u00e9 est un principe.<\/p>\n\n\n\n<p class=\"wp-block-paragraph\">Et pour le <mark style=\"background-color:rgba(0, 0, 0, 0);color:#ff6900\" class=\"has-inline-color\">MDM<\/mark>, la souverainet\u00e9 ne se d\u00e9l\u00e8gue pas au vocabulaire du \u201cdestin\u201d.<\/p>\n\n\n\n<p class=\"wp-block-paragraph\"><\/p>\n","protected":false},"excerpt":{"rendered":"<p>Affirmer que \u00ab les destins de l\u2019Ukraine et de l\u2019Europe sont imbriqu\u00e9s et ins\u00e9parables \u00bb est une formule spectaculaire. Mais une droite moderniste refuse les slogans qui remplacent la strat\u00e9gie. L\u2019Union europ\u00e9enne n\u2019est pas un prolongement g\u00e9opolitique de l\u2019Ukraine.Elle est une construction politique souveraine, fond\u00e9e sur des int\u00e9r\u00eats propres, une trajectoire historique propre, et des [&hellip;]<\/p>\n","protected":false},"author":1,"featured_media":0,"comment_status":"open","ping_status":"open","sticky":false,"template":"","format":"standard","meta":{"_monsterinsights_skip_tracking":false,"_uf_show_specific_survey":0,"_uf_disable_surveys":false,"footnotes":""},"categories":[47],"tags":[],"class_list":["post-2690","post","type-post","status-publish","format-standard","hentry","category-souverainisme"],"_links":{"self":[{"href":"https:\/\/droitemoderniste.be\/index.php\/wp-json\/wp\/v2\/posts\/2690","targetHints":{"allow":["GET"]}}],"collection":[{"href":"https:\/\/droitemoderniste.be\/index.php\/wp-json\/wp\/v2\/posts"}],"about":[{"href":"https:\/\/droitemoderniste.be\/index.php\/wp-json\/wp\/v2\/types\/post"}],"author":[{"embeddable":true,"href":"https:\/\/droitemoderniste.be\/index.php\/wp-json\/wp\/v2\/users\/1"}],"replies":[{"embeddable":true,"href":"https:\/\/droitemoderniste.be\/index.php\/wp-json\/wp\/v2\/comments?post=2690"}],"version-history":[{"count":2,"href":"https:\/\/droitemoderniste.be\/index.php\/wp-json\/wp\/v2\/posts\/2690\/revisions"}],"predecessor-version":[{"id":2693,"href":"https:\/\/droitemoderniste.be\/index.php\/wp-json\/wp\/v2\/posts\/2690\/revisions\/2693"}],"wp:attachment":[{"href":"https:\/\/droitemoderniste.be\/index.php\/wp-json\/wp\/v2\/media?parent=2690"}],"wp:term":[{"taxonomy":"category","embeddable":true,"href":"https:\/\/droitemoderniste.be\/index.php\/wp-json\/wp\/v2\/categories?post=2690"},{"taxonomy":"post_tag","embeddable":true,"href":"https:\/\/droitemoderniste.be\/index.php\/wp-json\/wp\/v2\/tags?post=2690"}],"curies":[{"name":"wp","href":"https:\/\/api.w.org\/{rel}","templated":true}]}}