{"id":2683,"date":"2026-02-22T10:59:17","date_gmt":"2026-02-22T09:59:17","guid":{"rendered":"https:\/\/droitemoderniste.be\/?p=2683"},"modified":"2026-02-22T10:59:17","modified_gmt":"2026-02-22T09:59:17","slug":"pacte-europeen-sur-la-migration-et-lasile-declaration-publique-du-mouvement-droite-moderniste","status":"publish","type":"post","link":"https:\/\/droitemoderniste.be\/index.php\/2026\/02\/22\/pacte-europeen-sur-la-migration-et-lasile-declaration-publique-du-mouvement-droite-moderniste\/","title":{"rendered":"Pacte europ\u00e9en sur la migration et l&rsquo;asile: d\u00e9claration publique du Mouvement Droite Moderniste"},"content":{"rendered":"\n<figure class=\"wp-block-image size-full\"><img loading=\"lazy\" decoding=\"async\" width=\"376\" height=\"212\" src=\"https:\/\/droitemoderniste.be\/wp-content\/uploads\/2026\/02\/migrations.webp\" alt=\"\" class=\"wp-image-2684\" srcset=\"https:\/\/droitemoderniste.be\/wp-content\/uploads\/2026\/02\/migrations.webp 376w, https:\/\/droitemoderniste.be\/wp-content\/uploads\/2026\/02\/migrations-300x169.webp 300w\" sizes=\"auto, (max-width: 376px) 100vw, 376px\" \/><\/figure>\n\n\n\n<p class=\"wp-block-paragraph\"><strong>Bruxelles, 22 f\u00e9vrier 2026<\/strong><\/p>\n\n\n\n<p class=\"wp-block-paragraph\">Le <mark style=\"background-color:rgba(0, 0, 0, 0);color:#ff6900\" class=\"has-inline-color\">Mouvement Droite Moderniste <\/mark>(<mark style=\"background-color:rgba(0, 0, 0, 0);color:#ff6900\" class=\"has-inline-color\">MDM<\/mark>) prend acte de l\u2019adoption du Pacte europ\u00e9en sur la migration et l\u2019asile, mais estime que ce texte, dans sa forme actuelle, <strong>ne r\u00e9pond pas aux attentes l\u00e9gitimes des citoyens europ\u00e9ens en mati\u00e8re de contr\u00f4le, de clart\u00e9 et d\u2019efficacit\u00e9<\/strong>.<\/p>\n\n\n\n<p class=\"wp-block-paragraph\">\u00ab <em>Nous restons profond\u00e9ment europ\u00e9ens, mais nous ne signerons jamais un ch\u00e8que en blanc sur une question aussi cruciale que la ma\u00eetrise des flux migratoires,<\/em> \u00bb d\u00e9clare le <mark style=\"background-color:rgba(0, 0, 0, 0);color:#ff6900\" class=\"has-inline-color\">MDM<\/mark>.<br>\u00ab <em>Ce Pacte ne garantit ni la protection effective des fronti\u00e8res, ni une gestion r\u00e9aliste des retours, ni une souverainet\u00e9 d\u00e9mocratique suffisante pour les \u00c9tats membres.<\/em> \u00bb<\/p>\n\n\n\n<p class=\"wp-block-paragraph\">Le <mark style=\"background-color:rgba(0, 0, 0, 0);color:#ff6900\" class=\"has-inline-color\">MDM<\/mark> souligne que son opposition n\u2019est <strong>ni id\u00e9ologique, ni identitaire<\/strong>, mais <strong>technique, strat\u00e9gique et coh\u00e9rente<\/strong> avec son approche de <strong>d\u00e9simmigrationnisme rationnel<\/strong> et de <strong>souverainisme \u00e9clair\u00e9<\/strong>.<br>\u00ab <em>Nous voulons une Europe efficace, pas une Europe bureaucratique. Une Europe qui prot\u00e8ge, pas une Europe qui subit.<\/em> \u00bb<\/p>\n\n\n\n<p class=\"wp-block-paragraph\">Le <mark style=\"background-color:rgba(0, 0, 0, 0);color:#ff6900\" class=\"has-inline-color\">MDM<\/mark> appelle d\u00e8s lors \u00e0 une ren\u00e9gociation de certains piliers du Pacte, afin de :<\/p>\n\n\n\n<ul class=\"wp-block-list\">\n<li>renforcer Frontex et les contr\u00f4les ext\u00e9rieurs,<\/li>\n\n\n\n<li>acc\u00e9l\u00e9rer les proc\u00e9dures d\u2019asile,<\/li>\n\n\n\n<li>conditionner les accords commerciaux \u00e0 des accords de r\u00e9admission,<\/li>\n\n\n\n<li>et d\u00e9velopper des centres de traitement externes sous supervision europ\u00e9enne.<\/li>\n<\/ul>\n\n\n\n<p class=\"wp-block-paragraph\">\u00ab <em>Dire non \u00e0 un texte imparfait, ce n\u2019est pas refuser l\u2019Europe,<\/em> \u00bb conclut le mouvement.<br>\u00ab <em>C\u2019est au contraire refuser de sacrifier l\u2019efficacit\u00e9 et la ma\u00eetrise d\u00e9mocratique au profit d\u2019arrangements technocratiques. Nous voulons une Europe forte, lucide et moderne.<\/em> \u00bb<\/p>\n\n\n\n<p class=\"wp-block-paragraph\">Le <mark style=\"background-color:rgba(0, 0, 0, 0);color:#ff6900\" class=\"has-inline-color\">Mouvement Droite Moderniste<\/mark> assurera dans les prochains jours la diffusion d\u2019un document complet d\u00e9taillant son alternative moderniste pour une politique migratoire europ\u00e9enne \u00e0 la fois <strong>humaine, ferme et fonctionnelle<\/strong>.<\/p>\n\n\n\n<p class=\"wp-block-paragraph\"><\/p>\n","protected":false},"excerpt":{"rendered":"<p>Bruxelles, 22 f\u00e9vrier 2026 Le Mouvement Droite Moderniste (MDM) prend acte de l\u2019adoption du Pacte europ\u00e9en sur la migration et l\u2019asile, mais estime que ce texte, dans sa forme actuelle, ne r\u00e9pond pas aux attentes l\u00e9gitimes des citoyens europ\u00e9ens en mati\u00e8re de contr\u00f4le, de clart\u00e9 et d\u2019efficacit\u00e9. \u00ab Nous restons profond\u00e9ment europ\u00e9ens, mais nous ne [&hellip;]<\/p>\n","protected":false},"author":1,"featured_media":0,"comment_status":"open","ping_status":"open","sticky":false,"template":"","format":"standard","meta":{"_monsterinsights_skip_tracking":false,"_uf_show_specific_survey":0,"_uf_disable_surveys":false,"footnotes":""},"categories":[1],"tags":[],"class_list":["post-2683","post","type-post","status-publish","format-standard","hentry","category-immigration"],"_links":{"self":[{"href":"https:\/\/droitemoderniste.be\/index.php\/wp-json\/wp\/v2\/posts\/2683","targetHints":{"allow":["GET"]}}],"collection":[{"href":"https:\/\/droitemoderniste.be\/index.php\/wp-json\/wp\/v2\/posts"}],"about":[{"href":"https:\/\/droitemoderniste.be\/index.php\/wp-json\/wp\/v2\/types\/post"}],"author":[{"embeddable":true,"href":"https:\/\/droitemoderniste.be\/index.php\/wp-json\/wp\/v2\/users\/1"}],"replies":[{"embeddable":true,"href":"https:\/\/droitemoderniste.be\/index.php\/wp-json\/wp\/v2\/comments?post=2683"}],"version-history":[{"count":1,"href":"https:\/\/droitemoderniste.be\/index.php\/wp-json\/wp\/v2\/posts\/2683\/revisions"}],"predecessor-version":[{"id":2685,"href":"https:\/\/droitemoderniste.be\/index.php\/wp-json\/wp\/v2\/posts\/2683\/revisions\/2685"}],"wp:attachment":[{"href":"https:\/\/droitemoderniste.be\/index.php\/wp-json\/wp\/v2\/media?parent=2683"}],"wp:term":[{"taxonomy":"category","embeddable":true,"href":"https:\/\/droitemoderniste.be\/index.php\/wp-json\/wp\/v2\/categories?post=2683"},{"taxonomy":"post_tag","embeddable":true,"href":"https:\/\/droitemoderniste.be\/index.php\/wp-json\/wp\/v2\/tags?post=2683"}],"curies":[{"name":"wp","href":"https:\/\/api.w.org\/{rel}","templated":true}]}}