{"id":2670,"date":"2026-02-15T14:24:22","date_gmt":"2026-02-15T13:24:22","guid":{"rendered":"https:\/\/droitemoderniste.be\/?p=2670"},"modified":"2026-02-15T14:24:22","modified_gmt":"2026-02-15T13:24:22","slug":"produisons-plus-dependons-moins","status":"publish","type":"post","link":"https:\/\/droitemoderniste.be\/index.php\/2026\/02\/15\/produisons-plus-dependons-moins\/","title":{"rendered":"Produisons plus. D\u00e9pendons moins."},"content":{"rendered":"\n<figure class=\"wp-block-image size-full\"><img loading=\"lazy\" decoding=\"async\" width=\"276\" height=\"182\" src=\"https:\/\/droitemoderniste.be\/wp-content\/uploads\/2026\/02\/immigmassive.jpeg\" alt=\"\" class=\"wp-image-2671\"\/><\/figure>\n\n\n\n<p class=\"wp-block-paragraph\">La Belgique peut redevenir forte.<br>Sans d\u00e9pendre de l\u2019immigration \u00e9conomique.<br>Sans augmenter les imp\u00f4ts.<br>Sans sacrifier nos classes moyennes.<\/p>\n\n\n\n<p class=\"wp-block-paragraph\">Il faut <strong>changer de mod\u00e8le<\/strong>.<\/p>\n\n\n\n<hr class=\"wp-block-separator has-alpha-channel-opacity\"\/>\n\n\n\n<h5 class=\"wp-block-heading\">LE TRAVAIL DOIT PAYER<\/h5>\n\n\n\n<p class=\"wp-block-paragraph\">\u2714 Baisse massive des charges sur les salaires<br>\u2714 Bonus net pour toute reprise d\u2019emploi<br>\u2714 Activation r\u00e9elle des allocations longues dur\u00e9es<\/p>\n\n\n\n<p class=\"wp-block-paragraph\"><strong>Nous finan\u00e7ons l\u2019emploi, pas l\u2019inactivit\u00e9.<\/strong><\/p>\n\n\n\n<hr class=\"wp-block-separator has-alpha-channel-opacity\"\/>\n\n\n\n<h5 class=\"wp-block-heading\">PRODUIRE EN BELGIQUE<\/h5>\n\n\n\n<p class=\"wp-block-paragraph\">\u2714 R\u00e9industrialisation technologique<br>\u2714 Robotisation &amp; innovation<br>\u2714 Soutien aux PME<br>\u2714 Fonds souverain pour investir chez nous<\/p>\n\n\n\n<p class=\"wp-block-paragraph\"><strong>Notre \u00e9pargne doit b\u00e2tir notre avenir.<\/strong><\/p>\n\n\n\n<hr class=\"wp-block-separator has-alpha-channel-opacity\"\/>\n\n\n\n<h5 class=\"wp-block-heading\">CONCURRENCE OUI. DUMPING NON.<\/h5>\n\n\n\n<p class=\"wp-block-paragraph\">\u2714 R\u00e9ciprocit\u00e9 dans les march\u00e9s publics<br>\u2714 D\u00e9fense de notre agriculture<br>\u2714 Protection de nos secteurs strat\u00e9giques<\/p>\n\n\n\n<p class=\"wp-block-paragraph\"><strong>La mondialisation doit \u00eatre \u00e9quitable.<\/strong><\/p>\n\n\n\n<hr class=\"wp-block-separator has-alpha-channel-opacity\"\/>\n\n\n\n<h5 class=\"wp-block-heading\">INVESTIR DANS NOS FAMILLES<\/h5>\n\n\n\n<p class=\"wp-block-paragraph\">\u2714 Fiscalit\u00e9 favorable aux parents<br>\u2714 Plus de cr\u00e8ches<br>\u2714 Soutien au logement des jeunes couples<\/p>\n\n\n\n<p class=\"wp-block-paragraph\"><strong>Une nation forte commence par des familles soutenues.<\/strong><\/p>\n\n\n\n<hr class=\"wp-block-separator has-alpha-channel-opacity\"\/>\n\n\n\n<h5 class=\"wp-block-heading\">FORMER POUR R\u00c9USSIR<\/h5>\n\n\n\n<p class=\"wp-block-paragraph\">\u2714 Requalification vers les m\u00e9tiers en p\u00e9nurie<br>\u2714 Alliance entreprises-\u00e9coles<br>\u2714 Innovation \u00e0 4 % du PIB<\/p>\n\n\n\n<p class=\"wp-block-paragraph\"><strong>Chaque Belge doit pouvoir trouver un m\u00e9tier utile et valoris\u00e9.<\/strong><\/p>\n\n\n\n<hr class=\"wp-block-separator has-alpha-channel-opacity\"\/>\n\n\n\n<h5 class=\"wp-block-heading\">NOTRE OBJECTIF<\/h5>\n\n\n\n<p class=\"wp-block-paragraph\">=> 80 % de taux d\u2019emploi<br>=> Moins de ch\u00f4mage structurel<br>=> Plus d\u2019industrie<br>=> Plus de pouvoir d\u2019achat<\/p>\n\n\n\n<hr class=\"wp-block-separator has-alpha-channel-opacity\"\/>\n\n\n\n<h6 class=\"wp-block-heading\"><mark style=\"background-color:rgba(0, 0, 0, 0);color:#ff6900\" class=\"has-inline-color\">MDM<\/mark><\/h6>\n\n\n\n<h6 class=\"wp-block-heading\"><em>RACINES FORTES. REGARD NEUF.<\/em><\/h6>\n\n\n\n<h6 class=\"wp-block-heading\">LA PROSP\u00c9RIT\u00c9 PAR LE TRAVAIL ET LA SOUVERAINET\u00c9.<\/h6>\n\n\n\n<p class=\"wp-block-paragraph\"><\/p>\n","protected":false},"excerpt":{"rendered":"<p>La Belgique peut redevenir forte.Sans d\u00e9pendre de l\u2019immigration \u00e9conomique.Sans augmenter les imp\u00f4ts.Sans sacrifier nos classes moyennes. Il faut changer de mod\u00e8le. LE TRAVAIL DOIT PAYER \u2714 Baisse massive des charges sur les salaires\u2714 Bonus net pour toute reprise d\u2019emploi\u2714 Activation r\u00e9elle des allocations longues dur\u00e9es Nous finan\u00e7ons l\u2019emploi, pas l\u2019inactivit\u00e9. PRODUIRE EN BELGIQUE \u2714 R\u00e9industrialisation [&hellip;]<\/p>\n","protected":false},"author":1,"featured_media":0,"comment_status":"open","ping_status":"open","sticky":false,"template":"","format":"standard","meta":{"_monsterinsights_skip_tracking":false,"_uf_show_specific_survey":0,"_uf_disable_surveys":false,"footnotes":""},"categories":[31],"tags":[],"class_list":["post-2670","post","type-post","status-publish","format-standard","hentry","category-economie"],"_links":{"self":[{"href":"https:\/\/droitemoderniste.be\/index.php\/wp-json\/wp\/v2\/posts\/2670","targetHints":{"allow":["GET"]}}],"collection":[{"href":"https:\/\/droitemoderniste.be\/index.php\/wp-json\/wp\/v2\/posts"}],"about":[{"href":"https:\/\/droitemoderniste.be\/index.php\/wp-json\/wp\/v2\/types\/post"}],"author":[{"embeddable":true,"href":"https:\/\/droitemoderniste.be\/index.php\/wp-json\/wp\/v2\/users\/1"}],"replies":[{"embeddable":true,"href":"https:\/\/droitemoderniste.be\/index.php\/wp-json\/wp\/v2\/comments?post=2670"}],"version-history":[{"count":1,"href":"https:\/\/droitemoderniste.be\/index.php\/wp-json\/wp\/v2\/posts\/2670\/revisions"}],"predecessor-version":[{"id":2672,"href":"https:\/\/droitemoderniste.be\/index.php\/wp-json\/wp\/v2\/posts\/2670\/revisions\/2672"}],"wp:attachment":[{"href":"https:\/\/droitemoderniste.be\/index.php\/wp-json\/wp\/v2\/media?parent=2670"}],"wp:term":[{"taxonomy":"category","embeddable":true,"href":"https:\/\/droitemoderniste.be\/index.php\/wp-json\/wp\/v2\/categories?post=2670"},{"taxonomy":"post_tag","embeddable":true,"href":"https:\/\/droitemoderniste.be\/index.php\/wp-json\/wp\/v2\/tags?post=2670"}],"curies":[{"name":"wp","href":"https:\/\/api.w.org\/{rel}","templated":true}]}}