{"id":2667,"date":"2026-02-14T11:25:18","date_gmt":"2026-02-14T10:25:18","guid":{"rendered":"https:\/\/droitemoderniste.be\/?p=2667"},"modified":"2026-02-14T11:25:18","modified_gmt":"2026-02-14T10:25:18","slug":"dynamiser-leconomie-belge-sans-recourir-a-limmigration-est-possible","status":"publish","type":"post","link":"https:\/\/droitemoderniste.be\/index.php\/2026\/02\/14\/dynamiser-leconomie-belge-sans-recourir-a-limmigration-est-possible\/","title":{"rendered":"Dynamiser l&rsquo;\u00e9conomie belge sans recourir \u00e0 l&rsquo;immigration est possible"},"content":{"rendered":"\n<figure class=\"wp-block-image size-full\"><img loading=\"lazy\" decoding=\"async\" width=\"275\" height=\"183\" src=\"https:\/\/droitemoderniste.be\/wp-content\/uploads\/2026\/02\/traction1.jpg\" alt=\"\" class=\"wp-image-2668\"\/><\/figure>\n\n\n\n<p class=\"wp-block-paragraph\">Mais cela suppose une strat\u00e9gie structurelle et coh\u00e9rente sur plusieurs leviers. L\u2019enjeu central est simple : <strong>augmenter la productivit\u00e9, le taux d\u2019activit\u00e9 et la valeur ajout\u00e9e par travailleur<\/strong>, plut\u00f4t que le nombre de travailleurs.<\/p>\n\n\n\n<p class=\"wp-block-paragraph\">Voici un plan strat\u00e9gique articul\u00e9 autour de 7 axes.<\/p>\n\n\n\n<hr class=\"wp-block-separator has-alpha-channel-opacity\"\/>\n\n\n\n<h5 class=\"wp-block-heading\">R\u00e9activer le potentiel de la population d\u00e9j\u00e0 pr\u00e9sente<\/h5>\n\n\n\n<p class=\"wp-block-paragraph\">La Belgique a un probl\u00e8me moins de d\u00e9mographie que de <strong>taux d\u2019activit\u00e9 in\u00e9gal<\/strong>.<\/p>\n\n\n\n<p class=\"wp-block-paragraph\"><strong>Mesures possibles :<\/strong><\/p>\n\n\n\n<ul class=\"wp-block-list\">\n<li>R\u00e9duire la dur\u00e9e moyenne d\u2019inactivit\u00e9 (ch\u00f4mage, invalidit\u00e9 longue dur\u00e9e).<\/li>\n\n\n\n<li>R\u00e9former les incitants sociaux pour que le travail paie r\u00e9ellement plus que l\u2019inactivit\u00e9.<\/li>\n\n\n\n<li>Individualiser davantage les droits sociaux pour encourager la reprise d\u2019emploi.<\/li>\n\n\n\n<li>Former massivement aux m\u00e9tiers en p\u00e9nurie (technique, sant\u00e9, num\u00e9rique, industrie).<\/li>\n<\/ul>\n\n\n\n<p class=\"wp-block-paragraph\">Objectif : passer d\u2019une \u00e9conomie d\u2019assistance \u00e0 une \u00e9conomie d\u2019activation.<\/p>\n\n\n\n<hr class=\"wp-block-separator has-alpha-channel-opacity\"\/>\n\n\n\n<h5 class=\"wp-block-heading\">Augmenter la productivit\u00e9 par l\u2019innovation<\/h5>\n\n\n\n<p class=\"wp-block-paragraph\">Si la population active ne cro\u00eet pas, <strong>chaque travailleur doit produire davantage de valeur<\/strong>.<\/p>\n\n\n\n<p class=\"wp-block-paragraph\"><strong>Leviers :<\/strong><\/p>\n\n\n\n<ul class=\"wp-block-list\">\n<li>Automatisation et robotisation (industrie, logistique, agriculture).<\/li>\n\n\n\n<li>Soutien massif aux PME technologiques.<\/li>\n\n\n\n<li>Cr\u00e9dit d\u2019imp\u00f4t recherche renforc\u00e9.<\/li>\n\n\n\n<li>Simplification administrative pour les entreprises.<\/li>\n<\/ul>\n\n\n\n<p class=\"wp-block-paragraph\">La Belgique peut miser sur :<\/p>\n\n\n\n<ul class=\"wp-block-list\">\n<li>Biotech &amp; pharma<\/li>\n\n\n\n<li>\u00c9nergie verte et stockage<\/li>\n\n\n\n<li>Industrie de pr\u00e9cision<\/li>\n\n\n\n<li>Num\u00e9rique &amp; cybers\u00e9curit\u00e9<\/li>\n<\/ul>\n\n\n\n<p class=\"wp-block-paragraph\">Mod\u00e8le : \u00e9conomie \u00e0 haute valeur ajout\u00e9e plut\u00f4t qu\u2019\u00e9conomie \u00e0 main-d\u2019\u0153uvre abondante.<\/p>\n\n\n\n<hr class=\"wp-block-separator has-alpha-channel-opacity\"\/>\n\n\n\n<h5 class=\"wp-block-heading\">R\u00e9industrialisation cibl\u00e9e<\/h5>\n\n\n\n<p class=\"wp-block-paragraph\">La d\u00e9sindustrialisation fragilise la croissance.<\/p>\n\n\n\n<p class=\"wp-block-paragraph\">Sans immigration, il faut :<\/p>\n\n\n\n<ul class=\"wp-block-list\">\n<li>Relocaliser certaines cha\u00eenes strat\u00e9giques.<\/li>\n\n\n\n<li>Encourager l\u2019industrie automatis\u00e9e.<\/li>\n\n\n\n<li>Soutenir le \u201c<em>Made in Belgium<\/em>\u201d dans les march\u00e9s publics.<\/li>\n\n\n\n<li>D\u00e9velopper des p\u00f4les r\u00e9gionaux sp\u00e9cialis\u00e9s (Wallonie : biotech &amp; \u00e9nergie ; Flandre : high-tech &amp; logistique).<\/li>\n<\/ul>\n\n\n\n<p class=\"wp-block-paragraph\">Moins de d\u00e9pendance ext\u00e9rieure, plus de souverainet\u00e9 productive.<\/p>\n\n\n\n<hr class=\"wp-block-separator has-alpha-channel-opacity\"\/>\n\n\n\n<h5 class=\"wp-block-heading\">R\u00e9forme fiscale pro-travail et pro-investissement<\/h5>\n\n\n\n<p class=\"wp-block-paragraph\">La Belgique souffre d\u2019une <strong>pression fiscale tr\u00e8s \u00e9lev\u00e9e sur le travail<\/strong>.<\/p>\n\n\n\n<p class=\"wp-block-paragraph\">R\u00e9formes possibles :<\/p>\n\n\n\n<ul class=\"wp-block-list\">\n<li>Baisser les charges sur les bas et moyens salaires.<\/li>\n\n\n\n<li>Taxer davantage la rente improductive plut\u00f4t que l\u2019emploi.<\/li>\n\n\n\n<li>Simplifier radicalement le syst\u00e8me fiscal.<\/li>\n\n\n\n<li>Encourager l\u2019investissement national via \u00e9pargne productive.<\/li>\n<\/ul>\n\n\n\n<p class=\"wp-block-paragraph\">Rendre le travail attractif sans recourir \u00e0 un apport ext\u00e9rieur de main-d\u2019\u0153uvre.<\/p>\n\n\n\n<hr class=\"wp-block-separator has-alpha-channel-opacity\"\/>\n\n\n\n<h5 class=\"wp-block-heading\">Politique familiale ambitieuse (levier d\u00e9mographique interne)<\/h5>\n\n\n\n<p class=\"wp-block-paragraph\">Si on refuse l\u2019immigration comme moteur d\u00e9mographique, il faut :<\/p>\n\n\n\n<ul class=\"wp-block-list\">\n<li>Soutien financier renforc\u00e9 aux familles.<\/li>\n\n\n\n<li>Fiscalit\u00e9 favorable aux parents actifs.<\/li>\n\n\n\n<li>Cr\u00e8ches accessibles et nombreuses.<\/li>\n\n\n\n<li>Politique logement pro-jeunes m\u00e9nages.<\/li>\n<\/ul>\n\n\n\n<p class=\"wp-block-paragraph\">Une relance d\u00e9mographique nationale \u00e0 moyen terme.<\/p>\n\n\n\n<hr class=\"wp-block-separator has-alpha-channel-opacity\"\/>\n\n\n\n<h5 class=\"wp-block-heading\">Allongement et adaptation de la vie active<\/h5>\n\n\n\n<p class=\"wp-block-paragraph\">Avec le vieillissement :<\/p>\n\n\n\n<ul class=\"wp-block-list\">\n<li>Adapter les fins de carri\u00e8re.<\/li>\n\n\n\n<li>Encourager le travail partiel des seniors.<\/li>\n\n\n\n<li>Valoriser la transmission des comp\u00e9tences.<\/li>\n<\/ul>\n\n\n\n<p class=\"wp-block-paragraph\">Moins de sorties pr\u00e9coces du march\u00e9 du travail.<\/p>\n\n\n\n<hr class=\"wp-block-separator has-alpha-channel-opacity\"\/>\n\n\n\n<h5 class=\"wp-block-heading\">Mobilisation du capital belge<\/h5>\n\n\n\n<p class=\"wp-block-paragraph\">La Belgique a une forte \u00e9pargne priv\u00e9e.<\/p>\n\n\n\n<p class=\"wp-block-paragraph\">Cr\u00e9er :<\/p>\n\n\n\n<ul class=\"wp-block-list\">\n<li>Fonds souverain belge d\u2019investissement strat\u00e9gique.<\/li>\n\n\n\n<li>Incitations \u00e0 investir localement plut\u00f4t qu\u2019\u00e0 l\u2019\u00e9tranger.<\/li>\n\n\n\n<li>Participation citoyenne dans des projets nationaux (\u00e9nergie, infrastructures).<\/li>\n<\/ul>\n\n\n\n<hr class=\"wp-block-separator has-alpha-channel-opacity\"\/>\n\n\n\n<h5 class=\"wp-block-heading\">Les d\u00e9fis \u00e0 anticiper<\/h5>\n\n\n\n<p class=\"wp-block-paragraph\">Refuser l\u2019immigration comme levier \u00e9conomique implique :<\/p>\n\n\n\n<ul class=\"wp-block-list\">\n<li>Croissance potentiellement plus lente \u00e0 court terme.<\/li>\n\n\n\n<li>Tension dans certains secteurs en p\u00e9nurie.<\/li>\n\n\n\n<li>Besoin massif de formation et d\u2019automatisation.<\/li>\n<\/ul>\n\n\n\n<p class=\"wp-block-paragraph\">Mais cela peut produire :<\/p>\n\n\n\n<ul class=\"wp-block-list\">\n<li>Une \u00e9conomie plus capitalistique.<\/li>\n\n\n\n<li>Une coh\u00e9sion sociale plus stable.<\/li>\n\n\n\n<li>Moins de pression sur les services publics.<\/li>\n<\/ul>\n\n\n\n<hr class=\"wp-block-separator has-alpha-channel-opacity\"\/>\n\n\n\n<h5 class=\"wp-block-heading\">Synth\u00e8se<\/h5>\n\n\n\n<p class=\"wp-block-paragraph\">Dynamiser l\u2019\u00e9conomie sans immigration repose sur :<\/p>\n\n\n\n<p class=\"wp-block-paragraph\"><strong>Productivit\u00e9 + Activation + Innovation + Politique familiale + R\u00e9 industrialisation<\/strong><\/p>\n\n\n\n<p class=\"wp-block-paragraph\">Ce n\u2019est pas une solution \u201cfacile\u201d, mais une strat\u00e9gie structurelle de long terme.<\/p>\n","protected":false},"excerpt":{"rendered":"<p>Mais cela suppose une strat\u00e9gie structurelle et coh\u00e9rente sur plusieurs leviers. L\u2019enjeu central est simple : augmenter la productivit\u00e9, le taux d\u2019activit\u00e9 et la valeur ajout\u00e9e par travailleur, plut\u00f4t que le nombre de travailleurs. Voici un plan strat\u00e9gique articul\u00e9 autour de 7 axes. R\u00e9activer le potentiel de la population d\u00e9j\u00e0 pr\u00e9sente La Belgique a un [&hellip;]<\/p>\n","protected":false},"author":1,"featured_media":0,"comment_status":"open","ping_status":"open","sticky":false,"template":"","format":"standard","meta":{"_monsterinsights_skip_tracking":false,"_uf_show_specific_survey":0,"_uf_disable_surveys":false,"footnotes":""},"categories":[31],"tags":[],"class_list":["post-2667","post","type-post","status-publish","format-standard","hentry","category-economie"],"_links":{"self":[{"href":"https:\/\/droitemoderniste.be\/index.php\/wp-json\/wp\/v2\/posts\/2667","targetHints":{"allow":["GET"]}}],"collection":[{"href":"https:\/\/droitemoderniste.be\/index.php\/wp-json\/wp\/v2\/posts"}],"about":[{"href":"https:\/\/droitemoderniste.be\/index.php\/wp-json\/wp\/v2\/types\/post"}],"author":[{"embeddable":true,"href":"https:\/\/droitemoderniste.be\/index.php\/wp-json\/wp\/v2\/users\/1"}],"replies":[{"embeddable":true,"href":"https:\/\/droitemoderniste.be\/index.php\/wp-json\/wp\/v2\/comments?post=2667"}],"version-history":[{"count":1,"href":"https:\/\/droitemoderniste.be\/index.php\/wp-json\/wp\/v2\/posts\/2667\/revisions"}],"predecessor-version":[{"id":2669,"href":"https:\/\/droitemoderniste.be\/index.php\/wp-json\/wp\/v2\/posts\/2667\/revisions\/2669"}],"wp:attachment":[{"href":"https:\/\/droitemoderniste.be\/index.php\/wp-json\/wp\/v2\/media?parent=2667"}],"wp:term":[{"taxonomy":"category","embeddable":true,"href":"https:\/\/droitemoderniste.be\/index.php\/wp-json\/wp\/v2\/categories?post=2667"},{"taxonomy":"post_tag","embeddable":true,"href":"https:\/\/droitemoderniste.be\/index.php\/wp-json\/wp\/v2\/tags?post=2667"}],"curies":[{"name":"wp","href":"https:\/\/api.w.org\/{rel}","templated":true}]}}