{"id":2660,"date":"2026-02-11T14:33:37","date_gmt":"2026-02-11T13:33:37","guid":{"rendered":"https:\/\/droitemoderniste.be\/?p=2660"},"modified":"2026-02-11T14:33:37","modified_gmt":"2026-02-11T13:33:37","slug":"un-programme-pour-dynamiser-leconomie-sans-immigration","status":"publish","type":"post","link":"https:\/\/droitemoderniste.be\/index.php\/2026\/02\/11\/un-programme-pour-dynamiser-leconomie-sans-immigration\/","title":{"rendered":"Un programme pour dynamiser l&rsquo;\u00e9conomie sans immigration"},"content":{"rendered":"\n<figure class=\"wp-block-image size-full\"><img loading=\"lazy\" decoding=\"async\" width=\"300\" height=\"168\" src=\"https:\/\/droitemoderniste.be\/wp-content\/uploads\/2026\/02\/immigration.jpg\" alt=\"\" class=\"wp-image-2662\"\/><\/figure>\n\n\n\n<p class=\"wp-block-paragraph\"><strong>1. Le travail paie \u00e0 nouveau<\/strong><br>Nous baissons les cotisations sur les bas et moyens salaires.<br>Vous travaillez plus, vous gagnez plus.<br>L\u2019argent vient du capital et du patrimoine, pas des salaires des travailleurs.<\/p>\n\n\n\n<p class=\"wp-block-paragraph\"><strong>2. Ch\u00f4mage : l\u2019accompagnement, pas l\u2019assistanat<\/strong><br>Dur\u00e9e maximale des allocations ramen\u00e9e \u00e0 24 mois.<br>Apr\u00e8s, c\u2019est la formation, le stage ou le travail.<br>Le ch\u00f4mage doit \u00eatre une \u00e9tape, pas une carri\u00e8re.<\/p>\n\n\n\n<p class=\"wp-block-paragraph\"><strong>3. Plus d\u2019heures, plus de revenus<\/strong><br>Les flexi\u2011jobs deviennent la norme : salaires horaires plus \u00e9lev\u00e9s, plafond de revenus relev\u00e9.<br>M\u00e8res, \u00e9tudiants, seniors : vous pouvez compl\u00e9ter vos revenus sans \u00eatre punis par l\u2019imp\u00f4t.<\/p>\n\n\n\n<p class=\"wp-block-paragraph\"><strong>4. La Belgique productive<\/strong><br>Nous aidons les PME \u00e0 investir dans la technologie, la robotisation l\u00e9g\u00e8re, les logiciels.<br>Moins de paperasse, plus de machines.<br>Une PME moderne, c\u2019est une PME qui innove.<\/p>\n\n\n\n<p class=\"wp-block-paragraph\"><strong>5. 6 mois pour changer de vie<\/strong><br>Formation courte (3\u20116 mois) en soins, construction, logistique, num\u00e9rique.<br>Financ\u00e9e par l\u2019\u00c9tat et les entreprises.<br>Une formation courte peut ouvrir une carri\u00e8re longue.<\/p>\n\n\n\n<p class=\"wp-block-paragraph\"><strong>6. 60 ans, c\u2019est l\u2019\u00e2ge du savoir<\/strong><br>Les seniors travaillent au\u2011del\u00e0 de 60 ans, avec pr\u00e9pension progressive et all\u00e8gements de cotisations.<br>Interdiction progressive des d\u00e9parts anticip\u00e9s sans contrepartie.<br>Les seniors ont de l\u2019exp\u00e9rience, pas de l\u2019\u00e2ge.<\/p>\n\n\n\n<p class=\"wp-block-paragraph\"><strong>7. La Belgique des entrepreneurs<\/strong><br>Moins de d\u00e9clarations, plus de croissance.<br>Guichet unique num\u00e9rique, plafonnement des contr\u00f4les.<br>Un entrepreneur doit passer son temps \u00e0 vendre, pas \u00e0 remplir des formulaires.<\/p>\n\n\n\n<p class=\"wp-block-paragraph\"><strong>8. La Belgique des clusters<\/strong><br>Cr\u00e9dits d\u2019imp\u00f4t R&amp;D pour l\u2019industrie de pointe, l\u2019\u00e9nergie, la sant\u00e9, le num\u00e9rique.<br>Clusters r\u00e9gionaux en Flandre, Wallonie, Bruxelles.<br>Nous ne subventionnons pas l\u2019innovation, nous la ciblons.<\/p>\n\n\n\n<p class=\"wp-block-paragraph\"><strong>9. Le travail s\u2019adapte \u00e0 la vie<\/strong><br>Horaires flexibles, temps partiel, job\u2011sharing, t\u00e9l\u00e9travail.<br>Le travail s\u2019adapte aux familles, aux \u00e9tudiants, aux seniors.<br>Un contrat flexible n\u2019est pas un contrat pr\u00e9caire.<\/p>\n\n\n\n<hr class=\"wp-block-separator has-alpha-channel-opacity\"\/>\n\n\n\n<p class=\"wp-block-paragraph\"><strong>R\u00e9sultats attendus d\u2019ici 2035 :<\/strong><\/p>\n\n\n\n<ul class=\"wp-block-list\">\n<li>100 000 \u00e0 150 000 emplois suppl\u00e9mentaires.<\/li>\n\n\n\n<li>1,5 \u00e0 2,5% de PIB suppl\u00e9mentaire.<\/li>\n\n\n\n<li>Moins de d\u00e9pendance \u00e0 l\u2019allocation, plus de responsabilit\u00e9 individuelle.<\/li>\n<\/ul>\n\n\n\n<p class=\"wp-block-paragraph\"><strong>\u00ab LA BELGIQUE AU TRAVAIL : PLUS DE M\u00c9RITE, MOINS D\u2019ASSISTANAT. \u00bb<\/strong><\/p>\n","protected":false},"excerpt":{"rendered":"<p>1. Le travail paie \u00e0 nouveauNous baissons les cotisations sur les bas et moyens salaires.Vous travaillez plus, vous gagnez plus.L\u2019argent vient du capital et du patrimoine, pas des salaires des travailleurs. 2. Ch\u00f4mage : l\u2019accompagnement, pas l\u2019assistanatDur\u00e9e maximale des allocations ramen\u00e9e \u00e0 24 mois.Apr\u00e8s, c\u2019est la formation, le stage ou le travail.Le ch\u00f4mage doit \u00eatre [&hellip;]<\/p>\n","protected":false},"author":1,"featured_media":0,"comment_status":"open","ping_status":"open","sticky":false,"template":"","format":"standard","meta":{"_monsterinsights_skip_tracking":false,"_uf_show_specific_survey":0,"_uf_disable_surveys":false,"footnotes":""},"categories":[31,1],"tags":[],"class_list":["post-2660","post","type-post","status-publish","format-standard","hentry","category-economie","category-immigration"],"_links":{"self":[{"href":"https:\/\/droitemoderniste.be\/index.php\/wp-json\/wp\/v2\/posts\/2660","targetHints":{"allow":["GET"]}}],"collection":[{"href":"https:\/\/droitemoderniste.be\/index.php\/wp-json\/wp\/v2\/posts"}],"about":[{"href":"https:\/\/droitemoderniste.be\/index.php\/wp-json\/wp\/v2\/types\/post"}],"author":[{"embeddable":true,"href":"https:\/\/droitemoderniste.be\/index.php\/wp-json\/wp\/v2\/users\/1"}],"replies":[{"embeddable":true,"href":"https:\/\/droitemoderniste.be\/index.php\/wp-json\/wp\/v2\/comments?post=2660"}],"version-history":[{"count":1,"href":"https:\/\/droitemoderniste.be\/index.php\/wp-json\/wp\/v2\/posts\/2660\/revisions"}],"predecessor-version":[{"id":2663,"href":"https:\/\/droitemoderniste.be\/index.php\/wp-json\/wp\/v2\/posts\/2660\/revisions\/2663"}],"wp:attachment":[{"href":"https:\/\/droitemoderniste.be\/index.php\/wp-json\/wp\/v2\/media?parent=2660"}],"wp:term":[{"taxonomy":"category","embeddable":true,"href":"https:\/\/droitemoderniste.be\/index.php\/wp-json\/wp\/v2\/categories?post=2660"},{"taxonomy":"post_tag","embeddable":true,"href":"https:\/\/droitemoderniste.be\/index.php\/wp-json\/wp\/v2\/tags?post=2660"}],"curies":[{"name":"wp","href":"https:\/\/api.w.org\/{rel}","templated":true}]}}