{"id":2654,"date":"2026-02-10T14:53:15","date_gmt":"2026-02-10T13:53:15","guid":{"rendered":"https:\/\/droitemoderniste.be\/?p=2654"},"modified":"2026-02-10T14:53:15","modified_gmt":"2026-02-10T13:53:15","slug":"discours-de-lancement-du-mouvement-droite-moderniste-mdm","status":"publish","type":"post","link":"https:\/\/droitemoderniste.be\/index.php\/2026\/02\/10\/discours-de-lancement-du-mouvement-droite-moderniste-mdm\/","title":{"rendered":"Discours de lancement du Mouvement Droite Moderniste (MDM)"},"content":{"rendered":"\n<figure class=\"wp-block-image size-full\"><img loading=\"lazy\" decoding=\"async\" width=\"600\" height=\"300\" src=\"https:\/\/droitemoderniste.be\/wp-content\/uploads\/2026\/02\/the-best-dog-pictures-of-the-year.jpg\" alt=\"\" class=\"wp-image-2655\" srcset=\"https:\/\/droitemoderniste.be\/wp-content\/uploads\/2026\/02\/the-best-dog-pictures-of-the-year.jpg 600w, https:\/\/droitemoderniste.be\/wp-content\/uploads\/2026\/02\/the-best-dog-pictures-of-the-year-300x150.jpg 300w\" sizes=\"auto, (max-width: 600px) 100vw, 600px\" \/><\/figure>\n\n\n\n<p class=\"wp-block-paragraph\"><em>\u00ab Racines fortes, regard neuf \u00bb<\/em><\/p>\n\n\n\n<p class=\"wp-block-paragraph\">Chers amis,<br>Ch\u00e8res Belges, chers Europ\u00e9ens,<br>Mesdames et Messieurs,<\/p>\n\n\n\n<p class=\"wp-block-paragraph\">Aujourd\u2019hui, quelque chose commence.<br>Aujourd\u2019hui, nous ouvrons un chemin que plus personne n\u2019osait tracer.<br>Aujourd\u2019hui na\u00eet le <mark style=\"background-color:rgba(0, 0, 0, 0);color:#ff6900\" class=\"has-inline-color\"><strong>Mouvement Droite Moderniste<\/strong>.<\/mark><\/p>\n\n\n\n<hr class=\"wp-block-separator has-alpha-channel-opacity\"\/>\n\n\n\n<p class=\"wp-block-paragraph\"><strong>I. Pourquoi nous sommes l\u00e0<\/strong><\/p>\n\n\n\n<p class=\"wp-block-paragraph\">Depuis trop longtemps, notre pays subit un faux choix :<br>\u25cf une gauche qui confond progr\u00e8s social et na\u00efvet\u00e9 structurelle,<br>\u25cf une droite qui s\u2019est r\u00e9fugi\u00e9e dans la nostalgie ou l\u2019impuissance,<br>\u25cf un centre qui ne centre plus rien,<br>\u25cf et un d\u00e9bat public satur\u00e9 de slogans, mais vid\u00e9 de sens.<\/p>\n\n\n\n<p class=\"wp-block-paragraph\">La Belgique m\u00e9rite mieux.<br>L\u2019Europe m\u00e9rite mieux.<br>Vous m\u00e9ritez mieux.<\/p>\n\n\n\n<hr class=\"wp-block-separator has-alpha-channel-opacity\"\/>\n\n\n\n<p class=\"wp-block-paragraph\"><strong>II. Une droite moderne : enfin.<\/strong><\/p>\n\n\n\n<p class=\"wp-block-paragraph\">Le <mark style=\"background-color:rgba(0, 0, 0, 0);color:#ff6900\" class=\"has-inline-color\">MDM<\/mark> incarne une \u00e9vidence trop longtemps oubli\u00e9e :<br><strong>le progr\u00e8s n\u2019appartient pas \u00e0 la gauche. La modernit\u00e9 n\u2019appartient \u00e0 personne. Et l\u2019avenir appartient \u00e0 ceux qui osent.<\/strong><\/p>\n\n\n\n<p class=\"wp-block-paragraph\">Notre modernisme n\u2019est ni une adaptation molle ni une r\u00e9bellion aveugle.<br>Il est <strong>une synth\u00e8se<\/strong> :<\/p>\n\n\n\n<ul class=\"wp-block-list\">\n<li><strong>Modernisme soci\u00e9tal<\/strong> : libert\u00e9 individuelle, innovation, rationalit\u00e9.<\/li>\n\n\n\n<li><strong>Patriotisme civique<\/strong> : aimer son pays, c\u2019est vouloir le relever.<\/li>\n\n\n\n<li><strong>Social-lib\u00e9ralisme<\/strong> : l\u2019\u00e9conomie cr\u00e9e la richesse ; l\u2019\u00c9tat cr\u00e9e l\u2019\u00e9quit\u00e9.<\/li>\n\n\n\n<li><strong>Environnementalisme optimiste<\/strong> : pas de pessimisme punitif ; de la technologie utile.<\/li>\n\n\n\n<li><strong>Animalisme<\/strong> : la dignit\u00e9 ne s\u2019arr\u00eate pas \u00e0 l\u2019humain.<\/li>\n\n\n\n<li><strong>Justicialisme social<\/strong> : l\u2019ordre ET la justice, ensemble.<\/li>\n\n\n\n<li><strong>D\u00e9simmigrationnisme rationnel<\/strong> : g\u00e9rer, choisir, int\u00e9grer \u2014 pas subir.<\/li>\n\n\n\n<li><strong>Spiritualisme la\u00efc<\/strong> : reconna\u00eetre la qu\u00eate de sens sans imposer une foi.<\/li>\n\n\n\n<li><strong>Sybaritisme \u00e9thique<\/strong> : d\u00e9fendre le bien-\u00eatre, le beau, la qualit\u00e9 de vie.<\/li>\n\n\n\n<li><strong>Dirigisme mod\u00e9r\u00e9<\/strong> : l\u2019\u00c9tat strat\u00e8ge, pas l\u2019\u00c9tat tentaculaire.<\/li>\n\n\n\n<li><strong>Personnalisme \u00e9clair\u00e9<\/strong> : la personne au centre, non la masse.<\/li>\n\n\n\n<li><strong>Protectionnisme raisonn\u00e9<\/strong> : prot\u00e9ger l\u2019essentiel, ouvrir l\u2019utile.<\/li>\n\n\n\n<li><strong>Souverainisme \u00e9clair\u00e9<\/strong> : fort dans l\u2019Europe, ma\u00eetre chez nous.<\/li>\n<\/ul>\n\n\n\n<p class=\"wp-block-paragraph\">Cette synth\u00e8se, <strong>personne ne la porte aujourd\u2019hui<\/strong>.<br>Nous allons l\u2019assumer pleinement.<\/p>\n\n\n\n<hr class=\"wp-block-separator has-alpha-channel-opacity\"\/>\n\n\n\n<p class=\"wp-block-paragraph\"><strong>III. Notre place dans le paysage<\/strong><\/p>\n\n\n\n<p class=\"wp-block-paragraph\">En Belgique comme en Europe, un espace politique immense est vide :<br>\u2013 <strong>trop moderne pour la droite conservatrice<\/strong>,<br>\u2013 <strong>trop rationnel pour la gauche utopique<\/strong>,<br>\u2013 <strong>trop exigeant pour les lib\u00e9raux<\/strong>,<br>\u2013 <strong>trop pro-europ\u00e9en pour les extr\u00eames<\/strong>,<br>\u2013 <strong>trop s\u00e9rieux pour les populistes<\/strong>,<br>\u2013 <strong>trop courageux pour les gestionnaires fatigu\u00e9s<\/strong>.<\/p>\n\n\n\n<p class=\"wp-block-paragraph\">Le <mark style=\"background-color:rgba(0, 0, 0, 0);color:#ff6900\" class=\"has-inline-color\">MDM <\/mark>occupe <strong>l\u2019espace de la r\u00e9forme forte, mais responsable<\/strong>.<br>L\u2019espace du <strong>patriotisme d\u00e9mocratique<\/strong>.<br>L\u2019espace de <strong>la modernit\u00e9 enracin\u00e9e<\/strong>.<\/p>\n\n\n\n<p class=\"wp-block-paragraph\">Cet espace, nous allons le conqu\u00e9rir.<br>Et nous allons le structurer.<\/p>\n\n\n\n<hr class=\"wp-block-separator has-alpha-channel-opacity\"\/>\n\n\n\n<p class=\"wp-block-paragraph\"><strong>IV. Notre promesse : Relever la Belgique. Pr\u00e9parer 2040.<\/strong><\/p>\n\n\n\n<p class=\"wp-block-paragraph\">Nous ne sommes pas venus pour commenter.<br>Nous sommes venus pour gouverner.<\/p>\n\n\n\n<p class=\"wp-block-paragraph\">Nous voulons une Belgique :<\/p>\n\n\n\n<ul class=\"wp-block-list\">\n<li><strong>productive<\/strong>, qui lib\u00e8re ses talents et soutient ceux qui osent ;<\/li>\n\n\n\n<li><strong>s\u00fbre<\/strong>, qui prot\u00e8ge ses citoyens sans trembler ;<\/li>\n\n\n\n<li><strong>propre<\/strong>, qui innove plut\u00f4t qu\u2019impose ;<\/li>\n\n\n\n<li><strong>juste<\/strong>, o\u00f9 chaque effort est r\u00e9compens\u00e9 ;<\/li>\n\n\n\n<li><strong>souveraine<\/strong>, capable de d\u00e9cider, choisir, ma\u00eetriser ;<\/li>\n\n\n\n<li><strong>unie<\/strong>, par un r\u00e9cit commun et un destin partag\u00e9.<\/li>\n<\/ul>\n\n\n\n<p class=\"wp-block-paragraph\">Nous voulons une Belgique qui se tourne vers <strong>2040<\/strong>, pas vers hier.<\/p>\n\n\n\n<hr class=\"wp-block-separator has-alpha-channel-opacity\"\/>\n\n\n\n<p class=\"wp-block-paragraph\"><strong>V. Le <mark style=\"background-color:rgba(0, 0, 0, 0);color:#ff6900\" class=\"has-inline-color\">MDM<\/mark> n\u2019est pas un parti de plus. C\u2019est un r\u00e9veil.<\/strong><\/p>\n\n\n\n<p class=\"wp-block-paragraph\">Ce mouvement ne sera pas celui des \u00e9lites, mais <strong>celui des b\u00e2tisseurs<\/strong> :<br>\u2013 des entrepreneurs,<br>\u2013 des familles,<br>\u2013 des travailleurs,<br>\u2013 des jeunes qui n\u2019attendent plus,<br>\u2013 des citoyens qui ont envie d\u2019ordre, de progr\u00e8s, de beaut\u00e9.<\/p>\n\n\n\n<p class=\"wp-block-paragraph\"><strong>Nous ne sommes ni la droite d\u2019avant, ni la gauche d\u2019hier.<\/strong><br>Nous sommes la rupture constructive.<br>Nous sommes le futur organis\u00e9.<br>Nous sommes le <mark style=\"background-color:rgba(0, 0, 0, 0);color:#ff6900\" class=\"has-inline-color\">MDM<\/mark>.<\/p>\n\n\n\n<hr class=\"wp-block-separator has-alpha-channel-opacity\"\/>\n\n\n\n<p class=\"wp-block-paragraph\"><strong>VI. L&rsquo;appel<\/strong><\/p>\n\n\n\n<p class=\"wp-block-paragraph\">Alors je vous le demande :<br>Si vous en avez assez des querelles st\u00e9riles,<br>si vous en avez assez des id\u00e9ologies qui s\u2019affrontent sans rien construire,<br>si vous en avez assez des petits calculs et des grandes l\u00e2chet\u00e9s\u2026<\/p>\n\n\n\n<p class=\"wp-block-paragraph\">Rejoignez-nous.<\/p>\n\n\n\n<p class=\"wp-block-paragraph\">Rejoignez un mouvement qui ne s\u2019excuse pas d\u2019aimer la Belgique<br>et qui n\u2019a pas peur de dire ce qu\u2019il faut faire pour la redresser.<\/p>\n\n\n\n<p class=\"wp-block-paragraph\">Rejoignez celles et ceux qui veulent <strong>une droite moderne<\/strong>,<br>audacieuse, progressiste sur le fond, solide dans ses valeurs,<br>efficace dans l\u2019action.<\/p>\n\n\n\n<p class=\"wp-block-paragraph\">Rejoignez le <mark style=\"background-color:rgba(0, 0, 0, 0);color:#ff6900\" class=\"has-inline-color\">Mouvement Droite Moderniste<\/mark>.<\/p>\n\n\n\n<hr class=\"wp-block-separator has-alpha-channel-opacity\"\/>\n\n\n\n<p class=\"wp-block-paragraph\"><strong>Conclusion<\/strong><\/p>\n\n\n\n<p class=\"wp-block-paragraph\">Le XXIe si\u00e8cle n\u2019attendra pas la Belgique.<br>Alors <strong>soyons ceux qui portent la torche<\/strong>,<br>pas ceux qui cherchent encore l\u2019interrupteur.<\/p>\n\n\n\n<p class=\"wp-block-paragraph\">Avec vous,<br>avec chacun d\u2019entre vous,<br>avec cette \u00e9nergie que je sens dans cette salle\u2026<\/p>\n\n\n\n<p class=\"wp-block-paragraph\">Nous allons ouvrir une nouvelle voie.<br>Nous allons cr\u00e9er une nouvelle force.<br>Nous allons b\u00e2tir une nouvelle Belgique.<\/p>\n\n\n\n<p class=\"wp-block-paragraph\"><strong>Racines fortes, regard neuf.<\/strong><br><strong>L\u2019audace d\u2019une droite moderne.<\/strong><\/p>\n\n\n\n<p class=\"wp-block-paragraph\">Merci.<\/p>\n","protected":false},"excerpt":{"rendered":"<p>\u00ab Racines fortes, regard neuf \u00bb Chers amis,Ch\u00e8res Belges, chers Europ\u00e9ens,Mesdames et Messieurs, Aujourd\u2019hui, quelque chose commence.Aujourd\u2019hui, nous ouvrons un chemin que plus personne n\u2019osait tracer.Aujourd\u2019hui na\u00eet le Mouvement Droite Moderniste. I. Pourquoi nous sommes l\u00e0 Depuis trop longtemps, notre pays subit un faux choix :\u25cf une gauche qui confond progr\u00e8s social et na\u00efvet\u00e9 structurelle,\u25cf [&hellip;]<\/p>\n","protected":false},"author":1,"featured_media":0,"comment_status":"open","ping_status":"open","sticky":false,"template":"","format":"standard","meta":{"_monsterinsights_skip_tracking":false,"_uf_show_specific_survey":0,"_uf_disable_surveys":false,"footnotes":""},"categories":[34],"tags":[],"class_list":["post-2654","post","type-post","status-publish","format-standard","hentry","category-mouvement-droite-moderniste"],"_links":{"self":[{"href":"https:\/\/droitemoderniste.be\/index.php\/wp-json\/wp\/v2\/posts\/2654","targetHints":{"allow":["GET"]}}],"collection":[{"href":"https:\/\/droitemoderniste.be\/index.php\/wp-json\/wp\/v2\/posts"}],"about":[{"href":"https:\/\/droitemoderniste.be\/index.php\/wp-json\/wp\/v2\/types\/post"}],"author":[{"embeddable":true,"href":"https:\/\/droitemoderniste.be\/index.php\/wp-json\/wp\/v2\/users\/1"}],"replies":[{"embeddable":true,"href":"https:\/\/droitemoderniste.be\/index.php\/wp-json\/wp\/v2\/comments?post=2654"}],"version-history":[{"count":1,"href":"https:\/\/droitemoderniste.be\/index.php\/wp-json\/wp\/v2\/posts\/2654\/revisions"}],"predecessor-version":[{"id":2656,"href":"https:\/\/droitemoderniste.be\/index.php\/wp-json\/wp\/v2\/posts\/2654\/revisions\/2656"}],"wp:attachment":[{"href":"https:\/\/droitemoderniste.be\/index.php\/wp-json\/wp\/v2\/media?parent=2654"}],"wp:term":[{"taxonomy":"category","embeddable":true,"href":"https:\/\/droitemoderniste.be\/index.php\/wp-json\/wp\/v2\/categories?post=2654"},{"taxonomy":"post_tag","embeddable":true,"href":"https:\/\/droitemoderniste.be\/index.php\/wp-json\/wp\/v2\/tags?post=2654"}],"curies":[{"name":"wp","href":"https:\/\/api.w.org\/{rel}","templated":true}]}}