{"id":2651,"date":"2026-02-09T12:01:19","date_gmt":"2026-02-09T11:01:19","guid":{"rendered":"https:\/\/droitemoderniste.be\/?p=2651"},"modified":"2026-02-09T12:01:19","modified_gmt":"2026-02-09T11:01:19","slug":"une-retraite-digne-sans-dette-pour-nos-enfants-2","status":"publish","type":"post","link":"https:\/\/droitemoderniste.be\/index.php\/2026\/02\/09\/une-retraite-digne-sans-dette-pour-nos-enfants-2\/","title":{"rendered":"Une retraite digne, sans dette pour nos enfants"},"content":{"rendered":"\n<figure class=\"wp-block-image size-full\"><img loading=\"lazy\" decoding=\"async\" width=\"275\" height=\"183\" src=\"https:\/\/droitemoderniste.be\/wp-content\/uploads\/2026\/02\/retraites1.jpg\" alt=\"\" class=\"wp-image-2652\"\/><\/figure>\n\n\n\n<h3 class=\"wp-block-heading\">Votre programme va co\u00fbter cher. Qui paie ?<\/h3>\n\n\n\n<p class=\"wp-block-paragraph\"><strong>R\u00e9ponse :<\/strong><br>Il est d\u00e9j\u00e0 financ\u00e9.<br>Nous couvrons entre 2 et 3,6 milliards d\u2019euros par :<\/p>\n\n\n\n<ul class=\"wp-block-list\">\n<li>lutte contre la fraude<\/li>\n\n\n\n<li>suppression de d\u00e9penses inefficaces<\/li>\n\n\n\n<li>contribution cibl\u00e9e sur tr\u00e8s hauts revenus financiers<\/li>\n\n\n\n<li>emploi volontaire des seniors<\/li>\n\n\n\n<li>organisation plus intelligente des soins<\/li>\n<\/ul>\n\n\n\n<p class=\"wp-block-paragraph\">Pas d\u2019augmentation g\u00e9n\u00e9rale d\u2019imp\u00f4ts. Pas de d\u00e9ficit.<\/p>\n\n\n\n<hr class=\"wp-block-separator has-alpha-channel-opacity\"\/>\n\n\n\n<h3 class=\"wp-block-heading\">Pourquoi privil\u00e9gier les petits pensionn\u00e9s ?<\/h3>\n\n\n\n<p class=\"wp-block-paragraph\">Parce que la justice sociale commence par ceux qui ont le moins.<\/p>\n\n\n\n<p class=\"wp-block-paragraph\">Beaucoup ont travaill\u00e9 35 ou 40 ans \u2014 et vivent avec une pension trop basse.<br>Notre devoir est de <strong>corriger ces injustices en priorit\u00e9.<\/strong><\/p>\n\n\n\n<hr class=\"wp-block-separator has-alpha-channel-opacity\"\/>\n\n\n\n<h3 class=\"wp-block-heading\">Encore la \u201clutte contre la fraude\u201d\u2026 tout le monde le promet !<\/h3>\n\n\n\n<p class=\"wp-block-paragraph\">Diff\u00e9rence <mark style=\"background-color:rgba(0, 0, 0, 0);color:#ff6900\" class=\"has-inline-color\">MDM<\/mark> : <strong>m\u00e9thode<\/strong>.<\/p>\n\n\n\n<ul class=\"wp-block-list\">\n<li>croisement automatis\u00e9 de donn\u00e9es<\/li>\n\n\n\n<li>priorisation des fraudes organis\u00e9es<\/li>\n\n\n\n<li>\u00e9quipes d\u00e9di\u00e9es l\u00e0 o\u00f9 le rendement est prouv\u00e9<\/li>\n\n\n\n<li>d\u00e9lais de sanction raccourcis<\/li>\n<\/ul>\n\n\n\n<p class=\"wp-block-paragraph\">Nous parlons de r\u00e9sultats mesurables \u2014 pas de slogans.<\/p>\n\n\n\n<hr class=\"wp-block-separator has-alpha-channel-opacity\"\/>\n\n\n\n<h3 class=\"wp-block-heading\">Augmenter certaines taxes sur les revenus financiers, n\u2019est-ce pas anti-entreprise ?<\/h3>\n\n\n\n<p class=\"wp-block-paragraph\">Non.<br>Nous ciblons :<\/p>\n\n\n\n<ul class=\"wp-block-list\">\n<li>rentes sp\u00e9culatives tr\u00e8s \u00e9lev\u00e9es<\/li>\n\n\n\n<li>niches fiscales injustifi\u00e9es<\/li>\n<\/ul>\n\n\n\n<p class=\"wp-block-paragraph\">Nous <strong>ne touchons pas<\/strong> aux investissements productifs ni au travail.<br>Notre logique : contribution \u00e9quitable \u2014 pas punition.<\/p>\n\n\n\n<hr class=\"wp-block-separator has-alpha-channel-opacity\"\/>\n\n\n\n<h3 class=\"wp-block-heading\">Et si la croissance ralentit ?<\/h3>\n\n\n\n<p class=\"wp-block-paragraph\">Alors nous adaptons.<br>Chaque mesure sera \u00e9valu\u00e9e annuellement.<br>Nous ajustons, plut\u00f4t que d\u2019entasser les d\u00e9ficits.<\/p>\n\n\n\n<hr class=\"wp-block-separator has-alpha-channel-opacity\"\/>\n\n\n\n<h3 class=\"wp-block-heading\">Les maisons de repos trop ch\u00e8res : que faites-vous concr\u00e8tement ?<\/h3>\n\n\n\n<p class=\"wp-block-paragraph\">Trois actions :<\/p>\n\n\n\n<ol class=\"wp-block-list\">\n<li>transparence totale des prix<\/li>\n\n\n\n<li>contr\u00f4les plus fr\u00e9quents<\/li>\n\n\n\n<li>soutien prioritaire au maintien \u00e0 domicile via adaptations de logement<\/li>\n<\/ol>\n\n\n\n<p class=\"wp-block-paragraph\">C\u2019est humain \u2014 et \u00e9conomiquement plus rationnel.<\/p>\n\n\n\n<hr class=\"wp-block-separator has-alpha-channel-opacity\"\/>\n\n\n\n<h3 class=\"wp-block-heading\">Pourquoi parler de \u201cdroite moderniste\u201d ?<\/h3>\n\n\n\n<p class=\"wp-block-paragraph\">Parce que nous croyons :<\/p>\n\n\n\n<ul class=\"wp-block-list\">\n<li>\u00e0 la responsabilit\u00e9 individuelle<\/li>\n\n\n\n<li>\u00e0 l\u2019innovation utile<\/li>\n\n\n\n<li>\u00e0 une solidarit\u00e9 cibl\u00e9e<\/li>\n\n\n\n<li>\u00e0 l\u2019amour du pays \u2014 sans repli<\/li>\n<\/ul>\n\n\n\n<p class=\"wp-block-paragraph\">C\u2019est une droite <strong>pragmatique, protectrice, moderne.<\/strong><\/p>\n","protected":false},"excerpt":{"rendered":"<p>Votre programme va co\u00fbter cher. Qui paie ? R\u00e9ponse :Il est d\u00e9j\u00e0 financ\u00e9.Nous couvrons entre 2 et 3,6 milliards d\u2019euros par : Pas d\u2019augmentation g\u00e9n\u00e9rale d\u2019imp\u00f4ts. Pas de d\u00e9ficit. Pourquoi privil\u00e9gier les petits pensionn\u00e9s ? Parce que la justice sociale commence par ceux qui ont le moins. Beaucoup ont travaill\u00e9 35 ou 40 ans \u2014 [&hellip;]<\/p>\n","protected":false},"author":1,"featured_media":0,"comment_status":"open","ping_status":"open","sticky":false,"template":"","format":"standard","meta":{"_monsterinsights_skip_tracking":false,"_uf_show_specific_survey":0,"_uf_disable_surveys":false,"footnotes":""},"categories":[52],"tags":[],"class_list":["post-2651","post","type-post","status-publish","format-standard","hentry","category-pensionnes"],"_links":{"self":[{"href":"https:\/\/droitemoderniste.be\/index.php\/wp-json\/wp\/v2\/posts\/2651","targetHints":{"allow":["GET"]}}],"collection":[{"href":"https:\/\/droitemoderniste.be\/index.php\/wp-json\/wp\/v2\/posts"}],"about":[{"href":"https:\/\/droitemoderniste.be\/index.php\/wp-json\/wp\/v2\/types\/post"}],"author":[{"embeddable":true,"href":"https:\/\/droitemoderniste.be\/index.php\/wp-json\/wp\/v2\/users\/1"}],"replies":[{"embeddable":true,"href":"https:\/\/droitemoderniste.be\/index.php\/wp-json\/wp\/v2\/comments?post=2651"}],"version-history":[{"count":1,"href":"https:\/\/droitemoderniste.be\/index.php\/wp-json\/wp\/v2\/posts\/2651\/revisions"}],"predecessor-version":[{"id":2653,"href":"https:\/\/droitemoderniste.be\/index.php\/wp-json\/wp\/v2\/posts\/2651\/revisions\/2653"}],"wp:attachment":[{"href":"https:\/\/droitemoderniste.be\/index.php\/wp-json\/wp\/v2\/media?parent=2651"}],"wp:term":[{"taxonomy":"category","embeddable":true,"href":"https:\/\/droitemoderniste.be\/index.php\/wp-json\/wp\/v2\/categories?post=2651"},{"taxonomy":"post_tag","embeddable":true,"href":"https:\/\/droitemoderniste.be\/index.php\/wp-json\/wp\/v2\/tags?post=2651"}],"curies":[{"name":"wp","href":"https:\/\/api.w.org\/{rel}","templated":true}]}}