{"id":2644,"date":"2026-02-08T14:16:15","date_gmt":"2026-02-08T13:16:15","guid":{"rendered":"https:\/\/droitemoderniste.be\/?p=2644"},"modified":"2026-02-08T14:16:15","modified_gmt":"2026-02-08T13:16:15","slug":"pour-une-democratie-responsable-le-mdm-propose-la-fin-du-privilege-fiscal-des-partis","status":"publish","type":"post","link":"https:\/\/droitemoderniste.be\/index.php\/2026\/02\/08\/pour-une-democratie-responsable-le-mdm-propose-la-fin-du-privilege-fiscal-des-partis\/","title":{"rendered":"Pour une d\u00e9mocratie responsable: le MDM propose la fin du \u00ab\u00a0Privil\u00e8ge Fiscal\u00a0\u00bb des partis"},"content":{"rendered":"\n<figure class=\"wp-block-image size-full\"><img loading=\"lazy\" decoding=\"async\" width=\"275\" height=\"183\" src=\"https:\/\/droitemoderniste.be\/wp-content\/uploads\/2026\/02\/privilege-fiscal.jpg\" alt=\"\" class=\"wp-image-2645\"\/><\/figure>\n\n\n\n<p class=\"wp-block-paragraph\">Le constat est simple : Alors que les familles et les entrepreneurs belges font face \u00e0 une pression fiscale record, les partis politiques, eux, accumulent un tr\u00e9sor de guerre de plus de <strong>150 millions d&rsquo;euros<\/strong>, largement exon\u00e9r\u00e9 d&rsquo;imp\u00f4ts.<\/p>\n\n\n\n<p class=\"wp-block-paragraph\">Pour le <strong><mark style=\"background-color:rgba(0, 0, 0, 0);color:#ff6900\" class=\"has-inline-color\">Mouvement Droite Moderniste (MDM)<\/mark><\/strong>, cette exception n&rsquo;a plus lieu d&rsquo;\u00eatre. Un parti politique doit \u00eatre un outil au service du citoyen, pas une machine financi\u00e8re sp\u00e9culative.<\/p>\n\n\n\n<hr class=\"wp-block-separator has-alpha-channel-opacity\"\/>\n\n\n\n<h5 class=\"wp-block-heading\">Nos 3 Piliers de R\u00e9forme<\/h5>\n\n\n\n<h6 class=\"wp-block-heading\">1. La fin de l\u2019anomalie fiscale<\/h6>\n\n\n\n<p class=\"wp-block-paragraph\">Les partis politiques ne sont pas des entit\u00e9s au-dessus des lois. Le <mark style=\"background-color:rgba(0, 0, 0, 0);color:#ff6900\" class=\"has-inline-color\">MDM<\/mark> propose de taxer les <strong>revenus financiers et immobiliers<\/strong> des partis au m\u00eame titre que n&rsquo;importe quelle soci\u00e9t\u00e9 civile ou commerciale.<\/p>\n\n\n\n<ul class=\"wp-block-list\">\n<li><strong>Pourquoi ?<\/strong> Parce qu&rsquo;il est anormal que l&rsquo;argent du contribuable soit plac\u00e9 en bourse ou dans l&rsquo;immobilier de rapport sans contribuer \u00e0 l&rsquo;effort national.<\/li>\n<\/ul>\n\n\n\n<h6 class=\"wp-block-heading\">2. Le plafonnement des \u00ab\u00a0Bas de Laine\u00a0\u00bb<\/h6>\n\n\n\n<p class=\"wp-block-paragraph\">Nous instaurerons un <strong>plafond de r\u00e9serve de s\u00e9curit\u00e9<\/strong>. Tout montant accumul\u00e9 au-del\u00e0 de ce seuil devra \u00eatre soit :<\/p>\n\n\n\n<ul class=\"wp-block-list\">\n<li>R\u00e9inject\u00e9 dans des projets d&rsquo;\u00e9ducation civique.<\/li>\n\n\n\n<li>Rendu au Tr\u00e9sor public pour financer la baisse de la fiscalit\u00e9 sur le travail.<\/li>\n<\/ul>\n\n\n\n<p class=\"wp-block-paragraph\"><em>\u00ab L&rsquo;argent public doit servir au d\u00e9bat d&rsquo;id\u00e9es, pas \u00e0 la constitution d&rsquo;un empire financier. \u00bb<\/em><\/p>\n\n\n\n<h6 class=\"wp-block-heading\">3. Transparence et Modernisation<\/h6>\n\n\n\n<p class=\"wp-block-paragraph\">Nous transformerons le statut juridique des partis pour imposer une <strong>comptabilit\u00e9 certifi\u00e9e et publique<\/strong>. Chaque euro \u00e9conomis\u00e9 par cette r\u00e9forme sera directement allou\u00e9 \u00e0 la <strong>r\u00e9duction du d\u00e9ficit public<\/strong>.<\/p>\n\n\n\n<hr class=\"wp-block-separator has-alpha-channel-opacity\"\/>\n\n\n\n<h5 class=\"wp-block-heading\">Pourquoi voter pour cette mesure ?<\/h5>\n\n\n\n<ul class=\"wp-block-list\">\n<li><strong>\u00c9quit\u00e9 :<\/strong> Aucun acteur de la soci\u00e9t\u00e9 ne doit jouir de privil\u00e8ges financiers permanents, surtout ceux qui votent les imp\u00f4ts des autres.<\/li>\n\n\n\n<li><strong>Efficacit\u00e9 :<\/strong> En limitant la richesse des partis, nous recentrons la politique sur la conviction et le militantisme, plut\u00f4t que sur la puissance marketing et le matraquage publicitaire sur les r\u00e9seaux sociaux.<\/li>\n\n\n\n<li><strong>Modernit\u00e9 :<\/strong> Le <mark style=\"background-color:rgba(0, 0, 0, 0);color:#ff6900\" class=\"has-inline-color\">MDM<\/mark> refuse la politique \u00e0 l\u2019ancienne. Nous voulons des partis l\u00e9gers, agiles et connect\u00e9s \u00e0 la r\u00e9alit\u00e9 \u00e9conomique du pays.<\/li>\n<\/ul>\n\n\n\n<hr class=\"wp-block-separator has-alpha-channel-opacity\"\/>\n\n\n\n<h5 class=\"wp-block-heading\">Notre Slogan<\/h5>\n\n\n\n<p class=\"wp-block-paragraph\"><strong>\u00ab\u00a0<em>Moins de capital pour les partis, plus de pouvoir d&rsquo;achat pour les citoyens. Pour une droite qui donne l&rsquo;exemple<\/em>.\u00a0\u00bb<\/strong><\/p>\n\n\n\n<hr class=\"wp-block-separator has-alpha-channel-opacity\"\/>\n\n\n\n<p class=\"wp-block-paragraph\"><\/p>\n","protected":false},"excerpt":{"rendered":"<p>Le constat est simple : Alors que les familles et les entrepreneurs belges font face \u00e0 une pression fiscale record, les partis politiques, eux, accumulent un tr\u00e9sor de guerre de plus de 150 millions d&rsquo;euros, largement exon\u00e9r\u00e9 d&rsquo;imp\u00f4ts. Pour le Mouvement Droite Moderniste (MDM), cette exception n&rsquo;a plus lieu d&rsquo;\u00eatre. Un parti politique doit \u00eatre [&hellip;]<\/p>\n","protected":false},"author":1,"featured_media":0,"comment_status":"open","ping_status":"open","sticky":false,"template":"","format":"standard","meta":{"_monsterinsights_skip_tracking":false,"_uf_show_specific_survey":0,"_uf_disable_surveys":false,"footnotes":""},"categories":[22],"tags":[],"class_list":["post-2644","post","type-post","status-publish","format-standard","hentry","category-democratie"],"_links":{"self":[{"href":"https:\/\/droitemoderniste.be\/index.php\/wp-json\/wp\/v2\/posts\/2644","targetHints":{"allow":["GET"]}}],"collection":[{"href":"https:\/\/droitemoderniste.be\/index.php\/wp-json\/wp\/v2\/posts"}],"about":[{"href":"https:\/\/droitemoderniste.be\/index.php\/wp-json\/wp\/v2\/types\/post"}],"author":[{"embeddable":true,"href":"https:\/\/droitemoderniste.be\/index.php\/wp-json\/wp\/v2\/users\/1"}],"replies":[{"embeddable":true,"href":"https:\/\/droitemoderniste.be\/index.php\/wp-json\/wp\/v2\/comments?post=2644"}],"version-history":[{"count":1,"href":"https:\/\/droitemoderniste.be\/index.php\/wp-json\/wp\/v2\/posts\/2644\/revisions"}],"predecessor-version":[{"id":2646,"href":"https:\/\/droitemoderniste.be\/index.php\/wp-json\/wp\/v2\/posts\/2644\/revisions\/2646"}],"wp:attachment":[{"href":"https:\/\/droitemoderniste.be\/index.php\/wp-json\/wp\/v2\/media?parent=2644"}],"wp:term":[{"taxonomy":"category","embeddable":true,"href":"https:\/\/droitemoderniste.be\/index.php\/wp-json\/wp\/v2\/categories?post=2644"},{"taxonomy":"post_tag","embeddable":true,"href":"https:\/\/droitemoderniste.be\/index.php\/wp-json\/wp\/v2\/tags?post=2644"}],"curies":[{"name":"wp","href":"https:\/\/api.w.org\/{rel}","templated":true}]}}