{"id":2624,"date":"2026-02-04T14:21:19","date_gmt":"2026-02-04T13:21:19","guid":{"rendered":"https:\/\/droitemoderniste.be\/?p=2624"},"modified":"2026-02-04T14:21:19","modified_gmt":"2026-02-04T13:21:19","slug":"souverainete-ou-declin","status":"publish","type":"post","link":"https:\/\/droitemoderniste.be\/index.php\/2026\/02\/04\/souverainete-ou-declin\/","title":{"rendered":"Souverainet\u00e9 ou d\u00e9clin"},"content":{"rendered":"\n<figure class=\"wp-block-image size-large\"><img loading=\"lazy\" decoding=\"async\" width=\"683\" height=\"1024\" src=\"https:\/\/droitemoderniste.be\/wp-content\/uploads\/2026\/02\/souverainete-ou-declin-683x1024.png\" alt=\"\" class=\"wp-image-2625\" srcset=\"https:\/\/droitemoderniste.be\/wp-content\/uploads\/2026\/02\/souverainete-ou-declin-683x1024.png 683w, https:\/\/droitemoderniste.be\/wp-content\/uploads\/2026\/02\/souverainete-ou-declin-200x300.png 200w, https:\/\/droitemoderniste.be\/wp-content\/uploads\/2026\/02\/souverainete-ou-declin-768x1152.png 768w, https:\/\/droitemoderniste.be\/wp-content\/uploads\/2026\/02\/souverainete-ou-declin.png 1024w\" sizes=\"auto, (max-width: 683px) 100vw, 683px\" \/><\/figure>\n\n\n\n<p class=\"wp-block-paragraph\">La disparition de l\u2019OTAN plongerait l\u2019Union europ\u00e9enne dans une crise<strong> <\/strong>existentielle, r\u00e9v\u00e9lant brutalement l\u2019illusion d\u2019une s\u00e9curit\u00e9 d\u00e9l\u00e9gu\u00e9e aux \u00c9tats-Unis et ouvrant un risque r\u00e9el de fragmentation strat\u00e9gique si les Europ\u00e9ens ne parviennent pas \u00e0 s\u2019accorder sur la d\u00e9fense. Pour un mouvement comme le <mark style=\"background-color:rgba(0, 0, 0, 0);color:#ff6900\" class=\"has-inline-color\">MDM<\/mark>, c\u2019est le test d\u00e9cisif : soit l\u2019Europe assume enfin sa souverainet\u00e9 militaire, soit elle se d\u00e9fait.\u200b<\/p>\n\n\n\n<h6 class=\"wp-block-heading\">L\u2019OTAN, b\u00e9quille strat\u00e9gique de l\u2019UE<\/h6>\n\n\n\n<p class=\"wp-block-paragraph\">Depuis 70 ans, l\u2019OTAN a permis aux \u00c9tats europ\u00e9ens de sous-investir dans leur d\u00e9fense, tout en b\u00e9n\u00e9ficiant du parapluie am\u00e9ricain, ce qui a retard\u00e9 l\u2019\u00e9mergence d\u2019une v\u00e9ritable d\u00e9fense europ\u00e9enne. La tentative de Communaut\u00e9 europ\u00e9enne de d\u00e9fense a \u00e9chou\u00e9 d\u00e8s les ann\u00e9es 1950 et l\u2019Union de l\u2019Europe occidentale est rest\u00e9e symbolique, laissant \u00e0 l\u2019OTAN la fonction r\u00e9elle de protection du continent.\u200b<\/p>\n\n\n\n<p class=\"wp-block-paragraph\">Cette d\u00e9pendance a fa\u00e7onn\u00e9 des opinions publiques persuad\u00e9es que la s\u00e9curit\u00e9 \u00e9tait un \u00ab bien gratuit \u00bb, exog\u00e8ne et permanent. La fin de l\u2019OTAN briserait ce confort psychologique : du jour au lendemain, l\u2019UE devrait choisir entre payer le prix de sa protection ou accepter son d\u00e9classement strat\u00e9gique.\u200b<\/p>\n\n\n\n<h6 class=\"wp-block-heading\">Le choc d\u2019une fin de l\u2019OTAN<\/h6>\n\n\n\n<p class=\"wp-block-paragraph\">La fin de l\u2019OTAN, qu\u2019elle r\u00e9sulte d\u2019un d\u00e9sengagement am\u00e9ricain ou d\u2019une implosion politique interne, cr\u00e9erait un vide s\u00e9curitaire sans pr\u00e9c\u00e9dent pour l\u2019UE. Les \u00c9tats qui s\u2019en remettaient \u00e0 l\u2019article 5 comme ultime assurance vie se d\u00e9couvriraient nus, sans cadre institutionnalis\u00e9 de d\u00e9fense collective.\u200b<\/p>\n\n\n\n<p class=\"wp-block-paragraph\">Ce choc serait d\u2019autant plus violent que nombre de pays n\u2019atteignent m\u00eame pas les 2% du PIB de d\u00e9penses militaires, loin des niveaux n\u00e9cessaires pour une autonomie minimale. Pour des \u00c9tats comme la Belgique, sans le \u00ab bouclier OTAN \u00bb, l\u2019effort devrait monter \u00e0 4\u20135% du PIB pour une dissuasion cr\u00e9dible et des capacit\u00e9s lourdes compl\u00e8tes.\u200b<\/p>\n\n\n\n<h6 class=\"wp-block-heading\">Le risque de fragmentation europ\u00e9enne<\/h6>\n\n\n\n<p class=\"wp-block-paragraph\">Face au vide, trois forces centrifuges menaceraient l\u2019UE :<\/p>\n\n\n\n<ul class=\"wp-block-list\">\n<li>Le r\u00e9flexe national : chaque \u00c9tat chercherait des arrangements bilat\u00e9raux (\u00c9tats-Unis, Royaume-Uni, puissances r\u00e9gionales), recr\u00e9ant une Europe des alliances concurrentes.\u200b<\/li>\n\n\n\n<li>La tentation de neutralit\u00e9 : certains pays basculeraient dans un pacifisme d\u00e9sarm\u00e9, refusant tout effort significatif, au risque de devenir les maillons faibles et les zones grises du continent.\u200b<\/li>\n\n\n\n<li>La divergence g\u00e9opolitique : l\u2019Est obs\u00e9d\u00e9 par la menace russe, le Sud par le Sahel et la M\u00e9diterran\u00e9e, le Nord par l\u2019Arctique et la mer Baltique, sans cadre commun, accentuerait les fractures.\u200b<\/li>\n<\/ul>\n\n\n\n<p class=\"wp-block-paragraph\">Cette d\u00e9synchronisation strat\u00e9gique pourrait rapidement contaminer le march\u00e9 int\u00e9rieur, la politique \u00e9trang\u00e8re et m\u00eame la coh\u00e9sion budg\u00e9taire, car aucun projet commun ne survit longtemps si les perceptions de s\u00e9curit\u00e9 sont incompatibles. Une UE qui ne contr\u00f4le plus son environnement strat\u00e9gique devient une zone d\u2019influence disput\u00e9e, non un p\u00f4le de puissance.\u200b<\/p>\n\n\n\n<h6 class=\"wp-block-heading\">La ligne <mark style=\"background-color:rgba(0, 0, 0, 0);color:#ff6900\" class=\"has-inline-color\">MDM<\/mark> : souverainet\u00e9 ou d\u00e9clin<\/h6>\n\n\n\n<p class=\"wp-block-paragraph\">Dans une perspective <mark style=\"background-color:rgba(0, 0, 0, 0);color:#ff6900\" class=\"has-inline-color\">MDM<\/mark>, la question n\u2019est pas de pleurer la fin \u00e9ventuelle de l\u2019OTAN, mais de savoir si l\u2019Europe est encore capable de se comporter en adulte strat\u00e9gique. Le diagnostic est clair :<\/p>\n\n\n\n<ul class=\"wp-block-list\">\n<li>Sans alliance atlantique, la seule r\u00e9ponse responsable est une mont\u00e9e en puissance rapide des capacit\u00e9s nationales et europ\u00e9ennes, bien au-del\u00e0 du symbole des 2%.\u200b<\/li>\n\n\n\n<li>Une d\u00e9fense europ\u00e9enne ne peut \u00eatre un doublon mou de l\u2019OTAN ; elle doit articuler souverainet\u00e9 nationale renforc\u00e9e et coop\u00e9ration structur\u00e9e entre \u00c9tats d\u00e9cid\u00e9s \u00e0 payer le prix de la puissance.\u200b<\/li>\n<\/ul>\n\n\n\n<p class=\"wp-block-paragraph\">Le <mark style=\"background-color:rgba(0, 0, 0, 0);color:#ff6900\" class=\"has-inline-color\">MDM<\/mark> d\u00e9fend d\u00e9j\u00e0 l\u2019id\u00e9e d\u2019une d\u00e9fense autonome belge, ancr\u00e9e dans l\u2019action commune europ\u00e9enne mais sans \u00ab solidarit\u00e9 forc\u00e9e \u00bb et sans posture d\u2019alli\u00e9 mod\u00e8le de l\u2019OTAN. Transpos\u00e9e \u00e0 l\u2019\u00e9chelle de l\u2019UE, cette logique signifie : mutualiser ce qui renforce, garder la ma\u00eetrise nationale de l\u2019essentiel, et refuser toute na\u00efvet\u00e9 strat\u00e9gique envers des r\u00e9gimes autoritaires, qu\u2019ils soient russes, chinois ou autres.\u200b<\/p>\n\n\n\n<h6 class=\"wp-block-heading\">Une fen\u00eatre \u00e9troite pour \u00e9viter la destruction<\/h6>\n\n\n\n<p class=\"wp-block-paragraph\">La fin de l\u2019OTAN serait le moment de v\u00e9rit\u00e9 : soit les Europ\u00e9ens construisent un pilier de d\u00e9fense cr\u00e9dible, fond\u00e9 sur des investissements massifs, une base industrielle de d\u00e9fense comp\u00e9titive et une doctrine commune, soit l\u2019UE se r\u00e9tracte en simple march\u00e9 vuln\u00e9rable. L\u2019histoire montre que les structures de d\u00e9fense sans volont\u00e9 ni moyens se vident de sens et disparaissent ; l\u2019UE n\u2019\u00e9chappera pas \u00e0 cette loi politique.\u200b<\/p>\n\n\n\n<p class=\"wp-block-paragraph\">Pour un mouvement de droite moderniste, le choix est sans ambigu\u00eft\u00e9 : mieux vaut une Europe moins large mais capable de se d\u00e9fendre qu\u2019une Union \u00e9largie, impuissante et d\u00e9pendante des humeurs de puissances ext\u00e9rieures. La v\u00e9ritable crise existentielle n\u2019est pas la fin de l\u2019OTAN en soi, mais l\u2019\u00e9ventualit\u00e9 d\u2019une Europe qui, face au vide, choisirait encore l\u2019illusion plut\u00f4t que la puissance.<\/p>\n","protected":false},"excerpt":{"rendered":"<p>La disparition de l\u2019OTAN plongerait l\u2019Union europ\u00e9enne dans une crise existentielle, r\u00e9v\u00e9lant brutalement l\u2019illusion d\u2019une s\u00e9curit\u00e9 d\u00e9l\u00e9gu\u00e9e aux \u00c9tats-Unis et ouvrant un risque r\u00e9el de fragmentation strat\u00e9gique si les Europ\u00e9ens ne parviennent pas \u00e0 s\u2019accorder sur la d\u00e9fense. Pour un mouvement comme le MDM, c\u2019est le test d\u00e9cisif : soit l\u2019Europe assume enfin sa souverainet\u00e9 [&hellip;]<\/p>\n","protected":false},"author":1,"featured_media":0,"comment_status":"open","ping_status":"open","sticky":false,"template":"","format":"standard","meta":{"_monsterinsights_skip_tracking":false,"_uf_show_specific_survey":0,"_uf_disable_surveys":false,"footnotes":""},"categories":[7,47],"tags":[],"class_list":["post-2624","post","type-post","status-publish","format-standard","hentry","category-defense","category-souverainisme"],"_links":{"self":[{"href":"https:\/\/droitemoderniste.be\/index.php\/wp-json\/wp\/v2\/posts\/2624","targetHints":{"allow":["GET"]}}],"collection":[{"href":"https:\/\/droitemoderniste.be\/index.php\/wp-json\/wp\/v2\/posts"}],"about":[{"href":"https:\/\/droitemoderniste.be\/index.php\/wp-json\/wp\/v2\/types\/post"}],"author":[{"embeddable":true,"href":"https:\/\/droitemoderniste.be\/index.php\/wp-json\/wp\/v2\/users\/1"}],"replies":[{"embeddable":true,"href":"https:\/\/droitemoderniste.be\/index.php\/wp-json\/wp\/v2\/comments?post=2624"}],"version-history":[{"count":1,"href":"https:\/\/droitemoderniste.be\/index.php\/wp-json\/wp\/v2\/posts\/2624\/revisions"}],"predecessor-version":[{"id":2626,"href":"https:\/\/droitemoderniste.be\/index.php\/wp-json\/wp\/v2\/posts\/2624\/revisions\/2626"}],"wp:attachment":[{"href":"https:\/\/droitemoderniste.be\/index.php\/wp-json\/wp\/v2\/media?parent=2624"}],"wp:term":[{"taxonomy":"category","embeddable":true,"href":"https:\/\/droitemoderniste.be\/index.php\/wp-json\/wp\/v2\/categories?post=2624"},{"taxonomy":"post_tag","embeddable":true,"href":"https:\/\/droitemoderniste.be\/index.php\/wp-json\/wp\/v2\/tags?post=2624"}],"curies":[{"name":"wp","href":"https:\/\/api.w.org\/{rel}","templated":true}]}}