{"id":2614,"date":"2026-02-02T12:02:57","date_gmt":"2026-02-02T11:02:57","guid":{"rendered":"https:\/\/droitemoderniste.be\/?p=2614"},"modified":"2026-02-02T12:02:57","modified_gmt":"2026-02-02T11:02:57","slug":"une-bruxelles-militaire-cest-une-belgique-qui-compte-dans-un-monde-tripolaire","status":"publish","type":"post","link":"https:\/\/droitemoderniste.be\/index.php\/2026\/02\/02\/une-bruxelles-militaire-cest-une-belgique-qui-compte-dans-un-monde-tripolaire\/","title":{"rendered":"Une \u00ab\u00a0Bruxelles militaire\u00a0\u00bb, c&rsquo;est une Belgique qui compte dans un monde tripolaire"},"content":{"rendered":"\n<figure class=\"wp-block-image size-large\"><img loading=\"lazy\" decoding=\"async\" width=\"683\" height=\"1024\" src=\"https:\/\/droitemoderniste.be\/wp-content\/uploads\/2026\/02\/Une-BXL-militaire-683x1024.png\" alt=\"\" class=\"wp-image-2615\" srcset=\"https:\/\/droitemoderniste.be\/wp-content\/uploads\/2026\/02\/Une-BXL-militaire-683x1024.png 683w, https:\/\/droitemoderniste.be\/wp-content\/uploads\/2026\/02\/Une-BXL-militaire-200x300.png 200w, https:\/\/droitemoderniste.be\/wp-content\/uploads\/2026\/02\/Une-BXL-militaire-768x1152.png 768w, https:\/\/droitemoderniste.be\/wp-content\/uploads\/2026\/02\/Une-BXL-militaire.png 1024w\" sizes=\"auto, (max-width: 683px) 100vw, 683px\" \/><\/figure>\n\n\n\n<p class=\"wp-block-paragraph\">Comment r\u00e9agiraient <strong>Washington, Moscou et P\u00e9kin<\/strong>&nbsp; \u00e0 l\u2019\u00e9mergence d\u2019une <strong>\u00ab&nbsp;Washington de l\u2019Europe&nbsp;\u00bb<\/strong><strong>,<\/strong> c\u2019est-\u00e0-dire une capitale europ\u00e9enne dot\u00e9e d\u2019institutions de d\u00e9fense int\u00e9gr\u00e9es et d\u2019un v\u00e9ritable centre de commandement strat\u00e9gique&nbsp;?<\/p>\n\n\n\n<p class=\"wp-block-paragraph\">La r\u00e9action des Etats-Unis\u00a0 sera probablement ambivalente, voire contradictoire\u00a0: oscillant entre soulagement, rivalit\u00e9 et m\u00e9fiance.<\/p>\n\n\n\n<p class=\"wp-block-paragraph\">Le premier r\u00e9flexe des Am\u00e9ricains sera un all\u00e8gement strat\u00e9gique. Beaucoup \u00e0 Washington verront une \u00ab\u00a0Bruxelles militaire\u00a0\u00bb positivement, parce que l\u2019Europe assumera enfin sa propre s\u00e9curit\u00e9 et les \u00c9tats-Unis pourront r\u00e9duire leur pr\u00e9sence militaire en Europe. Ce qui lib\u00e9rera des ressources am\u00e9ricaines pour d\u2019autres th\u00e9\u00e2tres d\u2019op\u00e9rations (Indo-Pacifique, Chine, Moyen-Orient).<\/p>\n\n\n\n<p class=\"wp-block-paragraph\">On entendra des arguments du type : \u201c<em>Si les Europ\u00e9ens veulent payer pour leur d\u00e9fense, tant mieux.<\/em>\u201d Cette position sera surtout celle des r\u00e9publicains et des d\u00e9mocrates r\u00e9alistes en politique \u00e9trang\u00e8re.<\/p>\n\n\n\n<p class=\"wp-block-paragraph\">Mais rapidement poindra une inqui\u00e9tude strat\u00e9gique. Washington se posera tr\u00e8s vite une question cl\u00e9 : \u201c<em>Cette Europe militaire sera-t-elle une alli\u00e9e fiable\u2026 ou un acteur autonome qui nous contestera ?<\/em>\u201d<\/p>\n\n\n\n<p class=\"wp-block-paragraph\">Je vois poindre trois craintes am\u00e9ricaines probables. D\u2019abord, une \u00ab&nbsp;Bruxelles militaire&nbsp;\u00bb r\u00e9duira l\u2019influence directe des \u00c9tats-Unis sur les choix de d\u00e9fense europ\u00e9ens, les ventes d\u2019armes, et la diplomatie de s\u00e9curit\u00e9.<\/p>\n\n\n\n<p class=\"wp-block-paragraph\">L\u2019OTAN \u00e9tait aussi un outil d\u2019influence am\u00e9ricaine. Sa disparition signifiera l\u2019affaiblissement du levier am\u00e9ricain en Europe.<\/p>\n\n\n\n<p class=\"wp-block-paragraph\">Ajoutons \u00e0 cela la crainte d\u2019une concurrence industrielle militaire. En effet,<strong> <\/strong>une D\u00e9fense Autonome Europ\u00e9enne\u00a0 forte voudra produire ses propres armes, r\u00e9duire sa d\u00e9pendance aux \u00e9quipements am\u00e9ricains, et concurrencer Lockheed Martin, Boeing, Raytheon, etc.<\/p>\n\n\n\n<p class=\"wp-block-paragraph\">Cela d\u00e9clenchera une guerre commerciale de l\u2019armement entre UE et \u00c9tats-Unis.<\/p>\n\n\n\n<p class=\"wp-block-paragraph\">Enfin, si la France domine la nouvelle architecture militaire europ\u00e9enne, Washington craindra une Europe trop ind\u00e9pendante, moins align\u00e9e sur les int\u00e9r\u00eats am\u00e9ricains, plus ouverte \u00e0 des compromis avec la Chine ou la Russie.<\/p>\n\n\n\n<p class=\"wp-block-paragraph\">On peut en d\u00e9duire la strat\u00e9gie probable des Etats-Unis. Washington cherchera \u00e0 rester le partenaire privil\u00e9gi\u00e9 de Bruxelles, mais en mode bilat\u00e9ral : accords militaires UE\u2013USA, partage de renseignements, coop\u00e9ration technologique\u2026<\/p>\n\n\n\n<p class=\"wp-block-paragraph\">Mais Washington cherchera aussi \u00e0 diviser subtilement l\u2019Europe en soutenant les pays pro-am\u00e9ricains (Pologne, Pays baltes, peut-\u00eatre Pays-Bas), contre un noyau franco-allemand trop autonome.<\/p>\n\n\n\n<p class=\"wp-block-paragraph\">En somme: les \u00c9tats-Unis accepteront une \u00ab\u00a0Bruxelles militaire\u00a0\u00bb, mais tenteront de la contr\u00f4ler indirectement.<\/p>\n\n\n\n<p class=\"wp-block-paragraph\">La r\u00e9action de la Russie sera certainement plus franche&nbsp;: basculant entre hostilit\u00e9 frontale et escalade de pression.<\/p>\n\n\n\n<p class=\"wp-block-paragraph\">Pour Moscou, une \u201cBruxelles militaire\u201d sera per\u00e7ue comme une menace strat\u00e9gique directe\u2014 peut-\u00eatre m\u00eame pire que l\u2019OTAN. En effet, l\u2019OTAN \u00e9tait domin\u00e9e par les \u00c9tats-Unis (acteur externe \u00e0 l\u2019Europe), mais une Europe militaire sera une puissance continentale autonome, directement voisine de la Russie.<\/p>\n\n\n\n<p class=\"wp-block-paragraph\">Les Russes se diront&nbsp;: \u201c<em>Nous n\u2019aurons plus affaire \u00e0 Washington, mais \u00e0 un bloc europ\u00e9en uni, juste \u00e0 nos fronti\u00e8res<\/em>.\u201d Le r\u00e9flexe naturel de la Russie sera une militarisation accrue de ses fronti\u00e8res occidentales.<\/p>\n\n\n\n<p class=\"wp-block-paragraph\">La Russie renforcera ses troupes en Bi\u00e9lorussie, ses bases \u00e0 Kaliningrad, ses forces arm\u00e9es en Arctique et en mer Baltique.<\/p>\n\n\n\n<p class=\"wp-block-paragraph\">En outre, la guerre hybride contre Bruxelles reprendra de plus belle. Moscou lancera tr\u00e8s probablement plus de cyber attaques contre les institutions europ\u00e9ennes, davantage de campagnes de d\u00e9sinformation, un soutien accru aux partis anti-UE, une pression \u00e9nerg\u00e9tique croissante et diverses op\u00e9rations d\u2019influence en Belgique, en France, en Allemagne.<\/p>\n\n\n\n<p class=\"wp-block-paragraph\">Moscou cherchera \u00e0 opposer l\u2019Est et l\u2019Ouest de l\u2019Europe, encourager les nationalismes, fragiliser l\u2019unit\u00e9 europ\u00e9enne. Avec un risque non n\u00e9gligeable d\u2019escalade militaire, surtout si l\u2019Europe d\u00e9ployait des forces en Pologne, Roumanie ou Baltique, ou y installait des syst\u00e8mes anti-missiles puissants. Le Kremlin consid\u00e9rerait cela comme une menace directe.<\/p>\n\n\n\n<p class=\"wp-block-paragraph\">En r\u00e9sum\u00e9 : la Russie serait l\u2019acteur le plus hostile \u00e0 une \u00ab\u00a0Bruxelles militaire\u00a0\u00bb.<\/p>\n\n\n\n<p class=\"wp-block-paragraph\">P\u00e9kin r\u00e9agira tr\u00e8s diff\u00e9remment de Moscou. Pas d\u2019hostilit\u00e9 directe, mais opportunisme strat\u00e9gique.<\/p>\n\n\n\n<p class=\"wp-block-paragraph\">Pour la Chine, une Europe plus ind\u00e9pendante des Etats-Unis est fonci\u00e8rement une bonne nouvelle. L\u2019affaiblissement de l\u2019OTAN est globalement positif, car cela affaiblit le leadership am\u00e9ricain, cr\u00e9e un monde plus multipolaire et r\u00e9duit m\u00e9caniquement l\u2019alignement automatique de l\u2019Europe sur Washington.<\/p>\n\n\n\n<p class=\"wp-block-paragraph\">P\u00e9kin pourra voir une \u00ab&nbsp;Bruxelles militaire&nbsp;\u00bb comme un nouvel p\u00f4le de puissance avec lequel n\u00e9gocier.<\/p>\n\n\n\n<p class=\"wp-block-paragraph\">La Chine cherchera probablement \u00e0 s\u00e9duire \u00e9conomiquement l\u2019UE (investissements, accords commerciaux, technologies vertes, routes de la soie 2.0.) afin de faire de l\u2019Europe un partenaire \u00e9conomique majeur plut\u00f4t qu\u2019un bloc militaire hostile.<\/p>\n\n\n\n<p class=\"wp-block-paragraph\">En m\u00eame temps, P\u00e9kin cherchera \u00e0 diviser l\u2019Europe subtilement en soutenant par exemple les pays plus conciliants (Italie, Espagne, Gr\u00e8ce, Hongrie), contre une ligne dure franco-allemande.<\/p>\n\n\n\n<p class=\"wp-block-paragraph\">Mais contrairement \u00e0 la Russie, la Chine \u00e9vitera toute escalade militaire en Europe.<br>Son terrain de confrontation avec l\u2019Occident reste surtout Ta\u00efwan, la mer de Chine, et la zone Indo-Pacifique.<\/p>\n\n\n\n<p class=\"wp-block-paragraph\">La seule ligne rouge&nbsp; chinoise&nbsp;: P\u00e9kin s\u2019inqui\u00e9terait si une \u00ab&nbsp;Bruxelles militaire&nbsp;\u00bb s\u2019alignait fortement sur Washington contre la Chine, ou soutenait militairement Ta\u00efwan. Dans ce cas, la Chine pourrait sanctionner l\u2019UE, r\u00e9duire ses \u00e9changes, et mener elle aussi davantage de cyber op\u00e9rations hostiles.<\/p>\n\n\n\n<p class=\"wp-block-paragraph\">En r\u00e9sum\u00e9, l\u2019\u00e9mergence d\u2019une \u00ab&nbsp;Bruxelles militaire&nbsp;\u00bb contribuera \u00e0 l\u2019\u00e9closion d\u2019un monde tripolaire (am\u00e9ricain, chinois, europ\u00e9en) donnant \u00e0 la Belgique une influence globale sur le nouvel ordre mondial dans lequel trois visions du monde s\u2019affronteront. Les Etats-Unis verront dans une \u00ab&nbsp;Bruxelles militaire&nbsp;\u00bb une alli\u00e9e potentielle mais rivale, et leur r\u00e9action dominante seront la coop\u00e9ration et la pression. La Russie y verra une menace existentielle et r\u00e9agira par une hostilit\u00e9 frontale. La Chine y verra une opportunit\u00e9 strat\u00e9gique et cherchera \u00e0 s\u00e9duire\u2026et \u00e0 diviser.<\/p>\n\n\n\n<p class=\"wp-block-paragraph\">La Russie restera une grande puissance militaire, mais plus isol\u00e9e diplomatiquement. Notre bienaim\u00e9e Bruxelles deviendra une cible majeure pour la Russie (cyber, espionnage, d\u00e9sinformation) ; un lieu cl\u00e9 de n\u00e9gociation avec les \u00c9tats-Unis ; un terrain vital de diplomatie \u00e9conomique avec la Chine.<\/p>\n\n\n\n<p class=\"wp-block-paragraph\">Notre Royaume devra donc investir massivement en cyber d\u00e9fense, renforcer significativement son contre-espionnage, et jouer astucieusement un r\u00f4le diplomatique de m\u00e9diation.<\/p>\n\n\n\n<p class=\"wp-block-paragraph\">Bruxelles militaire&nbsp;: petit Royaume, impact mondial.<\/p>\n\n\n\n<p class=\"wp-block-paragraph\">Carl-Alexandre Robyn<\/p>\n\n\n\n<p class=\"wp-block-paragraph\">Responsable politique et fondateur du MDM (Mouvement Droite Moderniste)<\/p>\n","protected":false},"excerpt":{"rendered":"<p>Comment r\u00e9agiraient Washington, Moscou et P\u00e9kin&nbsp; \u00e0 l\u2019\u00e9mergence d\u2019une \u00ab&nbsp;Washington de l\u2019Europe&nbsp;\u00bb, c\u2019est-\u00e0-dire une capitale europ\u00e9enne dot\u00e9e d\u2019institutions de d\u00e9fense int\u00e9gr\u00e9es et d\u2019un v\u00e9ritable centre de commandement strat\u00e9gique&nbsp;? La r\u00e9action des Etats-Unis\u00a0 sera probablement ambivalente, voire contradictoire\u00a0: oscillant entre soulagement, rivalit\u00e9 et m\u00e9fiance. Le premier r\u00e9flexe des Am\u00e9ricains sera un all\u00e8gement strat\u00e9gique. Beaucoup \u00e0 Washington [&hellip;]<\/p>\n","protected":false},"author":1,"featured_media":0,"comment_status":"open","ping_status":"open","sticky":false,"template":"","format":"standard","meta":{"_monsterinsights_skip_tracking":false,"_uf_show_specific_survey":0,"_uf_disable_surveys":false,"footnotes":""},"categories":[7,47],"tags":[],"class_list":["post-2614","post","type-post","status-publish","format-standard","hentry","category-defense","category-souverainisme"],"_links":{"self":[{"href":"https:\/\/droitemoderniste.be\/index.php\/wp-json\/wp\/v2\/posts\/2614","targetHints":{"allow":["GET"]}}],"collection":[{"href":"https:\/\/droitemoderniste.be\/index.php\/wp-json\/wp\/v2\/posts"}],"about":[{"href":"https:\/\/droitemoderniste.be\/index.php\/wp-json\/wp\/v2\/types\/post"}],"author":[{"embeddable":true,"href":"https:\/\/droitemoderniste.be\/index.php\/wp-json\/wp\/v2\/users\/1"}],"replies":[{"embeddable":true,"href":"https:\/\/droitemoderniste.be\/index.php\/wp-json\/wp\/v2\/comments?post=2614"}],"version-history":[{"count":1,"href":"https:\/\/droitemoderniste.be\/index.php\/wp-json\/wp\/v2\/posts\/2614\/revisions"}],"predecessor-version":[{"id":2616,"href":"https:\/\/droitemoderniste.be\/index.php\/wp-json\/wp\/v2\/posts\/2614\/revisions\/2616"}],"wp:attachment":[{"href":"https:\/\/droitemoderniste.be\/index.php\/wp-json\/wp\/v2\/media?parent=2614"}],"wp:term":[{"taxonomy":"category","embeddable":true,"href":"https:\/\/droitemoderniste.be\/index.php\/wp-json\/wp\/v2\/categories?post=2614"},{"taxonomy":"post_tag","embeddable":true,"href":"https:\/\/droitemoderniste.be\/index.php\/wp-json\/wp\/v2\/tags?post=2614"}],"curies":[{"name":"wp","href":"https:\/\/api.w.org\/{rel}","templated":true}]}}