{"id":2608,"date":"2026-01-31T14:13:48","date_gmt":"2026-01-31T13:13:48","guid":{"rendered":"https:\/\/droitemoderniste.be\/?p=2608"},"modified":"2026-01-31T14:13:48","modified_gmt":"2026-01-31T13:13:48","slug":"une-europe-sans-otan-oblige-la-belgique-a-un-sursaut-strategique","status":"publish","type":"post","link":"https:\/\/droitemoderniste.be\/index.php\/2026\/01\/31\/une-europe-sans-otan-oblige-la-belgique-a-un-sursaut-strategique\/","title":{"rendered":"Une Europe sans OTAN oblige la Belgique \u00e0 un sursaut strat\u00e9gique"},"content":{"rendered":"\n<figure class=\"wp-block-image size-large\"><img loading=\"lazy\" decoding=\"async\" width=\"1024\" height=\"683\" src=\"https:\/\/droitemoderniste.be\/wp-content\/uploads\/2026\/01\/securite-numerique-gouvernement-1024x683.png\" alt=\"\" class=\"wp-image-2609\" srcset=\"https:\/\/droitemoderniste.be\/wp-content\/uploads\/2026\/01\/securite-numerique-gouvernement-1024x683.png 1024w, https:\/\/droitemoderniste.be\/wp-content\/uploads\/2026\/01\/securite-numerique-gouvernement-300x200.png 300w, https:\/\/droitemoderniste.be\/wp-content\/uploads\/2026\/01\/securite-numerique-gouvernement-768x512.png 768w, https:\/\/droitemoderniste.be\/wp-content\/uploads\/2026\/01\/securite-numerique-gouvernement.png 1536w\" sizes=\"auto, (max-width: 1024px) 100vw, 1024px\" \/><\/figure>\n\n\n\n<p class=\"wp-block-paragraph\">Pendant des d\u00e9cennies, la Belgique a v\u00e9cu dans un confort strat\u00e9gique trompeur. Notre s\u00e9curit\u00e9 int\u00e9rieure et notre d\u00e9fense ext\u00e9rieure ont \u00e9t\u00e9 largement d\u00e9l\u00e9gu\u00e9es : \u00e0 l\u2019OTAN pour la protection militaire, \u00e0 nos alli\u00e9s pour le renseignement strat\u00e9gique, \u00e0 des m\u00e9canismes europ\u00e9ens encore inachev\u00e9s pour la gestion des crises.<br>Ce mod\u00e8le a fonctionn\u00e9 tant que l\u2019architecture de s\u00e9curit\u00e9 euro-atlantique tenait. Mais cette architecture se fragilise.<\/p>\n\n\n\n<p class=\"wp-block-paragraph\">Dans une Europe priv\u00e9e de l\u2019OTAN \u2014 par retrait am\u00e9ricain, paralysie politique ou rupture strat\u00e9gique majeure \u2014 la Belgique ne peut plus se permettre l\u2019illusion de l\u2019irresponsabilit\u00e9 s\u00e9curitaire. Elle doit choisir : rester un passager vuln\u00e9rable ou devenir un acteur adulte de sa propre s\u00e9curit\u00e9.<\/p>\n\n\n\n<h6 class=\"wp-block-heading\">La s\u00e9curit\u00e9 int\u00e9rieure ne peut plus \u00eatre pens\u00e9e comme avant<\/h6>\n\n\n\n<p class=\"wp-block-paragraph\">Les menaces contemporaines ne rel\u00e8vent plus d\u2019une simple logique polici\u00e8re. Elles sont hybrides, diffuses, souvent invisibles : cyberattaques contre les infrastructures critiques, sabotages, ing\u00e9rences informationnelles, terrorisme instrumentalis\u00e9, criminalit\u00e9 transnationale arm\u00e9e.<\/p>\n\n\n\n<p class=\"wp-block-paragraph\">Or la Belgique demeure enferm\u00e9e dans un syst\u00e8me fragment\u00e9, lent et cloisonn\u00e9, o\u00f9 la coordination intervient trop souvent apr\u00e8s la crise, jamais avant. Ce retard strat\u00e9gique n\u2019est plus soutenable.<\/p>\n\n\n\n<p class=\"wp-block-paragraph\">Une rupture s\u2019impose : penser la s\u00e9curit\u00e9 int\u00e9rieure comme une <strong>r\u00e9silience nationale<\/strong>. Cela suppose une doctrine claire liant police, renseignement, cyberd\u00e9fense et protection civile. Cela suppose aussi un renforcement r\u00e9el des capacit\u00e9s de renseignement, non pour surveiller davantage, mais pour anticiper mieux.<\/p>\n\n\n\n<p class=\"wp-block-paragraph\">La libert\u00e9 ne survit pas \u00e0 l\u2019impr\u00e9paration.<\/p>\n\n\n\n<h6 class=\"wp-block-heading\">Une arm\u00e9e cr\u00e9dible n\u2019est pas un luxe<\/h6>\n\n\n\n<p class=\"wp-block-paragraph\">L\u2019arm\u00e9e belge a \u00e9t\u00e9 progressivement r\u00e9duite \u00e0 une force symbolique, con\u00e7ue pour contribuer \u00e0 des op\u00e9rations multinationales d\u00e9cid\u00e9es ailleurs plut\u00f4t que pour assurer la d\u00e9fense effective du territoire national. Cette posture \u00e9tait tenable sous le parapluie de l\u2019OTAN. Elle ne l\u2019est plus dans un environnement strat\u00e9gique instable.<\/p>\n\n\n\n<p class=\"wp-block-paragraph\">Dans une Europe sans OTAN, la Belgique doit se doter d\u2019une capacit\u00e9 militaire cr\u00e9dible, proportionn\u00e9e et d\u00e9fensive. Cela implique d\u2019abandonner l\u2019illusion d\u2019une arm\u00e9e l\u00e9g\u00e8re et exp\u00e9ditionnaire au profit d\u2019une arm\u00e9e compacte, technologiquement avanc\u00e9e et ancr\u00e9e dans le territoire.<\/p>\n\n\n\n<p class=\"wp-block-paragraph\">La dissuasion conventionnelle, la cyberd\u00e9fense, la lutte anti-drones, la protection des infrastructures critiques et la reconstitution d\u2019une r\u00e9serve op\u00e9rationnelle structur\u00e9e ne sont pas des choix id\u00e9ologiques : ce sont des imp\u00e9ratifs de souverainet\u00e9 d\u00e9mocratique.<\/p>\n\n\n\n<h6 class=\"wp-block-heading\">L\u2019Europe ne peut pas se substituer \u00e0 la responsabilit\u00e9 nationale<\/h6>\n\n\n\n<p class=\"wp-block-paragraph\">Face \u00e0 l\u2019\u00e9rosion de l\u2019OTAN, certains invoquent une d\u00e9fense europ\u00e9enne abstraite, technocratique, suppos\u00e9e compenser les faiblesses nationales. Cette vision est illusoire.<\/p>\n\n\n\n<p class=\"wp-block-paragraph\">L\u2019autonomie strat\u00e9gique europ\u00e9enne ne pourra exister que si elle repose sur des \u00c9tats capables, responsables et souverains. La coop\u00e9ration militaire est indispensable \u2014 notamment avec nos partenaires du Benelux, la France et l\u2019Allemagne \u2014 mais elle ne saurait remplacer la cr\u00e9dibilit\u00e9 nationale.<\/p>\n\n\n\n<p class=\"wp-block-paragraph\">C\u2019est l\u00e0 tout le sens d\u2019un <strong>souverainisme \u00e9clair\u00e9<\/strong> : coop\u00e9rer sans s\u2019effacer, mutualiser sans se d\u00e9responsabiliser.<\/p>\n\n\n\n<h6 class=\"wp-block-heading\">Le courage politique de la lucidit\u00e9<\/h6>\n\n\n\n<p class=\"wp-block-paragraph\">Refuser cette rupture strat\u00e9gique, c\u2019est accepter l\u2019impuissance en cas de crise majeure. C\u2019est exposer les citoyens \u00e0 des menaces que l\u2019\u00c9tat aura refus\u00e9 d\u2019anticiper. C\u2019est confondre pacifisme et na\u00efvet\u00e9.<\/p>\n\n\n\n<p class=\"wp-block-paragraph\">Assumer cette rupture, au contraire, c\u2019est faire le choix d\u2019un \u00c9tat adulte, d\u2019une d\u00e9mocratie prot\u00e9g\u00e9e et d\u2019une Belgique pleinement responsable dans une Europe en recomposition.<\/p>\n\n\n\n<p class=\"wp-block-paragraph\">La s\u00e9curit\u00e9 n\u2019est pas une posture id\u00e9ologique.<br>Elle est la condition m\u00eame de la libert\u00e9 politique.<\/p>\n\n\n\n<p class=\"wp-block-paragraph\"><strong>Carl-Alexandre Robyn<\/strong><\/p>\n\n\n\n<p class=\"wp-block-paragraph\"><strong>Fondateur et responsable politique du Mouvement Droite Moderniste (MDM), Belgique<\/strong><\/p>\n","protected":false},"excerpt":{"rendered":"<p>Pendant des d\u00e9cennies, la Belgique a v\u00e9cu dans un confort strat\u00e9gique trompeur. Notre s\u00e9curit\u00e9 int\u00e9rieure et notre d\u00e9fense ext\u00e9rieure ont \u00e9t\u00e9 largement d\u00e9l\u00e9gu\u00e9es : \u00e0 l\u2019OTAN pour la protection militaire, \u00e0 nos alli\u00e9s pour le renseignement strat\u00e9gique, \u00e0 des m\u00e9canismes europ\u00e9ens encore inachev\u00e9s pour la gestion des crises.Ce mod\u00e8le a fonctionn\u00e9 tant que l\u2019architecture de [&hellip;]<\/p>\n","protected":false},"author":1,"featured_media":0,"comment_status":"open","ping_status":"open","sticky":false,"template":"","format":"standard","meta":{"_monsterinsights_skip_tracking":false,"_uf_show_specific_survey":0,"_uf_disable_surveys":false,"footnotes":""},"categories":[7,6,47],"tags":[],"class_list":["post-2608","post","type-post","status-publish","format-standard","hentry","category-defense","category-otan","category-souverainisme"],"_links":{"self":[{"href":"https:\/\/droitemoderniste.be\/index.php\/wp-json\/wp\/v2\/posts\/2608","targetHints":{"allow":["GET"]}}],"collection":[{"href":"https:\/\/droitemoderniste.be\/index.php\/wp-json\/wp\/v2\/posts"}],"about":[{"href":"https:\/\/droitemoderniste.be\/index.php\/wp-json\/wp\/v2\/types\/post"}],"author":[{"embeddable":true,"href":"https:\/\/droitemoderniste.be\/index.php\/wp-json\/wp\/v2\/users\/1"}],"replies":[{"embeddable":true,"href":"https:\/\/droitemoderniste.be\/index.php\/wp-json\/wp\/v2\/comments?post=2608"}],"version-history":[{"count":1,"href":"https:\/\/droitemoderniste.be\/index.php\/wp-json\/wp\/v2\/posts\/2608\/revisions"}],"predecessor-version":[{"id":2610,"href":"https:\/\/droitemoderniste.be\/index.php\/wp-json\/wp\/v2\/posts\/2608\/revisions\/2610"}],"wp:attachment":[{"href":"https:\/\/droitemoderniste.be\/index.php\/wp-json\/wp\/v2\/media?parent=2608"}],"wp:term":[{"taxonomy":"category","embeddable":true,"href":"https:\/\/droitemoderniste.be\/index.php\/wp-json\/wp\/v2\/categories?post=2608"},{"taxonomy":"post_tag","embeddable":true,"href":"https:\/\/droitemoderniste.be\/index.php\/wp-json\/wp\/v2\/tags?post=2608"}],"curies":[{"name":"wp","href":"https:\/\/api.w.org\/{rel}","templated":true}]}}