{"id":2601,"date":"2026-01-30T14:15:58","date_gmt":"2026-01-30T13:15:58","guid":{"rendered":"https:\/\/droitemoderniste.be\/?p=2601"},"modified":"2026-01-30T14:15:58","modified_gmt":"2026-01-30T13:15:58","slug":"strategie-de-financement-du-programme-social-du-mdm","status":"publish","type":"post","link":"https:\/\/droitemoderniste.be\/index.php\/2026\/01\/30\/strategie-de-financement-du-programme-social-du-mdm\/","title":{"rendered":"Strat\u00e9gie de financement du programme social du MDM"},"content":{"rendered":"\n<figure class=\"wp-block-image size-full\"><img loading=\"lazy\" decoding=\"async\" width=\"301\" height=\"167\" src=\"https:\/\/droitemoderniste.be\/wp-content\/uploads\/2026\/01\/vieux-muppets-3.jpg\" alt=\"\" class=\"wp-image-2602\"\/><\/figure>\n\n\n\n<h6 class=\"wp-block-heading\"><em>\u00ab Solidarit\u00e9 prioritaire, gestion responsable \u00bb<\/em><\/h6>\n\n\n\n<hr class=\"wp-block-separator has-alpha-channel-opacity\"\/>\n\n\n\n<h5 class=\"wp-block-heading\">1.Lutte cibl\u00e9e contre la fraude sociale et fiscale<\/h5>\n\n\n\n<h6 class=\"wp-block-heading\">Objectif : +1,0 \u00e0 +1,3 milliard \u20ac\/an<\/h6>\n\n\n\n<p class=\"wp-block-paragraph\">La Belgique perd plusieurs milliards par an entre :<\/p>\n\n\n\n<ul class=\"wp-block-list\">\n<li>travail au noir<\/li>\n\n\n\n<li>montages abusifs<\/li>\n\n\n\n<li>fausses domiciliations<\/li>\n\n\n\n<li>abus d\u2019allocations.<\/li>\n<\/ul>\n\n\n\n<p class=\"wp-block-paragraph\"><strong>Proposition <mark style=\"background-color:rgba(0, 0, 0, 0);color:#ff6900\" class=\"has-inline-color\">MDM<\/mark> :<\/strong><\/p>\n\n\n\n<ul class=\"wp-block-list\">\n<li>croiser automatiquement les bases de donn\u00e9es (SPF Finances, ONSS, mutuelles)<\/li>\n\n\n\n<li>renforcer les \u00e9quipes d\u2019inspection <strong>l\u00e0 o\u00f9 le rendement est prouv\u00e9<\/strong><\/li>\n\n\n\n<li>sanctions rapides + r\u00e9cup\u00e9rations plus efficaces<\/li>\n\n\n\n<li>prioriser les fraudes organis\u00e9es plut\u00f4t que le \u201cpetit contr\u00f4le bureaucratique\u201d.<\/li>\n<\/ul>\n\n\n\n<p class=\"wp-block-paragraph\">\u27a1 Hypoth\u00e8se prudente : r\u00e9cup\u00e9rer <strong>10\u201315 %<\/strong> de la fraude estim\u00e9e \u2192 <strong>1,0\u20131,3 milliard \u20ac<\/strong>.<\/p>\n\n\n\n<hr class=\"wp-block-separator has-alpha-channel-opacity\"\/>\n\n\n\n<h5 class=\"wp-block-heading\">2.R\u00e9duction des d\u00e9penses inefficaces (sans toucher aux soins essentiels)<\/h5>\n\n\n\n<h6 class=\"wp-block-heading\">&nbsp;Objectif : +0,7 \u00e0 +1,0 milliard \u20ac\/an<\/h6>\n\n\n\n<p class=\"wp-block-paragraph\">Belgique = administration lourde, subventions parfois peu utiles, doublons entre niveaux (f\u00e9d\u00e9ral\/r\u00e9gions\/communaut\u00e9s).<\/p>\n\n\n\n<p class=\"wp-block-paragraph\"><strong>Mesures <mark style=\"background-color:rgba(0, 0, 0, 0);color:#ff6900\" class=\"has-inline-color\">MDM<\/mark> :<\/strong><\/p>\n\n\n\n<ul class=\"wp-block-list\">\n<li>audit ind\u00e9pendant annuel des subventions<\/li>\n\n\n\n<li>suppression programm\u00e9e des aides <strong>qui n\u2019ont aucun impact mesurable<\/strong><\/li>\n\n\n\n<li>num\u00e9risation intelligente (mais toujours alternative papier pour les seniors)<\/li>\n\n\n\n<li>centralisation partielle de services redondants.<\/li>\n<\/ul>\n\n\n\n<p class=\"wp-block-paragraph\">\u27a1 \u00c9conomies graduelles : <strong>0,7\u20131,0 milliard \u20ac<\/strong>.<\/p>\n\n\n\n<hr class=\"wp-block-separator has-alpha-channel-opacity\"\/>\n\n\n\n<h5 class=\"wp-block-heading\">3.Contribution \u00e9quitable des hauts revenus\u2026 mais sans p\u00e9naliser le travail<\/h5>\n\n\n\n<h6 class=\"wp-block-heading\">Objectif : +0,4 \u00e0 +0,6 milliard \u20ac\/an<\/h6>\n\n\n\n<p class=\"wp-block-paragraph\">Pas une \u201cpunition fiscale\u201d, mais :<\/p>\n\n\n\n<ul class=\"wp-block-list\">\n<li>plafonner certaines niches fiscales injustifi\u00e9es<\/li>\n\n\n\n<li>renforcement mod\u00e9r\u00e9 de l\u2019imposition sur <strong>revenus financiers tr\u00e8s \u00e9lev\u00e9s<\/strong><\/li>\n\n\n\n<li>meilleure taxation des dividendes sp\u00e9culatifs \u00e0 court terme.<\/li>\n<\/ul>\n\n\n\n<p class=\"wp-block-paragraph\">\u27a1 Impact cibl\u00e9 : <strong>0,4\u20130,6 milliard \u20ac\/an<\/strong>.<\/p>\n\n\n\n<p class=\"wp-block-paragraph\">Important :<br>\u2714 ne pas augmenter l\u2019imp\u00f4t du travail productif<br>\u2714 pr\u00e9server l\u2019investissement entrepreneurial de long terme.<\/p>\n\n\n\n<hr class=\"wp-block-separator has-alpha-channel-opacity\"\/>\n\n\n\n<h5 class=\"wp-block-heading\">4.Croissance de l\u2019emploi senior (volontaire)<\/h5>\n\n\n\n<h6 class=\"wp-block-heading\">Objectif indirect : +0,2 \u00e0 +0,4 milliard \u20ac\/an<\/h6>\n\n\n\n<p class=\"wp-block-paragraph\">Plus de seniors qui travaillent <strong>\u00e0 temps partiel et volontairement<\/strong> =<\/p>\n\n\n\n<ul class=\"wp-block-list\">\n<li>plus d\u2019imp\u00f4ts per\u00e7us<\/li>\n\n\n\n<li>contributions sociales suppl\u00e9mentaires<\/li>\n\n\n\n<li>moins de pression sur certaines aides.<\/li>\n<\/ul>\n\n\n\n<p class=\"wp-block-paragraph\"><strong>Mesures :<\/strong><\/p>\n\n\n\n<ul class=\"wp-block-list\">\n<li>plafonds clairs pour cumuler pension + activit\u00e9<\/li>\n\n\n\n<li>d\u00e9marches ultra simples<\/li>\n\n\n\n<li>incitants fiscaux limit\u00e9s mais encourageants.<\/li>\n<\/ul>\n\n\n\n<p class=\"wp-block-paragraph\">\u27a1 Recettes additionnelles : <strong>0,2\u20130,4 milliard \u20ac<\/strong>.<\/p>\n\n\n\n<hr class=\"wp-block-separator has-alpha-channel-opacity\"\/>\n\n\n\n<h5 class=\"wp-block-heading\">5.R\u00e9forme intelligente des soins (sans rationnement)<\/h5>\n\n\n\n<h6 class=\"wp-block-heading\">Objectif &nbsp;: +0,3 \u00e0 +0,5 milliard \u20ac\/an<\/h6>\n\n\n\n<p class=\"wp-block-paragraph\">Pas couper \u2014 <strong>mieux organiser<\/strong>.<\/p>\n\n\n\n<p class=\"wp-block-paragraph\"><strong>Actions :<\/strong><\/p>\n\n\n\n<ul class=\"wp-block-list\">\n<li>privil\u00e9gier pr\u00e9vention (moins d\u2019hospitalisations lourdes)<\/li>\n\n\n\n<li>achat group\u00e9 de m\u00e9dicaments<\/li>\n\n\n\n<li>lutte contre prescriptions inutiles ou redondantes<\/li>\n\n\n\n<li>t\u00e9l\u00e9suivi pour ceux qui le souhaitent (moins de complications, d\u00e9placements).<\/li>\n<\/ul>\n\n\n\n<p class=\"wp-block-paragraph\">\u27a1 \u00c9conomies structurelles : <strong>0,3\u20130,5 milliard \u20ac<\/strong>.<\/p>\n\n\n\n<hr class=\"wp-block-separator has-alpha-channel-opacity\"\/>\n\n\n\n<h6 class=\"wp-block-heading\">SYNTH\u00c8SE \u2014 FINANCEMENT GLOBAL<\/h6>\n\n\n\n<figure class=\"wp-block-table\"><table class=\"has-fixed-layout\"><thead><tr><td><strong>Source<\/strong><strong><\/strong><\/td><td><strong>Recettes\/\u00c9conomies estim\u00e9es<\/strong><strong><\/strong><\/td><\/tr><\/thead><tbody><tr><td>Fraude sociale &amp; fiscale<\/td><td>1,0 \u2013 1,3 Md\u20ac<\/td><\/tr><tr><td>D\u00e9penses inefficaces<\/td><td>0,7 \u2013 1,0 Md\u20ac<\/td><\/tr><tr><td>Niches\/hauts revenus cibl\u00e9s<\/td><td>0,4 \u2013 0,6 Md\u20ac<\/td><\/tr><tr><td>Emploi senior volontaire<\/td><td>0,2 \u2013 0,4 Md\u20ac<\/td><\/tr><tr><td>Optimisation soins<\/td><td>0,3 \u2013 0,5 Md\u20ac<\/td><\/tr><tr><td><strong>&nbsp;Total<\/strong><\/td><td><strong>2,6 \u2013 3,8 milliards \u20ac\/an<\/strong><\/td><\/tr><\/tbody><\/table><\/figure>\n\n\n\n<p class=\"wp-block-paragraph\">\u27a1 Cela couvre l\u2019estimation du programme (<strong>2\u20133,6 Md\u20ac<\/strong>), <strong>sans d\u00e9ficit<\/strong>, tout en restant cr\u00e9dible.<\/p>\n\n\n\n<hr class=\"wp-block-separator has-alpha-channel-opacity\"\/>\n\n\n\n<h6 class=\"wp-block-heading\">Pourquoi cette strat\u00e9gie est politiquement SENS\u00c9E <\/h6>\n\n\n\n<p class=\"wp-block-paragraph\">\u2714 Priorit\u00e9 aux petits pensionn\u00e9s<br>\u2714 Pas de coupes aveugles dans la sant\u00e9<br>\u2714 Effort demand\u00e9 aux comportements abusifs et aux rentes injustes<br>\u2714 Modernisation administrative<br>\u2714 Responsabilit\u00e9 budg\u00e9taire claire<\/p>\n\n\n\n<p class=\"wp-block-paragraph\"><\/p>\n","protected":false},"excerpt":{"rendered":"<p>\u00ab Solidarit\u00e9 prioritaire, gestion responsable \u00bb 1.Lutte cibl\u00e9e contre la fraude sociale et fiscale Objectif : +1,0 \u00e0 +1,3 milliard \u20ac\/an La Belgique perd plusieurs milliards par an entre : Proposition MDM : \u27a1 Hypoth\u00e8se prudente : r\u00e9cup\u00e9rer 10\u201315 % de la fraude estim\u00e9e \u2192 1,0\u20131,3 milliard \u20ac. 2.R\u00e9duction des d\u00e9penses inefficaces (sans toucher aux [&hellip;]<\/p>\n","protected":false},"author":1,"featured_media":0,"comment_status":"open","ping_status":"open","sticky":false,"template":"","format":"standard","meta":{"_monsterinsights_skip_tracking":false,"_uf_show_specific_survey":0,"_uf_disable_surveys":false,"footnotes":""},"categories":[52,10],"tags":[],"class_list":["post-2601","post","type-post","status-publish","format-standard","hentry","category-pensionnes","category-securite-sociale"],"_links":{"self":[{"href":"https:\/\/droitemoderniste.be\/index.php\/wp-json\/wp\/v2\/posts\/2601","targetHints":{"allow":["GET"]}}],"collection":[{"href":"https:\/\/droitemoderniste.be\/index.php\/wp-json\/wp\/v2\/posts"}],"about":[{"href":"https:\/\/droitemoderniste.be\/index.php\/wp-json\/wp\/v2\/types\/post"}],"author":[{"embeddable":true,"href":"https:\/\/droitemoderniste.be\/index.php\/wp-json\/wp\/v2\/users\/1"}],"replies":[{"embeddable":true,"href":"https:\/\/droitemoderniste.be\/index.php\/wp-json\/wp\/v2\/comments?post=2601"}],"version-history":[{"count":1,"href":"https:\/\/droitemoderniste.be\/index.php\/wp-json\/wp\/v2\/posts\/2601\/revisions"}],"predecessor-version":[{"id":2603,"href":"https:\/\/droitemoderniste.be\/index.php\/wp-json\/wp\/v2\/posts\/2601\/revisions\/2603"}],"wp:attachment":[{"href":"https:\/\/droitemoderniste.be\/index.php\/wp-json\/wp\/v2\/media?parent=2601"}],"wp:term":[{"taxonomy":"category","embeddable":true,"href":"https:\/\/droitemoderniste.be\/index.php\/wp-json\/wp\/v2\/categories?post=2601"},{"taxonomy":"post_tag","embeddable":true,"href":"https:\/\/droitemoderniste.be\/index.php\/wp-json\/wp\/v2\/tags?post=2601"}],"curies":[{"name":"wp","href":"https:\/\/api.w.org\/{rel}","templated":true}]}}