{"id":2595,"date":"2026-01-28T12:27:39","date_gmt":"2026-01-28T11:27:39","guid":{"rendered":"https:\/\/droitemoderniste.be\/?p=2595"},"modified":"2026-01-28T12:27:39","modified_gmt":"2026-01-28T11:27:39","slug":"une-retraite-digne-sans-dette-pour-nos-enfants","status":"publish","type":"post","link":"https:\/\/droitemoderniste.be\/index.php\/2026\/01\/28\/une-retraite-digne-sans-dette-pour-nos-enfants\/","title":{"rendered":"\u00ab\u00a0Une retraite digne, sans dette pour nos enfants\u00a0\u00bb"},"content":{"rendered":"\n<figure class=\"wp-block-image size-full\"><img loading=\"lazy\" decoding=\"async\" width=\"340\" height=\"148\" src=\"https:\/\/droitemoderniste.be\/wp-content\/uploads\/2026\/01\/pensionnes.jpg\" alt=\"\" class=\"wp-image-2596\" srcset=\"https:\/\/droitemoderniste.be\/wp-content\/uploads\/2026\/01\/pensionnes.jpg 340w, https:\/\/droitemoderniste.be\/wp-content\/uploads\/2026\/01\/pensionnes-300x131.jpg 300w\" sizes=\"auto, (max-width: 340px) 100vw, 340px\" \/><\/figure>\n\n\n\n<p class=\"wp-block-paragraph\">Ch\u00e8res amies, chers amis,<\/p>\n\n\n\n<p class=\"wp-block-paragraph\">Nous avons tous, dans notre famille ou autour de nous, une maman, un papa, un voisin, une grand-m\u00e8re, qui se demande chaque mois :<\/p>\n\n\n\n<p class=\"wp-block-paragraph\">\u00ab Est-ce que ma pension suffira pour me loger, me soigner, me chauffer ? \u00bb<\/p>\n\n\n\n<p class=\"wp-block-paragraph\">Dans un pays comme la Belgique, <strong>personne ne devrait vieillir dans l\u2019angoisse<\/strong>.<\/p>\n\n\n\n<p class=\"wp-block-paragraph\">Le <mark style=\"background-color:rgba(0, 0, 0, 0);color:#ff6900\" class=\"has-inline-color\">Mouvement Droite Moderniste<\/mark> porte une conviction simple :<\/p>\n\n\n\n<p class=\"wp-block-paragraph\"><strong>Travailler toute une vie doit garantir une vieillesse digne \u2014<\/strong><strong><br>sans ruiner l\u2019\u00c9tat, sans endetter nos enfants.<\/strong><\/p>\n\n\n\n<hr class=\"wp-block-separator has-alpha-channel-opacity\"\/>\n\n\n\n<h5 class=\"wp-block-heading\">D\u2019abord, prot\u00e9ger les plus fragiles<\/h5>\n\n\n\n<p class=\"wp-block-paragraph\">Nous le disons clairement :<br>la priorit\u00e9 va aux <strong>petits pensionn\u00e9s<\/strong>, souvent des femmes, souvent des carri\u00e8res modestes.<\/p>\n\n\n\n<p class=\"wp-block-paragraph\">Notre programme :<\/p>\n\n\n\n<p class=\"wp-block-paragraph\">\u2714 rehaussement cibl\u00e9 des petites pensions<br>\u2714 prime pour les carri\u00e8res longues mais sous-pay\u00e9es<br>\u2714 bouclier sant\u00e9 pour emp\u00eacher les factures de devenir des drames<br>\u2714 aides au logement, ch\u00e8que \u00e9nergie, adaptation du domicile<br>\u2714 lutte contre l\u2019isolement : culture, mobilit\u00e9, proximit\u00e9<br>\u2714 lutte contre les abus et les arnaques<\/p>\n\n\n\n<p class=\"wp-block-paragraph\">Ce n\u2019est pas de la d\u00e9magogie.<br>C\u2019est une question de <strong>respect<\/strong>.<\/p>\n\n\n\n<hr class=\"wp-block-separator has-alpha-channel-opacity\"\/>\n\n\n\n<h5 class=\"wp-block-heading\">La diff\u00e9rence <mark style=\"background-color:rgba(0, 0, 0, 0);color:#ff6900\" class=\"has-inline-color\">MDM<\/mark> : nous finan\u00e7ons ce que nous promettons<\/h5>\n\n\n\n<p class=\"wp-block-paragraph\">D\u2019autres promettent tout \u2014 et enverront la facture aux g\u00e9n\u00e9rations suivantes.<\/p>\n\n\n\n<p class=\"wp-block-paragraph\">Nous, non.<\/p>\n\n\n\n<p class=\"wp-block-paragraph\">Nous disons :<br><strong>Oui \u00e0 la solidarit\u00e9 \u2014 mais responsable.<\/strong><\/p>\n\n\n\n<p class=\"wp-block-paragraph\">Notre strat\u00e9gie de financement repose sur cinq piliers :<\/p>\n\n\n\n<p class=\"wp-block-paragraph\">1.<strong>fraude sociale et fiscale : tol\u00e9rance z\u00e9ro<\/strong><br>2.<strong>fin des d\u00e9penses publiques inefficaces<\/strong><br>3.<strong>contribution plus \u00e9quitable des tr\u00e8s hauts revenus financiers<\/strong><br>4.<strong>encourager le travail des seniors volontaires<\/strong><br>5.<strong>organisation plus intelligente des soins, sans rationnement<\/strong><\/p>\n\n\n\n<p class=\"wp-block-paragraph\">R\u00e9sultat :<br>\u27a1entre <strong>2,6 et 3,8 milliards d\u2019euros<\/strong> de marges \u2014<br>suffisant pour financer nos mesures <strong>sans creuser le d\u00e9ficit<\/strong>.<\/p>\n\n\n\n<hr class=\"wp-block-separator has-alpha-channel-opacity\"\/>\n\n\n\n<h5 class=\"wp-block-heading\">Solidaires \u2014 mais justes<\/h5>\n\n\n\n<p class=\"wp-block-paragraph\">Nous ne voulons pas opposer jeunes et anciens.<\/p>\n\n\n\n<p class=\"wp-block-paragraph\">Nous voulons un pacte clair :<\/p>\n\n\n\n<p class=\"wp-block-paragraph\"><strong>nous prot\u00e9geons nos pensionn\u00e9s aujourd\u2019hui<\/strong>,<br><strong>et nous ne sacrifions pas l\u2019avenir de nos enfants demain.<\/strong><\/p>\n\n\n\n<p class=\"wp-block-paragraph\">C\u2019est cela, la droite moderniste :<br>\u2014 protectrice sans \u00eatre laxiste,<br>\u2014 sociale sans \u00eatre d\u00e9pensi\u00e8re,<br>\u2014 responsable sans \u00eatre froide.<\/p>\n\n\n\n<p class=\"wp-block-paragraph\">Rejoignez-nous pour construire une Belgique<br>o\u00f9 <strong>la fin de vie redevient un temps de dignit\u00e9, de s\u00e9curit\u00e9 et de libert\u00e9.<\/strong><\/p>\n\n\n\n<p class=\"wp-block-paragraph\">Merci.<\/p>\n","protected":false},"excerpt":{"rendered":"<p>Ch\u00e8res amies, chers amis, Nous avons tous, dans notre famille ou autour de nous, une maman, un papa, un voisin, une grand-m\u00e8re, qui se demande chaque mois : \u00ab Est-ce que ma pension suffira pour me loger, me soigner, me chauffer ? \u00bb Dans un pays comme la Belgique, personne ne devrait vieillir dans l\u2019angoisse. [&hellip;]<\/p>\n","protected":false},"author":1,"featured_media":0,"comment_status":"open","ping_status":"open","sticky":false,"template":"","format":"standard","meta":{"_monsterinsights_skip_tracking":false,"_uf_show_specific_survey":0,"_uf_disable_surveys":false,"footnotes":""},"categories":[52],"tags":[],"class_list":["post-2595","post","type-post","status-publish","format-standard","hentry","category-pensionnes"],"_links":{"self":[{"href":"https:\/\/droitemoderniste.be\/index.php\/wp-json\/wp\/v2\/posts\/2595","targetHints":{"allow":["GET"]}}],"collection":[{"href":"https:\/\/droitemoderniste.be\/index.php\/wp-json\/wp\/v2\/posts"}],"about":[{"href":"https:\/\/droitemoderniste.be\/index.php\/wp-json\/wp\/v2\/types\/post"}],"author":[{"embeddable":true,"href":"https:\/\/droitemoderniste.be\/index.php\/wp-json\/wp\/v2\/users\/1"}],"replies":[{"embeddable":true,"href":"https:\/\/droitemoderniste.be\/index.php\/wp-json\/wp\/v2\/comments?post=2595"}],"version-history":[{"count":1,"href":"https:\/\/droitemoderniste.be\/index.php\/wp-json\/wp\/v2\/posts\/2595\/revisions"}],"predecessor-version":[{"id":2597,"href":"https:\/\/droitemoderniste.be\/index.php\/wp-json\/wp\/v2\/posts\/2595\/revisions\/2597"}],"wp:attachment":[{"href":"https:\/\/droitemoderniste.be\/index.php\/wp-json\/wp\/v2\/media?parent=2595"}],"wp:term":[{"taxonomy":"category","embeddable":true,"href":"https:\/\/droitemoderniste.be\/index.php\/wp-json\/wp\/v2\/categories?post=2595"},{"taxonomy":"post_tag","embeddable":true,"href":"https:\/\/droitemoderniste.be\/index.php\/wp-json\/wp\/v2\/tags?post=2595"}],"curies":[{"name":"wp","href":"https:\/\/api.w.org\/{rel}","templated":true}]}}