{"id":2589,"date":"2026-01-27T11:37:55","date_gmt":"2026-01-27T10:37:55","guid":{"rendered":"https:\/\/droitemoderniste.be\/?p=2589"},"modified":"2026-01-27T11:37:55","modified_gmt":"2026-01-27T10:37:55","slug":"europe-reveillons-nous-avant-quil-ne-soit-trop-tard","status":"publish","type":"post","link":"https:\/\/droitemoderniste.be\/index.php\/2026\/01\/27\/europe-reveillons-nous-avant-quil-ne-soit-trop-tard\/","title":{"rendered":"Europe: r\u00e9veillons-nous avant qu&rsquo;il ne soit trop tard"},"content":{"rendered":"\n<figure class=\"wp-block-image size-full\"><img loading=\"lazy\" decoding=\"async\" width=\"243\" height=\"158\" src=\"https:\/\/droitemoderniste.be\/wp-content\/uploads\/2026\/01\/avions-attaque.jpg\" alt=\"\" class=\"wp-image-2590\"\/><\/figure>\n\n\n\n<p class=\"wp-block-paragraph\">L\u2019Europe vit un moment de v\u00e9rit\u00e9. La fin possible de l\u2019OTAN ne serait pas seulement un tournant strat\u00e9gique : ce serait un <strong>choc existentiel<\/strong>. Une Union incapable de se d\u00e9fendre collectivement serait condamn\u00e9e \u00e0 la division, \u00e0 la d\u00e9pendance, voire \u00e0 la disparition.<\/p>\n\n\n\n<p class=\"wp-block-paragraph\">Depuis trop longtemps, nous avons laiss\u00e9 d\u2019autres assurer notre s\u00e9curit\u00e9. Nous avons b\u00e2ti un march\u00e9, des institutions, des normes \u2014 mais nous avons renonc\u00e9 \u00e0 <strong>la force et \u00e0 la responsabilit\u00e9<\/strong> qui fondent toute puissance politique. C\u2019est le moment de rompre avec cette illusion.<\/p>\n\n\n\n<p class=\"wp-block-paragraph\">Le <mark style=\"background-color:rgba(0, 0, 0, 0);color:#ff6900\" class=\"has-inline-color\">Mouvement Droite Moderniste<\/mark> d\u00e9fend une Europe capable de <strong>se prot\u00e9ger par elle-m\u00eame, en coh\u00e9rence avec ses valeurs et sa d\u00e9mocratie<\/strong>, une Europe o\u00f9 chaque \u00c9tat assume sa part, mais agit dans un projet commun. Une Europe o\u00f9 la Belgique et Bruxelles jouent un r\u00f4le central, non pas comme spectateurs, mais comme <strong>pilier strat\u00e9gique et moral<\/strong>.<\/p>\n\n\n\n<p class=\"wp-block-paragraph\">La d\u00e9fense n\u2019est pas un luxe : elle est la condition de notre libert\u00e9. La paix ne se qu\u00e9mande pas, elle se garantit. L\u2019avenir de l\u2019Europe se joue maintenant. Il d\u00e9pendra de notre courage, de notre lucidit\u00e9 et de notre capacit\u00e9 \u00e0 b\u00e2tir <strong>une Europe forte, souveraine et moderne<\/strong>.<\/p>\n\n\n\n<p class=\"wp-block-paragraph\"><strong><mark style=\"background-color:rgba(0, 0, 0, 0);color:#ff6900\" class=\"has-inline-color\">MDM<\/mark> \u2014 Racines fortes, regard neuf.<\/strong><\/p>\n","protected":false},"excerpt":{"rendered":"<p>L\u2019Europe vit un moment de v\u00e9rit\u00e9. La fin possible de l\u2019OTAN ne serait pas seulement un tournant strat\u00e9gique : ce serait un choc existentiel. Une Union incapable de se d\u00e9fendre collectivement serait condamn\u00e9e \u00e0 la division, \u00e0 la d\u00e9pendance, voire \u00e0 la disparition. Depuis trop longtemps, nous avons laiss\u00e9 d\u2019autres assurer notre s\u00e9curit\u00e9. Nous avons [&hellip;]<\/p>\n","protected":false},"author":1,"featured_media":0,"comment_status":"open","ping_status":"open","sticky":false,"template":"","format":"standard","meta":{"_monsterinsights_skip_tracking":false,"_uf_show_specific_survey":0,"_uf_disable_surveys":false,"footnotes":""},"categories":[7,55],"tags":[],"class_list":["post-2589","post","type-post","status-publish","format-standard","hentry","category-defense","category-souverainisme-europeen"],"_links":{"self":[{"href":"https:\/\/droitemoderniste.be\/index.php\/wp-json\/wp\/v2\/posts\/2589","targetHints":{"allow":["GET"]}}],"collection":[{"href":"https:\/\/droitemoderniste.be\/index.php\/wp-json\/wp\/v2\/posts"}],"about":[{"href":"https:\/\/droitemoderniste.be\/index.php\/wp-json\/wp\/v2\/types\/post"}],"author":[{"embeddable":true,"href":"https:\/\/droitemoderniste.be\/index.php\/wp-json\/wp\/v2\/users\/1"}],"replies":[{"embeddable":true,"href":"https:\/\/droitemoderniste.be\/index.php\/wp-json\/wp\/v2\/comments?post=2589"}],"version-history":[{"count":1,"href":"https:\/\/droitemoderniste.be\/index.php\/wp-json\/wp\/v2\/posts\/2589\/revisions"}],"predecessor-version":[{"id":2591,"href":"https:\/\/droitemoderniste.be\/index.php\/wp-json\/wp\/v2\/posts\/2589\/revisions\/2591"}],"wp:attachment":[{"href":"https:\/\/droitemoderniste.be\/index.php\/wp-json\/wp\/v2\/media?parent=2589"}],"wp:term":[{"taxonomy":"category","embeddable":true,"href":"https:\/\/droitemoderniste.be\/index.php\/wp-json\/wp\/v2\/categories?post=2589"},{"taxonomy":"post_tag","embeddable":true,"href":"https:\/\/droitemoderniste.be\/index.php\/wp-json\/wp\/v2\/tags?post=2589"}],"curies":[{"name":"wp","href":"https:\/\/api.w.org\/{rel}","templated":true}]}}