{"id":2586,"date":"2026-01-26T11:16:22","date_gmt":"2026-01-26T10:16:22","guid":{"rendered":"https:\/\/droitemoderniste.be\/?p=2586"},"modified":"2026-01-26T11:16:22","modified_gmt":"2026-01-26T10:16:22","slug":"europe-lalerte-rouge-de-lotan","status":"publish","type":"post","link":"https:\/\/droitemoderniste.be\/index.php\/2026\/01\/26\/europe-lalerte-rouge-de-lotan\/","title":{"rendered":"Europe : l\u2019alerte rouge de l\u2019OTAN"},"content":{"rendered":"\n<figure class=\"wp-block-image size-full\"><img loading=\"lazy\" decoding=\"async\" width=\"299\" height=\"168\" src=\"https:\/\/droitemoderniste.be\/wp-content\/uploads\/2026\/01\/OTAN-0.jpg\" alt=\"\" class=\"wp-image-2587\"\/><\/figure>\n\n\n\n<p class=\"wp-block-paragraph\">Si l\u2019OTAN venait \u00e0 dispara\u00eetre, l\u2019Union europ\u00e9enne serait brutalement confront\u00e9e \u00e0 une v\u00e9rit\u00e9 que certains refusent de voir : sans unit\u00e9 militaire, elle risque de se fragmenter, voire de s\u2019effondrer.<\/p>\n\n\n\n<p class=\"wp-block-paragraph\">Depuis des d\u00e9cennies, nous avons profit\u00e9 du parapluie am\u00e9ricain, construisant march\u00e9 et institutions sans jamais assumer notre propre s\u00e9curit\u00e9. Cette d\u00e9pendance devient aujourd\u2019hui un luxe que nous ne pouvons plus nous permettre.<\/p>\n\n\n\n<p class=\"wp-block-paragraph\">L\u2019Europe a deux choix : continuer \u00e0 se cacher derri\u00e8re d\u2019autres ou se doter enfin d\u2019une d\u00e9fense cr\u00e9dible et commune. Cela exige courage, clart\u00e9 et coop\u00e9ration entre tous les \u00c9tats membres. L\u2019\u00e9chec signifierait l\u2019affaiblissement, la division et la vuln\u00e9rabilit\u00e9. La r\u00e9ussite serait l\u2019\u00e9mergence d\u2019une Europe enfin adulte, capable de prot\u00e9ger ses citoyens et ses valeurs.<\/p>\n\n\n\n<p class=\"wp-block-paragraph\">La Belgique, et surtout Bruxelles, doivent se pr\u00e9parer \u00e0 \u00eatre au c\u0153ur de cette Europe de d\u00e9fense. Car une Europe incapable de se d\u00e9fendre est une Europe condamn\u00e9e.<\/p>\n\n\n\n<p class=\"wp-block-paragraph\"><strong><mark style=\"background-color:rgba(0, 0, 0, 0);color:#ff6900\" class=\"has-inline-color\">MDM<\/mark> \u2014 Racines fortes, regard neuf.<\/strong><\/p>\n\n\n\n<p class=\"wp-block-paragraph\"><\/p>\n","protected":false},"excerpt":{"rendered":"<p>Si l\u2019OTAN venait \u00e0 dispara\u00eetre, l\u2019Union europ\u00e9enne serait brutalement confront\u00e9e \u00e0 une v\u00e9rit\u00e9 que certains refusent de voir : sans unit\u00e9 militaire, elle risque de se fragmenter, voire de s\u2019effondrer. Depuis des d\u00e9cennies, nous avons profit\u00e9 du parapluie am\u00e9ricain, construisant march\u00e9 et institutions sans jamais assumer notre propre s\u00e9curit\u00e9. Cette d\u00e9pendance devient aujourd\u2019hui un luxe [&hellip;]<\/p>\n","protected":false},"author":1,"featured_media":0,"comment_status":"open","ping_status":"open","sticky":false,"template":"","format":"standard","meta":{"_monsterinsights_skip_tracking":false,"_uf_show_specific_survey":0,"_uf_disable_surveys":false,"footnotes":""},"categories":[7,55],"tags":[],"class_list":["post-2586","post","type-post","status-publish","format-standard","hentry","category-defense","category-souverainisme-europeen"],"_links":{"self":[{"href":"https:\/\/droitemoderniste.be\/index.php\/wp-json\/wp\/v2\/posts\/2586","targetHints":{"allow":["GET"]}}],"collection":[{"href":"https:\/\/droitemoderniste.be\/index.php\/wp-json\/wp\/v2\/posts"}],"about":[{"href":"https:\/\/droitemoderniste.be\/index.php\/wp-json\/wp\/v2\/types\/post"}],"author":[{"embeddable":true,"href":"https:\/\/droitemoderniste.be\/index.php\/wp-json\/wp\/v2\/users\/1"}],"replies":[{"embeddable":true,"href":"https:\/\/droitemoderniste.be\/index.php\/wp-json\/wp\/v2\/comments?post=2586"}],"version-history":[{"count":1,"href":"https:\/\/droitemoderniste.be\/index.php\/wp-json\/wp\/v2\/posts\/2586\/revisions"}],"predecessor-version":[{"id":2588,"href":"https:\/\/droitemoderniste.be\/index.php\/wp-json\/wp\/v2\/posts\/2586\/revisions\/2588"}],"wp:attachment":[{"href":"https:\/\/droitemoderniste.be\/index.php\/wp-json\/wp\/v2\/media?parent=2586"}],"wp:term":[{"taxonomy":"category","embeddable":true,"href":"https:\/\/droitemoderniste.be\/index.php\/wp-json\/wp\/v2\/categories?post=2586"},{"taxonomy":"post_tag","embeddable":true,"href":"https:\/\/droitemoderniste.be\/index.php\/wp-json\/wp\/v2\/tags?post=2586"}],"curies":[{"name":"wp","href":"https:\/\/api.w.org\/{rel}","templated":true}]}}