{"id":2583,"date":"2026-01-25T11:15:19","date_gmt":"2026-01-25T10:15:19","guid":{"rendered":"https:\/\/droitemoderniste.be\/?p=2583"},"modified":"2026-01-25T11:15:19","modified_gmt":"2026-01-25T10:15:19","slug":"leurope-au-pied-du-mur-sans-lotan-unite-ou-declin","status":"publish","type":"post","link":"https:\/\/droitemoderniste.be\/index.php\/2026\/01\/25\/leurope-au-pied-du-mur-sans-lotan-unite-ou-declin\/","title":{"rendered":"L&rsquo;Europe au pied du mur: sans l&rsquo;OTAN, unit\u00e9 ou d\u00e9clin ?"},"content":{"rendered":"\n<figure class=\"wp-block-image size-large\"><img loading=\"lazy\" decoding=\"async\" width=\"683\" height=\"1024\" src=\"https:\/\/droitemoderniste.be\/wp-content\/uploads\/2026\/01\/UE-pied-du-mur-unite-ou-declin-683x1024.png\" alt=\"\" class=\"wp-image-2584\" srcset=\"https:\/\/droitemoderniste.be\/wp-content\/uploads\/2026\/01\/UE-pied-du-mur-unite-ou-declin-683x1024.png 683w, https:\/\/droitemoderniste.be\/wp-content\/uploads\/2026\/01\/UE-pied-du-mur-unite-ou-declin-200x300.png 200w, https:\/\/droitemoderniste.be\/wp-content\/uploads\/2026\/01\/UE-pied-du-mur-unite-ou-declin-768x1152.png 768w, https:\/\/droitemoderniste.be\/wp-content\/uploads\/2026\/01\/UE-pied-du-mur-unite-ou-declin.png 1024w\" sizes=\"auto, (max-width: 683px) 100vw, 683px\" \/><\/figure>\n\n\n\n<p class=\"wp-block-paragraph\">La perspective \u2014 encore th\u00e9orique mais de moins en moins impensable \u2014 de la fin de l\u2019OTAN devrait agir comme un \u00e9lectrochoc salutaire pour l\u2019Europe. Non pas parce que l\u2019Alliance atlantique serait devenue inutile, mais parce que sa disparition mettrait brutalement l\u2019Union europ\u00e9enne face \u00e0 sa plus grande contradiction historique : vouloir \u00eatre une puissance sans accepter d\u2019en assumer les responsabilit\u00e9s.<\/p>\n\n\n\n<p class=\"wp-block-paragraph\">Depuis des d\u00e9cennies, l\u2019Europe s\u2019est construite sur un confort strat\u00e9gique. Nous avons b\u00e2ti un march\u00e9 commun, une monnaie, des politiques sociales et environnementales ambitieuses, une diplomatie normative, mais nous avons d\u00e9l\u00e9gu\u00e9 l\u2019essentiel de notre s\u00e9curit\u00e9 \u00e0 Washington. Cette d\u00e9pendance a \u00e9t\u00e9 commode \u2014 elle a aussi \u00e9t\u00e9 infantilisation.<\/p>\n\n\n\n<p class=\"wp-block-paragraph\">Si l\u2019OTAN venait \u00e0 s\u2019effondrer \u00e0 la suite d\u2019une crise majeure \u2014 qu\u2019elle soit li\u00e9e au Groenland, \u00e0 l\u2019Arctique, \u00e0 l\u2019Ukraine ou \u00e0 un tournant isolationniste am\u00e9ricain \u2014 l\u2019Union europ\u00e9enne ne pourrait plus se cacher derri\u00e8re le parapluie am\u00e9ricain. Elle serait somm\u00e9e de r\u00e9pondre \u00e0 une question simple et redoutable : <strong>sommes-nous une v\u00e9ritable communaut\u00e9 politique, ou seulement un march\u00e9 prosp\u00e8re ?<\/strong><\/p>\n\n\n\n<p class=\"wp-block-paragraph\">La v\u00e9rit\u00e9 est crue : sans accord rapide et ambitieux sur une d\u00e9fense commune, l\u2019UE entrerait dans une crise existentielle. Les fractures d\u00e9j\u00e0 visibles entre \u00c9tats membres \u2014 Est contre Ouest, souverainistes contre f\u00e9d\u00e9ralistes, prudents contre faucons \u2014 deviendraient b\u00e9antes. Chacun chercherait sa s\u00e9curit\u00e9 dans des alliances de circonstance, des accords bilat\u00e9raux, ou des replis nationaux. L\u2019Europe, au lieu de s\u2019unir, risquerait de se disloquer.<\/p>\n\n\n\n<p class=\"wp-block-paragraph\">Pour le <mark style=\"background-color:rgba(0, 0, 0, 0);color:#ff6900\" class=\"has-inline-color\">Mouvement Droite Moderniste<\/mark>, ce sc\u00e9nario n\u2019est pas une fatalit\u00e9 \u2014 mais il exige un sursaut.<\/p>\n\n\n\n<p class=\"wp-block-paragraph\">Nous plaidons pour un <strong>souverainisme \u00e9clair\u00e9 europ\u00e9en<\/strong> : une Europe capable de se d\u00e9fendre par elle-m\u00eame, sans renier ses alliances, mais sans d\u00e9pendre d\u2019elles. Une Europe qui assume sa puissance militaire, prot\u00e8ge ses fronti\u00e8res, s\u00e9curise ses infrastructures strat\u00e9giques et parle d\u2019une seule voix face aux grandes puissances.<\/p>\n\n\n\n<p class=\"wp-block-paragraph\">Cela suppose trois ruptures n\u00e9cessaires :<\/p>\n\n\n\n<ol class=\"wp-block-list\">\n<li><strong>Rompre avec l\u2019illusion pacifiste.<\/strong><br>La paix ne se proclame pas, elle se garantit. Une Europe d\u00e9sarm\u00e9e est une Europe vuln\u00e9rable, donc manipulable.<\/li>\n\n\n\n<li><strong>Rompre avec l\u2019\u00e9go\u00efsme national \u00e0 courte vue.<\/strong><br>La d\u00e9fense commune ne peut pas \u00eatre \u00e0 la carte. Soit nous la construisons ensemble, soit nous \u00e9chouons s\u00e9par\u00e9ment.<\/li>\n\n\n\n<li><strong>Rompre avec l\u2019ambigu\u00eft\u00e9 institutionnelle.<\/strong><br>Il faut des institutions europ\u00e9ennes de d\u00e9fense claires, d\u00e9mocratiques et efficaces \u2014 un v\u00e9ritable pilier strat\u00e9gique \u00e0 Bruxelles.<\/li>\n<\/ol>\n\n\n\n<p class=\"wp-block-paragraph\">Pour la Belgique, et pour Bruxelles en particulier, l\u2019enjeu est colossal. Notre capitale pourrait devenir le c\u0153ur d\u2019une Europe puissance \u2014 ou le symbole d\u2019une Union impuissante et divis\u00e9e.<\/p>\n\n\n\n<p class=\"wp-block-paragraph\">La fin de l\u2019OTAN serait une \u00e9preuve de v\u00e9rit\u00e9. Elle pourrait marquer le d\u00e9but d\u2019un \u00e2ge sombre de fragmentation europ\u00e9enne\u2026 <strong>ou l\u2019acte fondateur d\u2019une Europe enfin adulte.<\/strong><\/p>\n\n\n\n<p class=\"wp-block-paragraph\">Le <mark style=\"background-color:rgba(0, 0, 0, 0);color:#ff6900\" class=\"has-inline-color\">MDM<\/mark> choisit r\u00e9solument la seconde voie :<br><strong>une Europe forte, une Belgique souveraine et solidaire, une d\u00e9fense cr\u00e9dible, et un patriotisme civique ancr\u00e9 dans la modernit\u00e9.<\/strong><\/p>\n\n\n\n<p class=\"wp-block-paragraph\">Parce qu\u2019une Europe incapable de se d\u00e9fendre est une Europe condamn\u00e9e \u00e0 dispara\u00eetre.<\/p>\n\n\n\n<p class=\"wp-block-paragraph\"><strong><mark style=\"background-color:rgba(0, 0, 0, 0);color:#ff6900\" class=\"has-inline-color\">Mouvement Droite Moderniste<\/mark> \u2014<br>Racines fortes, regard neuf.<\/strong><\/p>\n","protected":false},"excerpt":{"rendered":"<p>La perspective \u2014 encore th\u00e9orique mais de moins en moins impensable \u2014 de la fin de l\u2019OTAN devrait agir comme un \u00e9lectrochoc salutaire pour l\u2019Europe. Non pas parce que l\u2019Alliance atlantique serait devenue inutile, mais parce que sa disparition mettrait brutalement l\u2019Union europ\u00e9enne face \u00e0 sa plus grande contradiction historique : vouloir \u00eatre une puissance [&hellip;]<\/p>\n","protected":false},"author":1,"featured_media":0,"comment_status":"open","ping_status":"open","sticky":false,"template":"","format":"standard","meta":{"_monsterinsights_skip_tracking":false,"_uf_show_specific_survey":0,"_uf_disable_surveys":false,"footnotes":""},"categories":[55],"tags":[],"class_list":["post-2583","post","type-post","status-publish","format-standard","hentry","category-souverainisme-europeen"],"_links":{"self":[{"href":"https:\/\/droitemoderniste.be\/index.php\/wp-json\/wp\/v2\/posts\/2583","targetHints":{"allow":["GET"]}}],"collection":[{"href":"https:\/\/droitemoderniste.be\/index.php\/wp-json\/wp\/v2\/posts"}],"about":[{"href":"https:\/\/droitemoderniste.be\/index.php\/wp-json\/wp\/v2\/types\/post"}],"author":[{"embeddable":true,"href":"https:\/\/droitemoderniste.be\/index.php\/wp-json\/wp\/v2\/users\/1"}],"replies":[{"embeddable":true,"href":"https:\/\/droitemoderniste.be\/index.php\/wp-json\/wp\/v2\/comments?post=2583"}],"version-history":[{"count":1,"href":"https:\/\/droitemoderniste.be\/index.php\/wp-json\/wp\/v2\/posts\/2583\/revisions"}],"predecessor-version":[{"id":2585,"href":"https:\/\/droitemoderniste.be\/index.php\/wp-json\/wp\/v2\/posts\/2583\/revisions\/2585"}],"wp:attachment":[{"href":"https:\/\/droitemoderniste.be\/index.php\/wp-json\/wp\/v2\/media?parent=2583"}],"wp:term":[{"taxonomy":"category","embeddable":true,"href":"https:\/\/droitemoderniste.be\/index.php\/wp-json\/wp\/v2\/categories?post=2583"},{"taxonomy":"post_tag","embeddable":true,"href":"https:\/\/droitemoderniste.be\/index.php\/wp-json\/wp\/v2\/tags?post=2583"}],"curies":[{"name":"wp","href":"https:\/\/api.w.org\/{rel}","templated":true}]}}