{"id":2577,"date":"2026-01-24T11:20:45","date_gmt":"2026-01-24T10:20:45","guid":{"rendered":"https:\/\/droitemoderniste.be\/?p=2577"},"modified":"2026-01-24T11:20:45","modified_gmt":"2026-01-24T10:20:45","slug":"lheritage-chretien-comme-lumiere-pour-une-droite-moderniste","status":"publish","type":"post","link":"https:\/\/droitemoderniste.be\/index.php\/2026\/01\/24\/lheritage-chretien-comme-lumiere-pour-une-droite-moderniste\/","title":{"rendered":"L&rsquo;h\u00e9ritage chr\u00e9tien comme lumi\u00e8re pour une droite moderniste"},"content":{"rendered":"\n<figure class=\"wp-block-image size-large\"><img loading=\"lazy\" decoding=\"async\" width=\"1024\" height=\"683\" src=\"https:\/\/droitemoderniste.be\/wp-content\/uploads\/2026\/01\/Regard-neuf-MDM-1024x683.png\" alt=\"\" class=\"wp-image-2578\" srcset=\"https:\/\/droitemoderniste.be\/wp-content\/uploads\/2026\/01\/Regard-neuf-MDM-1024x683.png 1024w, https:\/\/droitemoderniste.be\/wp-content\/uploads\/2026\/01\/Regard-neuf-MDM-300x200.png 300w, https:\/\/droitemoderniste.be\/wp-content\/uploads\/2026\/01\/Regard-neuf-MDM-768x512.png 768w, https:\/\/droitemoderniste.be\/wp-content\/uploads\/2026\/01\/Regard-neuf-MDM.png 1536w\" sizes=\"auto, (max-width: 1024px) 100vw, 1024px\" \/><\/figure>\n\n\n\n<p class=\"wp-block-paragraph\">Ch\u00e8res amies, chers amis,<br>Chers fr\u00e8res et s\u0153urs en humanit\u00e9,<\/p>\n\n\n\n<p class=\"wp-block-paragraph\">Dans un monde rempli de bruit, de tensions et d\u2019incertitudes, il est pr\u00e9cieux de pouvoir partager un moment de calme, de r\u00e9flexion et de profondeur. Nous nous rassemblons non pas pour opposer, mais pour comprendre ; non pas pour diviser, mais pour \u00e9clairer.<\/p>\n\n\n\n<p class=\"wp-block-paragraph\"><strong>Un h\u00e9ritage qui unit, pas qui exclut<\/strong><\/p>\n\n\n\n<p class=\"wp-block-paragraph\">La Belgique a \u00e9t\u00e9 fa\u00e7onn\u00e9e, au fil des si\u00e8cles, par une spiritualit\u00e9 chr\u00e9tienne qui a laiss\u00e9 une empreinte ind\u00e9l\u00e9bile dans nos vies, nos villages, nos villes, nos familles.<br>Cet h\u00e9ritage n\u2019est pas un drapeau \u00e0 brandir, ni un mur qui s\u00e9pare.<br>C\u2019est un horizon qui guide, un souffle qui apaise, une m\u00e9moire qui inspire.<\/p>\n\n\n\n<p class=\"wp-block-paragraph\">Ce que le christianisme a transmis \u00e0 notre pays \u2014<br>la dignit\u00e9 de la personne,<br>la compassion envers le faible,<br>la justice,<br>le pardon,<br>le sens du don,<br>la paix \u2014<br>est un tr\u00e9sor qui n\u2019appartient \u00e0 personne et qui est offert \u00e0 tous.<\/p>\n\n\n\n<p class=\"wp-block-paragraph\"><strong>Une modernit\u00e9 sans rupture<\/strong><\/p>\n\n\n\n<p class=\"wp-block-paragraph\">Dans notre \u00e9poque agit\u00e9e, certains voudraient que la modernit\u00e9 efface l\u2019h\u00e9ritage. D\u2019autres voudraient que l\u2019h\u00e9ritage emp\u00eache d\u2019avancer.<br>Au <mark style=\"background-color:rgba(0, 0, 0, 0);color:#ff6900\" class=\"has-inline-color\">Mouvement Droite Moderniste<\/mark>, nous croyons que ces deux chemins sont des impasses.<\/p>\n\n\n\n<p class=\"wp-block-paragraph\">Nous voulons une modernit\u00e9 <strong>qui n\u2019\u00e9teint pas la lumi\u00e8re int\u00e9rieure<\/strong>,<br>une soci\u00e9t\u00e9 qui progresse <strong>sans perdre la douceur des sources<\/strong>,<br>une politique qui respecte <strong>ce qu\u2019il y a de sacr\u00e9 dans chaque personne<\/strong>, croyante ou non.<\/p>\n\n\n\n<p class=\"wp-block-paragraph\">Ce n\u2019est pas un retour en arri\u00e8re.<br>Ce n\u2019est pas un reniement du progr\u00e8s.<br>C\u2019est un chemin de <strong>r\u00e9conciliation<\/strong>.<\/p>\n\n\n\n<p class=\"wp-block-paragraph\"><strong>La personne humaine, premier fondement<\/strong><\/p>\n\n\n\n<p class=\"wp-block-paragraph\">Beaucoup parmi vous reconna\u00eetront dans notre vision du <em>personnalisme \u00e9clair\u00e9<\/em> un \u00e9cho \u00e0 l\u2019enseignement chr\u00e9tien :<br>mettre la personne au centre,<br>reconna\u00eetre sa dignit\u00e9,<br>respecter sa libert\u00e9,<br>accompagner sa fragilit\u00e9.<\/p>\n\n\n\n<p class=\"wp-block-paragraph\">Nous refusons les mod\u00e8les qui r\u00e9duisent l\u2019\u00eatre humain \u00e0 un simple rouage \u00e9conomique ou administratif.<br>Nous voulons une soci\u00e9t\u00e9 qui s\u2019occupe de la personne <strong>avant de s\u2019occuper des statistiques<\/strong>.<\/p>\n\n\n\n<p class=\"wp-block-paragraph\"><strong>Une justice sociale qui \u00e9l\u00e8ve, pas qui enferme<\/strong><\/p>\n\n\n\n<p class=\"wp-block-paragraph\">La justice chr\u00e9tienne n\u2019est ni vengeance ni abandon : c\u2019est l\u2019art d\u2019\u00e9lever chacun, de tendre la main sans d\u00e9responsabiliser, d\u2019aider sans \u00e9craser.<\/p>\n\n\n\n<p class=\"wp-block-paragraph\">C\u2019est exactement ce que nous voulons d\u00e9fendre avec notre vision de <em>justicialisme responsable<\/em> :<br>une solidarit\u00e9 qui console,<br>mais aussi qui redonne la force de se relever.<\/p>\n\n\n\n<p class=\"wp-block-paragraph\"><strong>Un espace pour l\u2019\u00e2me<\/strong><\/p>\n\n\n\n<p class=\"wp-block-paragraph\">Nous savons que la politique ne peut ni ne doit se substituer \u00e0 la foi.<br>Mais nous savons aussi que l\u2019\u00eatre humain ne se r\u00e9duit pas \u00e0 ses besoins mat\u00e9riels.<\/p>\n\n\n\n<p class=\"wp-block-paragraph\">Avec notre concept de <em>spiritualisme la\u00efc<\/em>, nous affirmons une chose simple :<br><strong>la soci\u00e9t\u00e9 a besoin de sens.<\/strong><br>Elle a besoin d\u2019espaces de silence, de beaut\u00e9, de r\u00e9flexion, de communion.<br>Elle a besoin que les croyants comme les non-croyants puissent apporter leur lumi\u00e8re.<\/p>\n\n\n\n<p class=\"wp-block-paragraph\"><strong>Pour une Belgique apais\u00e9e<\/strong><\/p>\n\n\n\n<p class=\"wp-block-paragraph\">Nous r\u00eavons d\u2019une Belgique o\u00f9 l\u2019on ne se crispe pas sur ce qui divise, mais o\u00f9 l\u2019on se rassemble autour de ce qui \u00e9l\u00e8ve.<br>Une Belgique qui ne renie pas son histoire chr\u00e9tienne, mais la laisse <strong>inspirer sans imposer<\/strong>.<br>Une Belgique o\u00f9 la famille, l\u2019amiti\u00e9, la justice et la paix demeurent des chemins communs, quelles que soient nos convictions.<\/p>\n\n\n\n<p class=\"wp-block-paragraph\">Ch\u00e8res amies, chers amis,<br>L\u2019h\u00e9ritage chr\u00e9tien n\u2019est pas une nostalgie.<br>C\u2019est une lumi\u00e8re douce qui continue d\u2019\u00e9clairer notre pays.<br>Et une droite moderniste peut accueillir cette lumi\u00e8re \u2014<br>non pour la r\u00e9cup\u00e9rer,<br>mais pour s\u2019en inspirer.<br>Non pour enfermer,<br>mais pour ouvrir.<\/p>\n\n\n\n<p class=\"wp-block-paragraph\">Dans un monde troubl\u00e9, nous avons besoin de racines, mais aussi d\u2019un c\u0153ur ouvert.<br>Nous avons besoin de forces, mais aussi de douceur.<br>Nous avons besoin de convictions, mais aussi de paix.<\/p>\n\n\n\n<p class=\"wp-block-paragraph\"><strong>Racines fortes, regard neuf.<\/strong><br>C\u2019est ainsi que nous voulons avancer avec vous :<br>sans peur, sans col\u00e8re, sans reniement.<br>Avec confiance, apaisement et esp\u00e9rance.<\/p>\n\n\n\n<p class=\"wp-block-paragraph\">Merci.<\/p>\n","protected":false},"excerpt":{"rendered":"<p>Ch\u00e8res amies, chers amis,Chers fr\u00e8res et s\u0153urs en humanit\u00e9, Dans un monde rempli de bruit, de tensions et d\u2019incertitudes, il est pr\u00e9cieux de pouvoir partager un moment de calme, de r\u00e9flexion et de profondeur. Nous nous rassemblons non pas pour opposer, mais pour comprendre ; non pas pour diviser, mais pour \u00e9clairer. Un h\u00e9ritage qui [&hellip;]<\/p>\n","protected":false},"author":1,"featured_media":0,"comment_status":"open","ping_status":"open","sticky":false,"template":"","format":"standard","meta":{"_monsterinsights_skip_tracking":false,"_uf_show_specific_survey":0,"_uf_disable_surveys":false,"footnotes":""},"categories":[1],"tags":[],"class_list":["post-2577","post","type-post","status-publish","format-standard","hentry","category-immigration"],"_links":{"self":[{"href":"https:\/\/droitemoderniste.be\/index.php\/wp-json\/wp\/v2\/posts\/2577","targetHints":{"allow":["GET"]}}],"collection":[{"href":"https:\/\/droitemoderniste.be\/index.php\/wp-json\/wp\/v2\/posts"}],"about":[{"href":"https:\/\/droitemoderniste.be\/index.php\/wp-json\/wp\/v2\/types\/post"}],"author":[{"embeddable":true,"href":"https:\/\/droitemoderniste.be\/index.php\/wp-json\/wp\/v2\/users\/1"}],"replies":[{"embeddable":true,"href":"https:\/\/droitemoderniste.be\/index.php\/wp-json\/wp\/v2\/comments?post=2577"}],"version-history":[{"count":1,"href":"https:\/\/droitemoderniste.be\/index.php\/wp-json\/wp\/v2\/posts\/2577\/revisions"}],"predecessor-version":[{"id":2579,"href":"https:\/\/droitemoderniste.be\/index.php\/wp-json\/wp\/v2\/posts\/2577\/revisions\/2579"}],"wp:attachment":[{"href":"https:\/\/droitemoderniste.be\/index.php\/wp-json\/wp\/v2\/media?parent=2577"}],"wp:term":[{"taxonomy":"category","embeddable":true,"href":"https:\/\/droitemoderniste.be\/index.php\/wp-json\/wp\/v2\/categories?post=2577"},{"taxonomy":"post_tag","embeddable":true,"href":"https:\/\/droitemoderniste.be\/index.php\/wp-json\/wp\/v2\/tags?post=2577"}],"curies":[{"name":"wp","href":"https:\/\/api.w.org\/{rel}","templated":true}]}}