{"id":2574,"date":"2026-01-23T11:21:59","date_gmt":"2026-01-23T10:21:59","guid":{"rendered":"https:\/\/droitemoderniste.be\/?p=2574"},"modified":"2026-01-23T11:21:59","modified_gmt":"2026-01-23T10:21:59","slug":"le-mouvement-droite-moderniste-propose-de-renover-la-protection-sociale","status":"publish","type":"post","link":"https:\/\/droitemoderniste.be\/index.php\/2026\/01\/23\/le-mouvement-droite-moderniste-propose-de-renover-la-protection-sociale\/","title":{"rendered":"Le Mouvement Droite Moderniste propose de r\u00e9nover la protection sociale"},"content":{"rendered":"\n<figure class=\"wp-block-image size-full\"><img loading=\"lazy\" decoding=\"async\" width=\"298\" height=\"169\" src=\"https:\/\/droitemoderniste.be\/wp-content\/uploads\/2026\/01\/protection-sociale1.png\" alt=\"\" class=\"wp-image-2575\"\/><\/figure>\n\n\n\n<p class=\"wp-block-paragraph\">Le <mark style=\"background-color:rgba(0, 0, 0, 0);color:#ff6900\" class=\"has-inline-color\">Mouvement Droite Moderniste<\/mark> (<mark style=\"background-color:rgba(0, 0, 0, 0);color:#ff6900\" class=\"has-inline-color\">MDM<\/mark>) propose de <strong>r\u00e9nover la protection sociale belge<\/strong> via une approche modernis\u00e9e combinant solidarit\u00e9 universelle, activation socio-\u00e9conomique, pr\u00e9vention et digitalisation, tout en luttant contre la fraude pour assurer viabilit\u00e9 financi\u00e8re et justice sociale.<\/p>\n\n\n\n<p class=\"wp-block-paragraph\">\u200b<\/p>\n\n\n\n<p class=\"wp-block-paragraph\"><strong>Innovations structurelles<\/strong><\/p>\n\n\n\n<p class=\"wp-block-paragraph\">Le <mark style=\"background-color:rgba(0, 0, 0, 0);color:#ff6900\" class=\"has-inline-color\">MDM<\/mark> vise une couverture de base uniforme et universelle, distinguant dispositifs li\u00e9s au travail (accidents, invalidit\u00e9) des aides g\u00e9n\u00e9rales, avec simplification des proc\u00e9dures par informatisation, interfa\u00e7age des caisses et guichet unique accessible en temps r\u00e9el. Il promeut une gestion paritaire modernis\u00e9e, fixation de normes l\u00e9gales pour ma\u00eetriser les d\u00e9penses et usage syst\u00e9matique d&rsquo;outils digitaux contre les abus.<\/p>\n\n\n\n<p class=\"wp-block-paragraph\">\u200b<\/p>\n\n\n\n<p class=\"wp-block-paragraph\"><strong>Priorit\u00e9s pr\u00e9ventives et inclusives<\/strong><\/p>\n\n\n\n<p class=\"wp-block-paragraph\">Renforcement de la pr\u00e9vention en sant\u00e9, pauvret\u00e9 et exclusion via incitations \u00e0 l&rsquo;insertion professionnelle, parcours personnalis\u00e9s bio-psycho-sociaux et accompagnement des fragiles (sans-abri, pr\u00e9caires) par \u00e9quipes mobiles et partenariats locaux. Extension \u00e0 de nouveaux droits comme l&rsquo;acc\u00e8s \u00e0 l&rsquo;alimentation, \u00e9nergie, logement et eau, avec rel\u00e8vement des allocations au-dessus du seuil de pauvret\u00e9 et indexation au bien-\u00eatre.<\/p>\n\n\n\n<p class=\"wp-block-paragraph\">\u200b<\/p>\n\n\n\n<p class=\"wp-block-paragraph\"><strong>Viabilit\u00e9 financi\u00e8re et gouvernance<\/strong><\/p>\n\n\n\n<p class=\"wp-block-paragraph\">Diversification des financements par cotisation de solidarit\u00e9 sur les revenus du capital, refonte fiscale soutenant le m\u00e9rite sans d\u00e9pendance, et exp\u00e9rimentation de syst\u00e8mes compl\u00e9mentaires par capitalisation pour les pensions. Mobilisation de la soci\u00e9t\u00e9 civile via concertation, transparence et contractualisation, prot\u00e9geant contributeurs tout en garantissant solidarit\u00e9 pour vuln\u00e9rables.<\/p>\n","protected":false},"excerpt":{"rendered":"<p>Le Mouvement Droite Moderniste (MDM) propose de r\u00e9nover la protection sociale belge via une approche modernis\u00e9e combinant solidarit\u00e9 universelle, activation socio-\u00e9conomique, pr\u00e9vention et digitalisation, tout en luttant contre la fraude pour assurer viabilit\u00e9 financi\u00e8re et justice sociale. \u200b Innovations structurelles Le MDM vise une couverture de base uniforme et universelle, distinguant dispositifs li\u00e9s au travail [&hellip;]<\/p>\n","protected":false},"author":1,"featured_media":0,"comment_status":"open","ping_status":"open","sticky":false,"template":"","format":"standard","meta":{"_monsterinsights_skip_tracking":false,"_uf_show_specific_survey":0,"_uf_disable_surveys":false,"footnotes":""},"categories":[10],"tags":[],"class_list":["post-2574","post","type-post","status-publish","format-standard","hentry","category-securite-sociale"],"_links":{"self":[{"href":"https:\/\/droitemoderniste.be\/index.php\/wp-json\/wp\/v2\/posts\/2574","targetHints":{"allow":["GET"]}}],"collection":[{"href":"https:\/\/droitemoderniste.be\/index.php\/wp-json\/wp\/v2\/posts"}],"about":[{"href":"https:\/\/droitemoderniste.be\/index.php\/wp-json\/wp\/v2\/types\/post"}],"author":[{"embeddable":true,"href":"https:\/\/droitemoderniste.be\/index.php\/wp-json\/wp\/v2\/users\/1"}],"replies":[{"embeddable":true,"href":"https:\/\/droitemoderniste.be\/index.php\/wp-json\/wp\/v2\/comments?post=2574"}],"version-history":[{"count":1,"href":"https:\/\/droitemoderniste.be\/index.php\/wp-json\/wp\/v2\/posts\/2574\/revisions"}],"predecessor-version":[{"id":2576,"href":"https:\/\/droitemoderniste.be\/index.php\/wp-json\/wp\/v2\/posts\/2574\/revisions\/2576"}],"wp:attachment":[{"href":"https:\/\/droitemoderniste.be\/index.php\/wp-json\/wp\/v2\/media?parent=2574"}],"wp:term":[{"taxonomy":"category","embeddable":true,"href":"https:\/\/droitemoderniste.be\/index.php\/wp-json\/wp\/v2\/categories?post=2574"},{"taxonomy":"post_tag","embeddable":true,"href":"https:\/\/droitemoderniste.be\/index.php\/wp-json\/wp\/v2\/tags?post=2574"}],"curies":[{"name":"wp","href":"https:\/\/api.w.org\/{rel}","templated":true}]}}