{"id":2571,"date":"2026-01-22T12:24:32","date_gmt":"2026-01-22T11:24:32","guid":{"rendered":"https:\/\/droitemoderniste.be\/?p=2571"},"modified":"2026-01-22T12:24:32","modified_gmt":"2026-01-22T11:24:32","slug":"positionnement-ideologique-du-mdm-dans-le-paysage-belge-et-dans-le-paysage-europeen","status":"publish","type":"post","link":"https:\/\/droitemoderniste.be\/index.php\/2026\/01\/22\/positionnement-ideologique-du-mdm-dans-le-paysage-belge-et-dans-le-paysage-europeen\/","title":{"rendered":"Positionnement id\u00e9ologique du MDM dans le paysage belge et dans le paysage europ\u00e9en"},"content":{"rendered":"\n<figure class=\"wp-block-image size-full\"><img loading=\"lazy\" decoding=\"async\" width=\"376\" height=\"212\" src=\"https:\/\/droitemoderniste.be\/wp-content\/uploads\/2026\/01\/pere-fils.webp\" alt=\"\" class=\"wp-image-2572\" srcset=\"https:\/\/droitemoderniste.be\/wp-content\/uploads\/2026\/01\/pere-fils.webp 376w, https:\/\/droitemoderniste.be\/wp-content\/uploads\/2026\/01\/pere-fils-300x169.webp 300w\" sizes=\"auto, (max-width: 376px) 100vw, 376px\" \/><\/figure>\n\n\n\n<p class=\"wp-block-paragraph\">Voici une <strong>analyse pr\u00e9cise et structur\u00e9e<\/strong> du positionnement id\u00e9ologique du <strong><mark style=\"background-color:rgba(0, 0, 0, 0);color:#ff6900\" class=\"has-inline-color\">Mouvement Droite Moderniste <\/mark>(<mark style=\"background-color:rgba(0, 0, 0, 0);color:#ff6900\" class=\"has-inline-color\">MDM<\/mark>)<\/strong> dans le paysage belge et europ\u00e9en, en tenant compte de toutes les valeurs, piliers et orientations que nous avons d\u00e9finis.<\/p>\n\n\n\n<hr class=\"wp-block-separator has-alpha-channel-opacity\"\/>\n\n\n\n<h5 class=\"wp-block-heading\"><strong>1. Positionnement du <mark style=\"background-color:rgba(0, 0, 0, 0);color:#ff6900\" class=\"has-inline-color\">MDM<\/mark> dans le paysage politique belge<\/strong><\/h5>\n\n\n\n<h6 class=\"wp-block-heading\"><strong>Le <mark style=\"background-color:rgba(0, 0, 0, 0);color:#ff6900\" class=\"has-inline-color\">MDM<\/mark> occupe une zone encore inexploit\u00e9e : la droite moderniste civique<\/strong><\/h6>\n\n\n\n<p class=\"wp-block-paragraph\">Le <mark style=\"background-color:rgba(0, 0, 0, 0);color:#ff6900\" class=\"has-inline-color\">MDM<\/mark> se situe dans un espace <strong>interm\u00e9diaire<\/strong>, \u00e0 la fois r\u00e9formateur, modernisateur, humaniste et souverainiste \u00e9clair\u00e9.<br>Cet espace n\u2019est revendiqu\u00e9 par <strong>aucun parti belge existant<\/strong>. Voici le rep\u00e8re :<\/p>\n\n\n\n<p class=\"wp-block-paragraph\">&nbsp;<strong>Par rapport au MR<\/strong><\/p>\n\n\n\n<ul class=\"wp-block-list\">\n<li>Plus <strong>patriotique civiquement<\/strong>, plus <strong>souverainiste<\/strong>, plus <strong>dirigiste<\/strong> dans les secteurs strat\u00e9giques.<\/li>\n\n\n\n<li>Plus <strong>\u00e9cologiste optimiste<\/strong> et moins lib\u00e9ral classique.<\/li>\n\n\n\n<li>Plus structur\u00e9 id\u00e9ologiquement, moins \u201ccatch-all\u201d.<\/li>\n<\/ul>\n\n\n\n<h6 class=\"wp-block-heading\"><strong>Par rapport \u00e0 la N-VA<\/strong><\/h6>\n\n\n\n<ul class=\"wp-block-list\">\n<li>Moins <strong>ethno-identitaire<\/strong> et moins ax\u00e9 sur le communautarisme flamand.<\/li>\n\n\n\n<li>Plus <strong>europ\u00e9iste<\/strong>, plus <strong>universaliste<\/strong>, plus <strong>soci\u00e9talement ouvert<\/strong>.<\/li>\n\n\n\n<li>Plus moderniste dans les politiques publiques (mobilit\u00e9, \u00e9nergie, num\u00e9rique, innovation).<\/li>\n<\/ul>\n\n\n\n<h6 class=\"wp-block-heading\"><strong>Par rapport au VB<\/strong><\/h6>\n\n\n\n<ul class=\"wp-block-list\">\n<li>Aux antipodes : pas de nationalisme ethnique, pas de populisme, pas d\u2019anti-\u00e9litisme disruptif.<\/li>\n\n\n\n<li>Souverainisme <strong>institutionnel et civique<\/strong>, pas identitaire.<\/li>\n<\/ul>\n\n\n\n<h6 class=\"wp-block-heading\"><strong>Par rapport au PS \/ \u00c9colo \/ PTB<\/strong><\/h6>\n\n\n\n<ul class=\"wp-block-list\">\n<li>Ancr\u00e9 v\u00e9ritablement <strong>\u00e0 droite<\/strong> sur :<ul><li>la m\u00e9ritocratie,<\/li><\/ul><ul><li>la responsabilit\u00e9 individuelle,<\/li><\/ul><ul><li>l\u2019autorit\u00e9 r\u00e9publicaine,<\/li><\/ul><ul><li>la ma\u00eetrise migratoire rationnelle,<\/li><\/ul>\n<ul class=\"wp-block-list\">\n<li>l\u2019\u00c9tat strat\u00e8ge plut\u00f4t que redistributeur excessif.<\/li>\n<\/ul>\n<\/li>\n\n\n\n<li>Mais plus <strong>soci\u00e9talement progressiste<\/strong>, plus <strong>moderniste<\/strong> et plus <strong>technophile<\/strong>.<\/li>\n<\/ul>\n\n\n\n<h6 class=\"wp-block-heading\"><strong>Conclusion Belgique :<\/strong><\/h6>\n\n\n\n<p class=\"wp-block-paragraph\">Le <mark style=\"background-color:rgba(0, 0, 0, 0);color:#ff6900\" class=\"has-inline-color\">MDM<\/mark> est le <strong>seul parti positionn\u00e9<\/strong> dans une zone combinant :<\/p>\n\n\n\n<p class=\"wp-block-paragraph\">\u2714 modernisme soci\u00e9tal<br>\u2714 patriotisme civique<br>\u2714 dirigisme mod\u00e9r\u00e9<br>\u2714 social-lib\u00e9ralisme<br>\u2714 environnementalisme optimiste<br>\u2714 souverainisme \u00e9clair\u00e9<br>\u2714 justicialisme social<br>\u2714 d\u00e9simmigrationnisme rationnel<\/p>\n\n\n\n<p class=\"wp-block-paragraph\">C\u2019est une <strong>droite r\u00e9formiste, civique, moderniste, europ\u00e9enne<\/strong>.<\/p>\n\n\n\n<hr class=\"wp-block-separator has-alpha-channel-opacity\"\/>\n\n\n\n<h5 class=\"wp-block-heading\"><strong>2. Positionnement du <mark style=\"background-color:rgba(0, 0, 0, 0);color:#ff6900\" class=\"has-inline-color\">MDM<\/mark> dans le paysage europ\u00e9en<\/strong><\/h5>\n\n\n\n<p class=\"wp-block-paragraph\">Le <mark style=\"background-color:rgba(0, 0, 0, 0);color:#ff6900\" class=\"has-inline-color\">MDM<\/mark> est un parti <strong>atypique mais coh\u00e9rent<\/strong>, qui n\u2019a pas d\u2019\u00e9quivalent exactement similaire en Europe, mais qui partage des traits avec plusieurs familles :<\/p>\n\n\n\n<h6 class=\"wp-block-heading\"><strong>A. Proximit\u00e9 partielle avec les droites r\u00e9formatrices nordiques<\/strong><\/h6>\n\n\n\n<p class=\"wp-block-paragraph\">Exemples :<\/p>\n\n\n\n<ul class=\"wp-block-list\">\n<li>Venstre (Danemark),<\/li>\n\n\n\n<li>Moderaterna (Su\u00e8de),<\/li>\n\n\n\n<li>Kokoomus (Finlande).<\/li>\n<\/ul>\n\n\n\n<p class=\"wp-block-paragraph\">Points communs : modernit\u00e9, efficacit\u00e9 publique, innovation, culture civique.<br>Diff\u00e9rences : ces partis sont <strong>moins souverainistes<\/strong> que le <mark style=\"background-color:rgba(0, 0, 0, 0);color:#ff6900\" class=\"has-inline-color\">MDM<\/mark> et moins ax\u00e9s sur l&rsquo;identit\u00e9 nationale civique.<\/p>\n\n\n\n<h6 class=\"wp-block-heading\"><strong>B. Proximit\u00e9 partielle avec la droite macroniste \u00ab\u00a0r\u00e9formisme central\u00a0\u00bb<\/strong><\/h6>\n\n\n\n<p class=\"wp-block-paragraph\">Exemple : Renaissance (France, p\u00e9riode 2017\u20132020).<br>Points communs : esprit r\u00e9formateur, modernit\u00e9, technocratie intelligente, pro-europ\u00e9anisme.<br>Diff\u00e9rences : <mark style=\"background-color:rgba(0, 0, 0, 0);color:#ff6900\" class=\"has-inline-color\">MDM<\/mark> est plus <strong>patriotique<\/strong>, plus <strong>dirigiste<\/strong>, plus <strong>souverainiste \u00e9clair\u00e9<\/strong>, plus structur\u00e9 id\u00e9ologiquement.<\/p>\n\n\n\n<h6 class=\"wp-block-heading\"><strong>C. Proximit\u00e9 partielle avec la CDU modernisatrice allemande<\/strong><\/h6>\n\n\n\n<p class=\"wp-block-paragraph\">Points communs : sens de l\u2019\u00c9tat, technologie, innovation, Europe.<br>Diff\u00e9rences : <mark style=\"background-color:rgba(0, 0, 0, 0);color:#ff6900\" class=\"has-inline-color\">MDM<\/mark> est plus <strong>soci\u00e9talement progressiste<\/strong> et plus <strong>centr\u00e9 sur une vision id\u00e9ologique coh\u00e9rente<\/strong>.<\/p>\n\n\n\n<h6 class=\"wp-block-heading\"><strong>D. Totalement distinct des droites identitaires nationales<\/strong><\/h6>\n\n\n\n<p class=\"wp-block-paragraph\">VB, RN, AfD, FdI, PiS \u2014 aucun lien id\u00e9ologique.<br>Le <mark style=\"background-color:rgba(0, 0, 0, 0);color:#ff6900\" class=\"has-inline-color\">MDM<\/mark> :<br>\u27a1pas identitaire ethnique<br>\u27a1pas anti-europ\u00e9en<br>\u27a1pas conservateur moral<br>\u27a1pas populiste<br>\u27a1pas autoritaire<br>\u27a1pas \u201canti-\u00e9lites\u201d<\/p>\n\n\n\n<p class=\"wp-block-paragraph\">C\u2019est un <strong>souverainisme europ\u00e9en et civique<\/strong>, tr\u00e8s rare en Europe.<\/p>\n\n\n\n<hr class=\"wp-block-separator has-alpha-channel-opacity\"\/>\n\n\n\n<h5 class=\"wp-block-heading\"><strong>3. Positionnement id\u00e9ologique du <mark style=\"background-color:rgba(0, 0, 0, 0);color:#ff6900\" class=\"has-inline-color\">MDM<\/mark> : synth\u00e8se<\/strong><\/h5>\n\n\n\n<p class=\"wp-block-paragraph\">Voici la carte id\u00e9ologique simplifi\u00e9e.<\/p>\n\n\n\n<h5 class=\"wp-block-heading\"><strong>Axe 1 : Modernisme \u2194 Conservatisme<\/strong><\/h5>\n\n\n\n<p class=\"wp-block-paragraph\">\u27a1<strong>MDM = fortement moderniste<\/strong>, r\u00e9formes, innovation, futurisme pragmatique.<\/p>\n\n\n\n<h5 class=\"wp-block-heading\"><strong>Axe 2 : Ouverture soci\u00e9tale \u2194 Traditionalisme moral<\/strong><\/h5>\n\n\n\n<p class=\"wp-block-paragraph\">\u27a1<strong>MDM = soci\u00e9talement progressiste<\/strong> mais non libertaire.<\/p>\n\n\n\n<h5 class=\"wp-block-heading\"><strong>Axe 3 : Pro-Europe \u2194 Euroscepticisme<\/strong><\/h5>\n\n\n\n<p class=\"wp-block-paragraph\">\u27a1<strong>MDM = europ\u00e9iste souverainiste<\/strong>, un positionnement unique (ni f\u00e9d\u00e9raliste na\u00eff, ni anti-UE).<\/p>\n\n\n\n<h5 class=\"wp-block-heading\"><strong>Axe 4 : \u00c9tat strat\u00e8ge \u2194 March\u00e9 libre absolu<\/strong><\/h5>\n\n\n\n<p class=\"wp-block-paragraph\">\u27a1<strong>MDM = dirigisme mod\u00e9r\u00e9<\/strong>, pragmatique, sectoriel (\u00e9nergie, rail, arm\u00e9e, num\u00e9rique\u2026).<\/p>\n\n\n\n<h5 class=\"wp-block-heading\"><strong>Axe 5 : Patriotisme civique \u2194 Nationalisme ethnique<\/strong><\/h5>\n\n\n\n<p class=\"wp-block-paragraph\">\u27a1<strong>MDM = patriotisme civique<\/strong>, non identitaire.<\/p>\n\n\n\n<h5 class=\"wp-block-heading\"><strong>Axe 6 : Migration rationnelle \u2194 Immigration ouverte<\/strong><\/h5>\n\n\n\n<p class=\"wp-block-paragraph\">\u27a1<strong>MDM = d\u00e9simmigrationnisme rationnel<\/strong>, sans id\u00e9ologie ni hostilit\u00e9 culturelle.<\/p>\n\n\n\n<hr class=\"wp-block-separator has-alpha-channel-opacity\"\/>\n\n\n\n<h5 class=\"wp-block-heading\"><strong>4. Conclusion : un parti r\u00e9ellement nouveau dans l\u2019espace politique<\/strong><\/h5>\n\n\n\n<p class=\"wp-block-paragraph\">Le <mark style=\"background-color:rgba(0, 0, 0, 0);color:#ff6900\" class=\"has-inline-color\">MDM<\/mark> se d\u00e9finit comme :<\/p>\n\n\n\n<p class=\"wp-block-paragraph\"><strong>Une droite moderniste, innovante, civique, europ\u00e9enne, \u00e9cologiquement optimiste, social-lib\u00e9rale, souverainiste \u00e9clair\u00e9e et r\u00e9publicaine.<\/strong><\/p>\n\n\n\n<p class=\"wp-block-paragraph\">Dans le paysage politique belge et europ\u00e9en, cela correspond \u00e0 :<\/p>\n\n\n\n<p class=\"wp-block-paragraph\">\u2714 un cr\u00e9neau <strong>vide<\/strong>,<br>\u2714 un positionnement <strong>coh\u00e9rent<\/strong>,<br>\u2714 une identit\u00e9 distincte \u00e0 la fois de la droite classique, de la droite identitaire, du centrisme technocratique et de la gauche progressiste.<\/p>\n","protected":false},"excerpt":{"rendered":"<p>Voici une analyse pr\u00e9cise et structur\u00e9e du positionnement id\u00e9ologique du Mouvement Droite Moderniste (MDM) dans le paysage belge et europ\u00e9en, en tenant compte de toutes les valeurs, piliers et orientations que nous avons d\u00e9finis. 1. Positionnement du MDM dans le paysage politique belge Le MDM occupe une zone encore inexploit\u00e9e : la droite moderniste civique [&hellip;]<\/p>\n","protected":false},"author":1,"featured_media":0,"comment_status":"open","ping_status":"open","sticky":false,"template":"","format":"standard","meta":{"_monsterinsights_skip_tracking":false,"_uf_show_specific_survey":0,"_uf_disable_surveys":false,"footnotes":""},"categories":[34,8],"tags":[],"class_list":["post-2571","post","type-post","status-publish","format-standard","hentry","category-mouvement-droite-moderniste","category-positionnement"],"_links":{"self":[{"href":"https:\/\/droitemoderniste.be\/index.php\/wp-json\/wp\/v2\/posts\/2571","targetHints":{"allow":["GET"]}}],"collection":[{"href":"https:\/\/droitemoderniste.be\/index.php\/wp-json\/wp\/v2\/posts"}],"about":[{"href":"https:\/\/droitemoderniste.be\/index.php\/wp-json\/wp\/v2\/types\/post"}],"author":[{"embeddable":true,"href":"https:\/\/droitemoderniste.be\/index.php\/wp-json\/wp\/v2\/users\/1"}],"replies":[{"embeddable":true,"href":"https:\/\/droitemoderniste.be\/index.php\/wp-json\/wp\/v2\/comments?post=2571"}],"version-history":[{"count":1,"href":"https:\/\/droitemoderniste.be\/index.php\/wp-json\/wp\/v2\/posts\/2571\/revisions"}],"predecessor-version":[{"id":2573,"href":"https:\/\/droitemoderniste.be\/index.php\/wp-json\/wp\/v2\/posts\/2571\/revisions\/2573"}],"wp:attachment":[{"href":"https:\/\/droitemoderniste.be\/index.php\/wp-json\/wp\/v2\/media?parent=2571"}],"wp:term":[{"taxonomy":"category","embeddable":true,"href":"https:\/\/droitemoderniste.be\/index.php\/wp-json\/wp\/v2\/categories?post=2571"},{"taxonomy":"post_tag","embeddable":true,"href":"https:\/\/droitemoderniste.be\/index.php\/wp-json\/wp\/v2\/tags?post=2571"}],"curies":[{"name":"wp","href":"https:\/\/api.w.org\/{rel}","templated":true}]}}