{"id":2555,"date":"2026-01-18T14:12:12","date_gmt":"2026-01-18T13:12:12","guid":{"rendered":"https:\/\/droitemoderniste.be\/?p=2555"},"modified":"2026-01-18T14:12:12","modified_gmt":"2026-01-18T13:12:12","slug":"impact-sectoriel-du-plan-de-reindustrialisation-du-mdm","status":"publish","type":"post","link":"https:\/\/droitemoderniste.be\/index.php\/2026\/01\/18\/impact-sectoriel-du-plan-de-reindustrialisation-du-mdm\/","title":{"rendered":"Impact sectoriel du plan de r\u00e9industrialisation du MDM"},"content":{"rendered":"\n<figure class=\"wp-block-image size-full\"><img loading=\"lazy\" decoding=\"async\" width=\"265\" height=\"199\" src=\"https:\/\/droitemoderniste.be\/wp-content\/uploads\/2026\/01\/pentagon-gives-the-green-light-to-lockheed-martin-for-200-helicopters-that-cost-as-much-as-f-35s.jpg\" alt=\"\" class=\"wp-image-2556\"\/><\/figure>\n\n\n\n<p class=\"wp-block-paragraph\">Voici une <strong>ventilation r\u00e9aliste et prudente de l\u2019impact de la r\u00e9industrialisation <mark style=\"background-color:rgba(0, 0, 0, 0);color:#ff6900\" class=\"has-inline-color\">MDM<\/mark> sur les recettes fiscales, la s\u00e9curit\u00e9 sociale et l\u2019emploi<\/strong>, r\u00e9partie par <strong>secteur strat\u00e9gique<\/strong> : \u00e9nergie, sant\u00e9, tech\/industrie avanc\u00e9e, PME locales et artisanat industriel.<\/p>\n\n\n\n<p class=\"wp-block-paragraph\">Les chiffres sont \u00e0 <strong>5 ans<\/strong>, coh\u00e9rents avec les estimations macro que nous avons d\u00e9j\u00e0 \u00e9tablies.<\/p>\n\n\n\n<hr class=\"wp-block-separator has-alpha-channel-opacity\"\/>\n\n\n\n<h5 class=\"wp-block-heading\">Impact sectoriel de la r\u00e9industrialisation (5 ans)<\/h5>\n\n\n\n<figure class=\"wp-block-table\"><table class=\"has-fixed-layout\"><thead><tr><td><strong>Secteur<\/strong><strong><\/strong><\/td><td><strong>Recettes publiques (\u20ac Md\/an)<\/strong><strong><\/strong><\/td><td><strong>Cotisations sociales (\u20ac Md\/an)<\/strong><strong><\/strong><\/td><td><strong>Nouveaux emplois (directs + indirects)<\/strong><strong><\/strong><\/td><td><strong>Notes<\/strong><strong><\/strong><\/td><\/tr><\/thead><tbody><tr><td><strong>\u00c9nergie (batteries, nucl\u00e9aire, hydrog\u00e8ne, renouvelables)<\/strong><\/td><td>3,0 \u2013 3,5<\/td><td>2,0 \u2013 2,5<\/td><td>80 000 \u2013 120 000<\/td><td>Industrie capitalistique, forte valeur ajout\u00e9e, cr\u00e9ations d\u2019emplois indirects significatives<\/td><\/tr><tr><td><strong>Sant\u00e9 (m\u00e9dicaments, dispositifs m\u00e9dicaux)<\/strong><\/td><td>2,0 \u2013 2,5<\/td><td>1,5 \u2013 2,0<\/td><td>70 000 \u2013 100 000<\/td><td>Emplois qualifi\u00e9s, valeur ajout\u00e9e \u00e9lev\u00e9e, R&amp;D intensive<\/td><\/tr><tr><td><strong>Tech &amp; Industrie avanc\u00e9e (\u00e9lectronique, IA industrielle, robotique, cybers\u00e9curit\u00e9)<\/strong><\/td><td>1,5 \u2013 2,0<\/td><td>1,2 \u2013 1,5<\/td><td>60 000 \u2013 90 000<\/td><td>Tr\u00e8s forte productivit\u00e9, retomb\u00e9es indirectes dans les services et maintenance<\/td><\/tr><tr><td><strong>PME locales &amp; artisanat industriel (bois, agroalimentaire, textile technique, m\u00e9tallurgie fine)<\/strong><\/td><td>2,0 \u2013 3,0<\/td><td>2,3 \u2013 2,5<\/td><td>90 000 \u2013 140 000<\/td><td>Emplois nombreux, moins productifs individuellement mais importants pour l\u2019emploi local et l\u2019\u00e9conomie territoriale<\/td><\/tr><\/tbody><\/table><\/figure>\n\n\n\n<hr class=\"wp-block-separator has-alpha-channel-opacity\"\/>\n\n\n\n<h5 class=\"wp-block-heading\">Synth\u00e8se<\/h5>\n\n\n\n<ul class=\"wp-block-list\">\n<li><strong>Recettes publiques totales<\/strong> : 9 \u2013 11 Md\u20ac\/an<\/li>\n\n\n\n<li><strong>Cotisations sociales<\/strong> : 7 \u2013 8 Md\u20ac\/an<\/li>\n\n\n\n<li><strong>Emplois cr\u00e9\u00e9s<\/strong> : 300 000 \u2013 450 000<\/li>\n<\/ul>\n\n\n\n<p class=\"wp-block-paragraph\">La ventilation sectorielle montre que chaque domaine contribue de mani\u00e8re compl\u00e9mentaire :<\/p>\n\n\n\n<ul class=\"wp-block-list\">\n<li><strong>\u00c9nergie<\/strong> et <strong>tech<\/strong> : plus de valeur ajout\u00e9e par emploi, fort retour fiscal<\/li>\n\n\n\n<li><strong>Sant\u00e9<\/strong> : emplois qualifi\u00e9s et stables, R&amp;D, exportable<\/li>\n\n\n\n<li><strong>PME locales<\/strong> : emplois nombreux et impact territorial fort, effet social significatif<\/li>\n<\/ul>\n\n\n\n<hr class=\"wp-block-separator has-alpha-channel-opacity\"\/>\n\n\n\n<h5 class=\"wp-block-heading\">Interpr\u00e9tation politique<\/h5>\n\n\n\n<ul class=\"wp-block-list\">\n<li>La <strong>diversification sectorielle<\/strong> assure la <strong>r\u00e9silience \u00e9conomique<\/strong><\/li>\n\n\n\n<li>Les <strong>PME et artisans<\/strong> garantissent la <strong>cr\u00e9ation d\u2019emplois locaux<\/strong>, r\u00e9duisant le ch\u00f4mage r\u00e9gional<\/li>\n\n\n\n<li>Les <strong>secteurs strat\u00e9giques<\/strong> (\u00e9nergie, sant\u00e9, tech) assurent la <strong>souverainet\u00e9 et la comp\u00e9titivit\u00e9 internationale<\/strong><\/li>\n<\/ul>\n\n\n\n<ul class=\"wp-block-list\">\n<li>L\u2019impact global <strong>financi\u00e8rement et socialement<\/strong> est robuste et <strong>d\u00e9fendable face aux critiques lib\u00e9rales et \u00e9cologistes<\/strong><\/li>\n<\/ul>\n","protected":false},"excerpt":{"rendered":"<p>Voici une ventilation r\u00e9aliste et prudente de l\u2019impact de la r\u00e9industrialisation MDM sur les recettes fiscales, la s\u00e9curit\u00e9 sociale et l\u2019emploi, r\u00e9partie par secteur strat\u00e9gique : \u00e9nergie, sant\u00e9, tech\/industrie avanc\u00e9e, PME locales et artisanat industriel. Les chiffres sont \u00e0 5 ans, coh\u00e9rents avec les estimations macro que nous avons d\u00e9j\u00e0 \u00e9tablies. Impact sectoriel de la [&hellip;]<\/p>\n","protected":false},"author":1,"featured_media":0,"comment_status":"open","ping_status":"open","sticky":false,"template":"","format":"standard","meta":{"_monsterinsights_skip_tracking":false,"_uf_show_specific_survey":0,"_uf_disable_surveys":false,"footnotes":""},"categories":[53],"tags":[],"class_list":["post-2555","post","type-post","status-publish","format-standard","hentry","category-reindustrialisation"],"_links":{"self":[{"href":"https:\/\/droitemoderniste.be\/index.php\/wp-json\/wp\/v2\/posts\/2555","targetHints":{"allow":["GET"]}}],"collection":[{"href":"https:\/\/droitemoderniste.be\/index.php\/wp-json\/wp\/v2\/posts"}],"about":[{"href":"https:\/\/droitemoderniste.be\/index.php\/wp-json\/wp\/v2\/types\/post"}],"author":[{"embeddable":true,"href":"https:\/\/droitemoderniste.be\/index.php\/wp-json\/wp\/v2\/users\/1"}],"replies":[{"embeddable":true,"href":"https:\/\/droitemoderniste.be\/index.php\/wp-json\/wp\/v2\/comments?post=2555"}],"version-history":[{"count":1,"href":"https:\/\/droitemoderniste.be\/index.php\/wp-json\/wp\/v2\/posts\/2555\/revisions"}],"predecessor-version":[{"id":2557,"href":"https:\/\/droitemoderniste.be\/index.php\/wp-json\/wp\/v2\/posts\/2555\/revisions\/2557"}],"wp:attachment":[{"href":"https:\/\/droitemoderniste.be\/index.php\/wp-json\/wp\/v2\/media?parent=2555"}],"wp:term":[{"taxonomy":"category","embeddable":true,"href":"https:\/\/droitemoderniste.be\/index.php\/wp-json\/wp\/v2\/categories?post=2555"},{"taxonomy":"post_tag","embeddable":true,"href":"https:\/\/droitemoderniste.be\/index.php\/wp-json\/wp\/v2\/tags?post=2555"}],"curies":[{"name":"wp","href":"https:\/\/api.w.org\/{rel}","templated":true}]}}