{"id":2552,"date":"2026-01-17T14:41:25","date_gmt":"2026-01-17T13:41:25","guid":{"rendered":"https:\/\/droitemoderniste.be\/?p=2552"},"modified":"2026-01-17T14:41:25","modified_gmt":"2026-01-17T13:41:25","slug":"mort-de-lotan-et-naissance-politique-dune-europe-de-la-defense","status":"publish","type":"post","link":"https:\/\/droitemoderniste.be\/index.php\/2026\/01\/17\/mort-de-lotan-et-naissance-politique-dune-europe-de-la-defense\/","title":{"rendered":"Mort de l&rsquo;OTAN et naissance politique d&rsquo;une Europe de la D\u00e9fense"},"content":{"rendered":"\n<figure class=\"wp-block-image size-large\"><img loading=\"lazy\" decoding=\"async\" width=\"683\" height=\"1024\" src=\"https:\/\/droitemoderniste.be\/wp-content\/uploads\/2026\/01\/Europe-forteresse-683x1024.png\" alt=\"\" class=\"wp-image-2553\" srcset=\"https:\/\/droitemoderniste.be\/wp-content\/uploads\/2026\/01\/Europe-forteresse-683x1024.png 683w, https:\/\/droitemoderniste.be\/wp-content\/uploads\/2026\/01\/Europe-forteresse-200x300.png 200w, https:\/\/droitemoderniste.be\/wp-content\/uploads\/2026\/01\/Europe-forteresse-768x1152.png 768w, https:\/\/droitemoderniste.be\/wp-content\/uploads\/2026\/01\/Europe-forteresse.png 1024w\" sizes=\"auto, (max-width: 683px) 100vw, 683px\" \/><\/figure>\n\n\n\n<p class=\"wp-block-paragraph\">L\u2019hypoth\u00e8se d\u2019une annexion am\u00e9ricaine du Groenland n\u2019est pas une provocation intellectuelle gratuite. C\u2019est un test de v\u00e9rit\u00e9 strat\u00e9gique. Si le membre le plus puissant de l\u2019OTAN peut s\u2019emparer d\u2019un territoire relevant d\u2019un autre membre, alors l\u2019Alliance atlantique cesse instantan\u00e9ment d\u2019exister comme alliance.<\/p>\n\n\n\n<p class=\"wp-block-paragraph\">Car l\u2019OTAN repose sur une promesse simple : la protection des faibles par le collectif, dans le respect des souverainet\u00e9s nationales. Quand le protecteur devient le pr\u00e9dateur, il ne reste plus qu\u2019une coquille vide, incapable de r\u00e9agir autrement que par le silence ou l\u2019hypocrisie.<\/p>\n\n\n\n<p class=\"wp-block-paragraph\">Un tel sc\u00e9nario r\u00e9v\u00e9lerait ce que le <strong><mark style=\"background-color:rgba(0, 0, 0, 0);color:#ff6900\" class=\"has-inline-color\">Mouvement Droite Moderniste<\/mark> (<mark style=\"background-color:rgba(0, 0, 0, 0);color:#ff6900\" class=\"has-inline-color\">MDM<\/mark>)<\/strong> affirme depuis l\u2019origine : la d\u00e9pendance strat\u00e9gique est une illusion confortable mais dangereuse. La s\u00e9curit\u00e9 europ\u00e9enne repose aujourd\u2019hui sur le bon vouloir d\u2019une puissance extra-europ\u00e9enne dont les int\u00e9r\u00eats ne sont pas n\u00e9cessairement align\u00e9s avec ceux des peuples europ\u00e9ens. Ce constat n\u2019est ni anti-am\u00e9ricain ni id\u00e9ologique. Il rel\u00e8ve d\u2019un <strong>souverainisme \u00e9clair\u00e9<\/strong>, lucide et responsable.<\/p>\n\n\n\n<p class=\"wp-block-paragraph\">Une Europe adulte ne peut fonder sa survie strat\u00e9gique sur la retenue suppos\u00e9e d\u2019un alli\u00e9 surpuissant. Le patriotisme civique europ\u00e9en implique au contraire la capacit\u00e9 de d\u00e9cider par soi-m\u00eame, de se d\u00e9fendre par soi-m\u00eame et, si n\u00e9cessaire, de dire non.<\/p>\n\n\n\n<p class=\"wp-block-paragraph\">Si l\u2019OTAN meurt, elle mourra de sa contradiction interne. Et cette mort rendra in\u00e9vitable la naissance d\u2019une <strong>D\u00e9fense Autonome Europ\u00e9enne (DAE)<\/strong>, conforme aux principes du <mark style=\"background-color:rgba(0, 0, 0, 0);color:#ff6900\" class=\"has-inline-color\">MDM<\/mark> : coop\u00e9ration entre nations libres, dirigisme strat\u00e9gique mod\u00e9r\u00e9 en mati\u00e8re de d\u00e9fense, protectionnisme raisonn\u00e9 des industries critiques, et dissuasion mise au service de la paix.<\/p>\n\n\n\n<p class=\"wp-block-paragraph\">La DAE ne serait ni une fuite en avant militariste ni un projet imp\u00e9rial. Elle incarnerait une Europe de la responsabilit\u00e9, fid\u00e8le \u00e0 ses valeurs humanistes mais consciente que la justice, la libert\u00e9 et la paix supposent la capacit\u00e9 de les d\u00e9fendre.<\/p>\n\n\n\n<p class=\"wp-block-paragraph\">Ce ne serait pas un geste de rupture, mais un acte de maturit\u00e9 politique.<\/p>\n\n\n\n<p class=\"wp-block-paragraph\">L\u2019OTAN meurt peut-\u00eatre.<\/p>\n\n\n\n<p class=\"wp-block-paragraph\"><strong>L\u2019Europe souveraine et moderne, telle que la d\u00e9fend le <mark style=\"background-color:rgba(0, 0, 0, 0);color:#ff6900\" class=\"has-inline-color\">MDM<\/mark>, doit maintenant na\u00eetre strat\u00e9giquement.<\/strong><\/p>\n\n\n\n<p class=\"wp-block-paragraph\"><\/p>\n","protected":false},"excerpt":{"rendered":"<p>L\u2019hypoth\u00e8se d\u2019une annexion am\u00e9ricaine du Groenland n\u2019est pas une provocation intellectuelle gratuite. C\u2019est un test de v\u00e9rit\u00e9 strat\u00e9gique. Si le membre le plus puissant de l\u2019OTAN peut s\u2019emparer d\u2019un territoire relevant d\u2019un autre membre, alors l\u2019Alliance atlantique cesse instantan\u00e9ment d\u2019exister comme alliance. Car l\u2019OTAN repose sur une promesse simple : la protection des faibles par [&hellip;]<\/p>\n","protected":false},"author":1,"featured_media":0,"comment_status":"open","ping_status":"open","sticky":false,"template":"","format":"standard","meta":{"_monsterinsights_skip_tracking":false,"_uf_show_specific_survey":0,"_uf_disable_surveys":false,"footnotes":""},"categories":[55],"tags":[],"class_list":["post-2552","post","type-post","status-publish","format-standard","hentry","category-souverainisme-europeen"],"_links":{"self":[{"href":"https:\/\/droitemoderniste.be\/index.php\/wp-json\/wp\/v2\/posts\/2552","targetHints":{"allow":["GET"]}}],"collection":[{"href":"https:\/\/droitemoderniste.be\/index.php\/wp-json\/wp\/v2\/posts"}],"about":[{"href":"https:\/\/droitemoderniste.be\/index.php\/wp-json\/wp\/v2\/types\/post"}],"author":[{"embeddable":true,"href":"https:\/\/droitemoderniste.be\/index.php\/wp-json\/wp\/v2\/users\/1"}],"replies":[{"embeddable":true,"href":"https:\/\/droitemoderniste.be\/index.php\/wp-json\/wp\/v2\/comments?post=2552"}],"version-history":[{"count":1,"href":"https:\/\/droitemoderniste.be\/index.php\/wp-json\/wp\/v2\/posts\/2552\/revisions"}],"predecessor-version":[{"id":2554,"href":"https:\/\/droitemoderniste.be\/index.php\/wp-json\/wp\/v2\/posts\/2552\/revisions\/2554"}],"wp:attachment":[{"href":"https:\/\/droitemoderniste.be\/index.php\/wp-json\/wp\/v2\/media?parent=2552"}],"wp:term":[{"taxonomy":"category","embeddable":true,"href":"https:\/\/droitemoderniste.be\/index.php\/wp-json\/wp\/v2\/categories?post=2552"},{"taxonomy":"post_tag","embeddable":true,"href":"https:\/\/droitemoderniste.be\/index.php\/wp-json\/wp\/v2\/tags?post=2552"}],"curies":[{"name":"wp","href":"https:\/\/api.w.org\/{rel}","templated":true}]}}