{"id":2543,"date":"2026-01-17T11:18:15","date_gmt":"2026-01-17T10:18:15","guid":{"rendered":"https:\/\/droitemoderniste.be\/?p=2543"},"modified":"2026-01-17T11:18:15","modified_gmt":"2026-01-17T10:18:15","slug":"reindustrialiser-la-belgique","status":"publish","type":"post","link":"https:\/\/droitemoderniste.be\/index.php\/2026\/01\/17\/reindustrialiser-la-belgique\/","title":{"rendered":"R\u00e9industrialiser la Belgique"},"content":{"rendered":"\n<figure class=\"wp-block-image size-full\"><img loading=\"lazy\" decoding=\"async\" width=\"280\" height=\"180\" src=\"https:\/\/droitemoderniste.be\/wp-content\/uploads\/2026\/01\/puissance-industrielle-belge1.jpeg\" alt=\"\" class=\"wp-image-2544\"\/><\/figure>\n\n\n\n<h6 class=\"wp-block-heading\"><em><strong>Produire ici. Innover ici. Employer ici.<\/strong><\/em><\/h6>\n\n\n\n<p class=\"wp-block-paragraph\">La Belgique ne peut pas d\u00e9pendre du reste du monde pour ce qui est vital.<br>Le <strong><mark style=\"background-color:rgba(0, 0, 0, 0);color:#ff6900\" class=\"has-inline-color\">MDM<\/mark><\/strong> propose une <strong>r\u00e9industrialisation moderne, environnementale et souveraine<\/strong>, cr\u00e9atrice d\u2019emplois et de prosp\u00e9rit\u00e9.<\/p>\n\n\n\n<hr class=\"wp-block-separator has-alpha-channel-opacity\"\/>\n\n\n\n<h5 class=\"wp-block-heading\">PRODUISONS CE QUI EST ESSENTIEL<\/h5>\n\n\n\n<p class=\"wp-block-paragraph\">Le <mark style=\"background-color:rgba(0, 0, 0, 0);color:#ff6900\" class=\"has-inline-color\">MDM<\/mark> veut relocaliser en Belgique et en Europe :<\/p>\n\n\n\n<ul class=\"wp-block-list\">\n<li>m\u00e9dicaments et mat\u00e9riel m\u00e9dical<\/li>\n\n\n\n<li>\u00e9nergie, batteries et hydrog\u00e8ne<\/li>\n\n\n\n<li>technologies, \u00e9lectronique et cybers\u00e9curit\u00e9<\/li>\n\n\n\n<li>industrie verte et \u00e9conomie circulaire<\/li>\n<\/ul>\n\n\n\n<p class=\"wp-block-paragraph\"><strong>Produire ici, c\u2019est \u00eatre libre.<\/strong><\/p>\n\n\n\n<hr class=\"wp-block-separator has-alpha-channel-opacity\"\/>\n\n\n\n<h5 class=\"wp-block-heading\">DES EMPLOIS INDUSTRIELS DIGNES<\/h5>\n\n\n\n<ul class=\"wp-block-list\">\n<li>emplois qualifi\u00e9s et bien r\u00e9mun\u00e9r\u00e9s<\/li>\n\n\n\n<li>formations techniques revaloris\u00e9es<\/li>\n\n\n\n<li>participation des travailleurs aux b\u00e9n\u00e9fices<\/li>\n\n\n\n<li>industrie = avenir pour nos jeunes<\/li>\n<\/ul>\n\n\n\n<p class=\"wp-block-paragraph\"><strong>L\u2019industrie, ce n\u2019est pas le pass\u00e9. C\u2019est l\u2019avenir.<\/strong><\/p>\n\n\n\n<hr class=\"wp-block-separator has-alpha-channel-opacity\"\/>\n\n\n\n<h5 class=\"wp-block-heading\">UNE \u00c9NERGIE ABORDABLE POUR NOS ENTREPRISES<\/h5>\n\n\n\n<ul class=\"wp-block-list\">\n<li>\u00e9lectricit\u00e9 stable et comp\u00e9titive<\/li>\n\n\n\n<li>mix nucl\u00e9aire + renouvelables<\/li>\n\n\n\n<li>soutien \u00e0 l\u2019hydrog\u00e8ne industriel<\/li>\n<\/ul>\n\n\n\n<p class=\"wp-block-paragraph\"><strong>Sans \u00e9nergie souveraine, pas d\u2019industrie souveraine.<\/strong><\/p>\n\n\n\n<hr class=\"wp-block-separator has-alpha-channel-opacity\"\/>\n\n\n\n<h5 class=\"wp-block-heading\">PRODUIRE MIEUX, PAS D\u00c9LOCALISER<\/h5>\n\n\n\n<ul class=\"wp-block-list\">\n<li>production propre et locale<\/li>\n\n\n\n<li>recyclage et r\u00e9paration<\/li>\n\n\n\n<li>moins de transport, moins de pollution<\/li>\n<\/ul>\n\n\n\n<p class=\"wp-block-paragraph\"><strong>L\u2019environnementalisme passe par la production locale.<\/strong><\/p>\n\n\n\n<hr class=\"wp-block-separator has-alpha-channel-opacity\"\/>\n\n\n\n<h5 class=\"wp-block-heading\">PROT\u00c9GER NOS ENTREPRISES<\/h5>\n\n\n\n<ul class=\"wp-block-list\">\n<li>priorit\u00e9 europ\u00e9enne dans les march\u00e9s publics<\/li>\n\n\n\n<li>lutte contre le dumping social et environnemental<\/li>\n\n\n\n<li>r\u00e8gles \u00e9quitables pour tous<\/li>\n<\/ul>\n\n\n\n<p class=\"wp-block-paragraph\"><strong>Produire proprement ne doit plus \u00eatre p\u00e9nalis\u00e9.<\/strong><\/p>\n\n\n\n<hr class=\"wp-block-separator has-alpha-channel-opacity\"\/>\n\n\n\n<h5 class=\"wp-block-heading\">LE CHOIX DU <mark style=\"background-color:rgba(0, 0, 0, 0);color:#ff6900\" class=\"has-inline-color\">MDM<\/mark><\/h5>\n\n\n\n<p class=\"wp-block-paragraph\">\u2714un \u00c9tat strat\u00e8ge, pas bureaucratique<br>\u2714des entreprises soutenues, mais responsables<br>\u2714une industrie moderne, humaine et durable<\/p>\n\n\n\n<p class=\"wp-block-paragraph\"><strong>\u00ab Une Belgique qui produit est une Belgique qui d\u00e9cide. \u00bb<\/strong><\/p>\n\n\n\n<hr class=\"wp-block-separator has-alpha-channel-opacity\"\/>\n\n\n\n<p class=\"wp-block-paragraph\"><strong><mark style=\"background-color:rgba(0, 0, 0, 0);color:#ff6900\" class=\"has-inline-color\">Mouvement Droite Moderniste<\/mark><\/strong><br><em>Racines fortes, regard neuf.<\/em><\/p>\n","protected":false},"excerpt":{"rendered":"<p>Produire ici. Innover ici. Employer ici. La Belgique ne peut pas d\u00e9pendre du reste du monde pour ce qui est vital.Le MDM propose une r\u00e9industrialisation moderne, environnementale et souveraine, cr\u00e9atrice d\u2019emplois et de prosp\u00e9rit\u00e9. PRODUISONS CE QUI EST ESSENTIEL Le MDM veut relocaliser en Belgique et en Europe : Produire ici, c\u2019est \u00eatre libre. DES [&hellip;]<\/p>\n","protected":false},"author":1,"featured_media":0,"comment_status":"open","ping_status":"open","sticky":false,"template":"","format":"standard","meta":{"_monsterinsights_skip_tracking":false,"_uf_show_specific_survey":0,"_uf_disable_surveys":false,"footnotes":""},"categories":[53,47],"tags":[],"class_list":["post-2543","post","type-post","status-publish","format-standard","hentry","category-reindustrialisation","category-souverainisme"],"_links":{"self":[{"href":"https:\/\/droitemoderniste.be\/index.php\/wp-json\/wp\/v2\/posts\/2543","targetHints":{"allow":["GET"]}}],"collection":[{"href":"https:\/\/droitemoderniste.be\/index.php\/wp-json\/wp\/v2\/posts"}],"about":[{"href":"https:\/\/droitemoderniste.be\/index.php\/wp-json\/wp\/v2\/types\/post"}],"author":[{"embeddable":true,"href":"https:\/\/droitemoderniste.be\/index.php\/wp-json\/wp\/v2\/users\/1"}],"replies":[{"embeddable":true,"href":"https:\/\/droitemoderniste.be\/index.php\/wp-json\/wp\/v2\/comments?post=2543"}],"version-history":[{"count":1,"href":"https:\/\/droitemoderniste.be\/index.php\/wp-json\/wp\/v2\/posts\/2543\/revisions"}],"predecessor-version":[{"id":2545,"href":"https:\/\/droitemoderniste.be\/index.php\/wp-json\/wp\/v2\/posts\/2543\/revisions\/2545"}],"wp:attachment":[{"href":"https:\/\/droitemoderniste.be\/index.php\/wp-json\/wp\/v2\/media?parent=2543"}],"wp:term":[{"taxonomy":"category","embeddable":true,"href":"https:\/\/droitemoderniste.be\/index.php\/wp-json\/wp\/v2\/categories?post=2543"},{"taxonomy":"post_tag","embeddable":true,"href":"https:\/\/droitemoderniste.be\/index.php\/wp-json\/wp\/v2\/tags?post=2543"}],"curies":[{"name":"wp","href":"https:\/\/api.w.org\/{rel}","templated":true}]}}