{"id":2534,"date":"2026-01-14T12:02:52","date_gmt":"2026-01-14T11:02:52","guid":{"rendered":"https:\/\/droitemoderniste.be\/?p=2534"},"modified":"2026-01-14T12:02:52","modified_gmt":"2026-01-14T11:02:52","slug":"reponses-aux-critiques-sur-le-cout-du-programme-de-reindustrialisation-du-mdm","status":"publish","type":"post","link":"https:\/\/droitemoderniste.be\/index.php\/2026\/01\/14\/reponses-aux-critiques-sur-le-cout-du-programme-de-reindustrialisation-du-mdm\/","title":{"rendered":"R\u00e9ponses aux critiques sur le co\u00fbt du programme de r\u00e9industrialisation du MDM"},"content":{"rendered":"\n<figure class=\"wp-block-image size-full\"><img loading=\"lazy\" decoding=\"async\" width=\"311\" height=\"162\" src=\"https:\/\/droitemoderniste.be\/wp-content\/uploads\/2026\/01\/reindustrialiser1-1.jpg\" alt=\"\" class=\"wp-image-2535\" srcset=\"https:\/\/droitemoderniste.be\/wp-content\/uploads\/2026\/01\/reindustrialiser1-1.jpg 311w, https:\/\/droitemoderniste.be\/wp-content\/uploads\/2026\/01\/reindustrialiser1-1-300x156.jpg 300w\" sizes=\"auto, (max-width: 311px) 100vw, 311px\" \/><\/figure>\n\n\n\n<hr class=\"wp-block-separator has-alpha-channel-opacity\"\/>\n\n\n\n<h5 class=\"wp-block-heading\">\u00ab Ce programme va co\u00fbter trop cher \u00e0 l\u2019\u00c9tat \u00bb<\/h5>\n\n\n\n<h6 class=\"wp-block-heading\">R\u00e9ponse <mark style=\"background-color:rgba(0, 0, 0, 0);color:#ff6900\" class=\"has-inline-color\">MDM<\/mark><\/h6>\n\n\n\n<p class=\"wp-block-paragraph\"><strong>Oui, il y a un investissement initial \u2014 mais il est productif.<\/strong><br>Contrairement aux d\u00e9penses passives, la r\u00e9industrialisation <strong>cr\u00e9e de l\u2019activit\u00e9, de l\u2019emploi et des recettes durables<\/strong>.<\/p>\n\n\n\n<p class=\"wp-block-paragraph\">\u00c0 5 ans :<\/p>\n\n\n\n<ul class=\"wp-block-list\">\n<li><strong>+9 \u00e0 +11 Md\u20ac de recettes publiques par an<\/strong><\/li>\n\n\n\n<li><strong>+7 \u00e0 +8 Md\u20ac pour la s\u00e9curit\u00e9 sociale<\/strong><\/li>\n\n\n\n<li>Des d\u00e9penses de ch\u00f4mage \u00e9vit\u00e9es<\/li>\n<\/ul>\n\n\n\n<p class=\"wp-block-paragraph\"><strong>Le co\u00fbt est temporaire, les recettes sont structurelles.<\/strong><\/p>\n\n\n\n<hr class=\"wp-block-separator has-alpha-channel-opacity\"\/>\n\n\n\n<h5 class=\"wp-block-heading\">\u00ab L\u2019\u00c9tat n\u2019a pas les moyens d\u2019investir davantage \u00bb<\/h5>\n\n\n\n<h6 class=\"wp-block-heading\">R\u00e9ponse <mark style=\"background-color:rgba(0, 0, 0, 0);color:#ff6900\" class=\"has-inline-color\">MDM<\/mark><\/h6>\n\n\n\n<p class=\"wp-block-paragraph\">Le <mark style=\"background-color:rgba(0, 0, 0, 0);color:#ff6900\" class=\"has-inline-color\">MDM<\/mark> ne propose <strong>pas un \u00c9tat qui subventionne \u00e0 perte<\/strong>, mais :<\/p>\n\n\n\n<ul class=\"wp-block-list\">\n<li>un <strong>fonds souverain industriel<\/strong><\/li>\n\n\n\n<li>des <strong>prises de participation temporaires<\/strong><\/li>\n\n\n\n<li>un <strong>effet levier avec le priv\u00e9<\/strong><\/li>\n<\/ul>\n\n\n\n<p class=\"wp-block-paragraph\">Logique :<\/p>\n\n\n\n<p class=\"wp-block-paragraph\"><strong>investir comme un actionnaire, pas comme un guichet<\/strong><\/p>\n\n\n\n<p class=\"wp-block-paragraph\">L\u2019\u00c9tat <strong>r\u00e9cup\u00e8re une partie de ses mises<\/strong>, au lieu de les perdre.<\/p>\n\n\n\n<hr class=\"wp-block-separator has-alpha-channel-opacity\"\/>\n\n\n\n<h5 class=\"wp-block-heading\">\u00ab On va creuser le d\u00e9ficit et la dette \u00bb<\/h5>\n\n\n\n<h6 class=\"wp-block-heading\">R\u00e9ponse <mark style=\"background-color:rgba(0, 0, 0, 0);color:#ff6900\" class=\"has-inline-color\">MDM<\/mark><\/h6>\n\n\n\n<p class=\"wp-block-paragraph\">C\u2019est l\u2019inverse.<\/p>\n\n\n\n<ul class=\"wp-block-list\">\n<li>Le d\u00e9ficit vient surtout :<ul><li>du ch\u00f4mage<\/li><\/ul><ul><li>de la d\u00e9sindustrialisation<\/li><\/ul>\n<ul class=\"wp-block-list\">\n<li>de la d\u00e9pendance aux importations<\/li>\n<\/ul>\n<\/li>\n<\/ul>\n\n\n\n<p class=\"wp-block-paragraph\">La r\u00e9industrialisation :<\/p>\n\n\n\n<ul class=\"wp-block-list\">\n<li><strong>augmente le PIB (+3 \u00e0 +4 % \u00e0 5 ans)<\/strong><\/li>\n\n\n\n<li><strong>augmente les recettes<\/strong><\/li>\n\n\n\n<li><strong>r\u00e9duit les d\u00e9penses sociales passives<\/strong><\/li>\n<\/ul>\n\n\n\n<p class=\"wp-block-paragraph\"><strong>Produire r\u00e9duit la dette. Ne pas produire l\u2019aggrave.<\/strong><\/p>\n\n\n\n<hr class=\"wp-block-separator has-alpha-channel-opacity\"\/>\n\n\n\n<h5 class=\"wp-block-heading\">\u00ab Ce sont des aides aux entreprises \u00bb<\/h5>\n\n\n\n<h6 class=\"wp-block-heading\">R\u00e9ponse <mark style=\"background-color:rgba(0, 0, 0, 0);color:#ff6900\" class=\"has-inline-color\">MDM<\/mark><\/h6>\n\n\n\n<p class=\"wp-block-paragraph\">Faux.<\/p>\n\n\n\n<p class=\"wp-block-paragraph\">Le <mark style=\"background-color:rgba(0, 0, 0, 0);color:#ff6900\" class=\"has-inline-color\">MDM<\/mark> conditionne <strong>chaque euro public<\/strong> \u00e0 :<\/p>\n\n\n\n<ul class=\"wp-block-list\">\n<li>production sur sol belge<\/li>\n\n\n\n<li>emplois durables<\/li>\n\n\n\n<li>normes sociales et environnementales<\/li>\n\n\n\n<li>clauses de remboursement si engagements non tenus<\/li>\n<\/ul>\n\n\n\n<p class=\"wp-block-paragraph\"><strong>Z\u00e9ro ch\u00e8que en blanc.<\/strong><\/p>\n\n\n\n<p class=\"wp-block-paragraph\">Les aides actuelles sans conditions co\u00fbtent plus cher que l\u2019investissement productif propos\u00e9.<\/p>\n\n\n\n<hr class=\"wp-block-separator has-alpha-channel-opacity\"\/>\n\n\n\n<h5 class=\"wp-block-heading\">\u00ab L\u2019industrie moderne cr\u00e9e peu d\u2019emplois \u00bb<\/h5>\n\n\n\n<h6 class=\"wp-block-heading\">R\u00e9ponse <mark style=\"background-color:rgba(0, 0, 0, 0);color:#ff6900\" class=\"has-inline-color\">MDM<\/mark><\/h6>\n\n\n\n<p class=\"wp-block-paragraph\">L\u2019industrie moderne :<\/p>\n\n\n\n<ul class=\"wp-block-list\">\n<li>cr\u00e9e <strong>moins d\u2019emplois par usine<\/strong><\/li>\n\n\n\n<li>mais <strong>beaucoup plus de valeur<\/strong><\/li>\n\n\n\n<li>et <strong>entra\u00eene des emplois indirects et locaux<\/strong><\/li>\n<\/ul>\n\n\n\n<p class=\"wp-block-paragraph\">Effet total estim\u00e9 \u00e0 5 ans :<\/p>\n\n\n\n<ul class=\"wp-block-list\">\n<li><strong>300 000 \u00e0 450 000 emplois<\/strong><\/li>\n\n\n\n<li>jusqu\u2019\u00e0 <strong>600 000 emplois \u00e0 moyen terme<\/strong><\/li>\n<\/ul>\n\n\n\n<p class=\"wp-block-paragraph\">Chaque emploi industriel finance plusieurs emplois de services.<\/p>\n\n\n\n<hr class=\"wp-block-separator has-alpha-channel-opacity\"\/>\n\n\n\n<h5 class=\"wp-block-heading\">\u00ab Il vaudrait mieux investir dans les services \u00bb<\/h5>\n\n\n\n<h6 class=\"wp-block-heading\">R\u00e9ponse <mark style=\"background-color:rgba(0, 0, 0, 0);color:#ff6900\" class=\"has-inline-color\">MDM<\/mark><\/h6>\n\n\n\n<p class=\"wp-block-paragraph\">Les services ont besoin :<\/p>\n\n\n\n<ul class=\"wp-block-list\">\n<li>d\u2019entreprises clientes<\/li>\n\n\n\n<li>de revenus stables<\/li>\n\n\n\n<li>de territoires dynamiques<\/li>\n<\/ul>\n\n\n\n<p class=\"wp-block-paragraph\">Sans industrie :<\/p>\n\n\n\n<ul class=\"wp-block-list\">\n<li>les services se pr\u00e9carisent<\/li>\n\n\n\n<li>la fiscalit\u00e9 s\u2019alourdit<\/li>\n\n\n\n<li>la protection sociale s\u2019affaiblit<\/li>\n<\/ul>\n\n\n\n<p class=\"wp-block-paragraph\"><strong>Pas de services forts sans industrie forte.<\/strong><\/p>\n\n\n\n<hr class=\"wp-block-separator has-alpha-channel-opacity\"\/>\n\n\n\n<h5 class=\"wp-block-heading\">\u00ab Ce n\u2019est pas compatible avec l\u2019Europe \u00bb<\/h5>\n\n\n\n<h6 class=\"wp-block-heading\">R\u00e9ponse <mark style=\"background-color:rgba(0, 0, 0, 0);color:#ff6900\" class=\"has-inline-color\">MDM<\/mark><\/h6>\n\n\n\n<p class=\"wp-block-paragraph\">Le programme <mark style=\"background-color:rgba(0, 0, 0, 0);color:#ff6900\" class=\"has-inline-color\">MDM <\/mark>est :<\/p>\n\n\n\n<ul class=\"wp-block-list\">\n<li><strong>100 % compatible avec le droit europ\u00e9en<\/strong><\/li>\n\n\n\n<li>align\u00e9 sur les politiques industrielles de l\u2019UE<\/li>\n\n\n\n<li>fond\u00e9 sur la pr\u00e9f\u00e9rence europ\u00e9enne et les projets communs<\/li>\n<\/ul>\n\n\n\n<p class=\"wp-block-paragraph\">L\u2019Europe investit d\u00e9j\u00e0 massivement dans :<\/p>\n\n\n\n<ul class=\"wp-block-list\">\n<li>l\u2019industrie verte<\/li>\n\n\n\n<li>l\u2019\u00e9nergie<\/li>\n\n\n\n<li>la souverainet\u00e9 technologique<\/li>\n<\/ul>\n\n\n\n<p class=\"wp-block-paragraph\"><strong>La Belgique doit en profiter, pas rester \u00e0 l\u2019\u00e9cart.<\/strong><\/p>\n\n\n\n<hr class=\"wp-block-separator has-alpha-channel-opacity\"\/>\n\n\n\n<h5 class=\"wp-block-heading\">SYNTH\u00c8SE<\/h5>\n\n\n\n<p class=\"wp-block-paragraph\"><strong>\u00ab La r\u00e9industrialisation a un co\u00fbt initial, mais l\u2019inaction co\u00fbte beaucoup plus cher.<br>Produire en Belgique, c\u2019est cr\u00e9er des emplois, financer la s\u00e9curit\u00e9 sociale et r\u00e9duire la dette.<br>Le <mark style=\"background-color:rgba(0, 0, 0, 0);color:#ff6900\" class=\"has-inline-color\">MDM<\/mark> choisit l\u2019investissement utile plut\u00f4t que la d\u00e9pendance permanente. \u00bb<\/strong><\/p>\n\n\n\n<hr class=\"wp-block-separator has-alpha-channel-opacity\"\/>\n\n\n\n<h5 class=\"wp-block-heading\">FORMULE POLITIQUE COURTE<\/h5>\n\n\n\n<p class=\"wp-block-paragraph\"><strong>\u00ab La r\u00e9industrialisation n\u2019est pas une d\u00e9pense : c\u2019est le seul investissement qui se rembourse tout seul. \u00bb<\/strong><\/p>\n\n\n\n<p class=\"wp-block-paragraph\"><\/p>\n","protected":false},"excerpt":{"rendered":"<p>\u00ab Ce programme va co\u00fbter trop cher \u00e0 l\u2019\u00c9tat \u00bb R\u00e9ponse MDM Oui, il y a un investissement initial \u2014 mais il est productif.Contrairement aux d\u00e9penses passives, la r\u00e9industrialisation cr\u00e9e de l\u2019activit\u00e9, de l\u2019emploi et des recettes durables. \u00c0 5 ans : Le co\u00fbt est temporaire, les recettes sont structurelles. \u00ab L\u2019\u00c9tat n\u2019a pas les [&hellip;]<\/p>\n","protected":false},"author":1,"featured_media":0,"comment_status":"open","ping_status":"open","sticky":false,"template":"","format":"standard","meta":{"_monsterinsights_skip_tracking":false,"_uf_show_specific_survey":0,"_uf_disable_surveys":false,"footnotes":""},"categories":[53],"tags":[],"class_list":["post-2534","post","type-post","status-publish","format-standard","hentry","category-reindustrialisation"],"_links":{"self":[{"href":"https:\/\/droitemoderniste.be\/index.php\/wp-json\/wp\/v2\/posts\/2534","targetHints":{"allow":["GET"]}}],"collection":[{"href":"https:\/\/droitemoderniste.be\/index.php\/wp-json\/wp\/v2\/posts"}],"about":[{"href":"https:\/\/droitemoderniste.be\/index.php\/wp-json\/wp\/v2\/types\/post"}],"author":[{"embeddable":true,"href":"https:\/\/droitemoderniste.be\/index.php\/wp-json\/wp\/v2\/users\/1"}],"replies":[{"embeddable":true,"href":"https:\/\/droitemoderniste.be\/index.php\/wp-json\/wp\/v2\/comments?post=2534"}],"version-history":[{"count":1,"href":"https:\/\/droitemoderniste.be\/index.php\/wp-json\/wp\/v2\/posts\/2534\/revisions"}],"predecessor-version":[{"id":2536,"href":"https:\/\/droitemoderniste.be\/index.php\/wp-json\/wp\/v2\/posts\/2534\/revisions\/2536"}],"wp:attachment":[{"href":"https:\/\/droitemoderniste.be\/index.php\/wp-json\/wp\/v2\/media?parent=2534"}],"wp:term":[{"taxonomy":"category","embeddable":true,"href":"https:\/\/droitemoderniste.be\/index.php\/wp-json\/wp\/v2\/categories?post=2534"},{"taxonomy":"post_tag","embeddable":true,"href":"https:\/\/droitemoderniste.be\/index.php\/wp-json\/wp\/v2\/tags?post=2534"}],"curies":[{"name":"wp","href":"https:\/\/api.w.org\/{rel}","templated":true}]}}