{"id":2531,"date":"2026-01-14T11:19:26","date_gmt":"2026-01-14T10:19:26","guid":{"rendered":"https:\/\/droitemoderniste.be\/?p=2531"},"modified":"2026-01-14T11:19:26","modified_gmt":"2026-01-14T10:19:26","slug":"reindustrialiser-la-belgique-travail-fierte-souverainete","status":"publish","type":"post","link":"https:\/\/droitemoderniste.be\/index.php\/2026\/01\/14\/reindustrialiser-la-belgique-travail-fierte-souverainete\/","title":{"rendered":"R\u00e9industrialiser la Belgique : travail, fiert\u00e9, souverainet\u00e9!"},"content":{"rendered":"\n<figure class=\"wp-block-image size-full\"><img loading=\"lazy\" decoding=\"async\" width=\"300\" height=\"168\" src=\"https:\/\/droitemoderniste.be\/wp-content\/uploads\/2026\/01\/reindustrieW4.jpg\" alt=\"\" class=\"wp-image-2532\"\/><\/figure>\n\n\n\n<p class=\"wp-block-paragraph\">Trente ans de d\u00e9classement ont vu la Belgique passer de puissance industrielle \u00e0 importateur passif, appauvrissant Wallonie et Flandre rurale. <\/p>\n\n\n\n<p class=\"wp-block-paragraph\">Le <mark style=\"background-color:rgba(0, 0, 0, 0);color:#ff6900\" class=\"has-inline-color\">MDM<\/mark> propose la reconqu\u00eate : usines souveraines en chimie, pharma et \u00e9nergie verte, o\u00f9 l&rsquo;\u00c9tat strat\u00e8ge lib\u00e8re les PME pour fabriquer local, cr\u00e9er 500 000 emplois dignes et porter l&rsquo;industrie \u00e0 20% du PIB. <\/p>\n\n\n\n<p class=\"wp-block-paragraph\">Une Belgique qui produit son avenir, pas qui le d\u00e9l\u00e8gue \u00e0 P\u00e9kin ou Berlin.<\/p>\n\n\n\n<figure class=\"wp-block-embed is-type-wp-embed is-provider-mouvement-droite-moderniste wp-block-embed-mouvement-droite-moderniste\"><div class=\"wp-block-embed__wrapper\">\n<blockquote class=\"wp-embedded-content\" data-secret=\"lR719cit0K\"><a href=\"https:\/\/droitemoderniste.be\/index.php\/programme\/priorites\/reindustrialisation\/\">R\u00e9industrialisation<\/a><\/blockquote><iframe loading=\"lazy\" class=\"wp-embedded-content\" sandbox=\"allow-scripts\" security=\"restricted\" style=\"position: absolute; visibility: hidden;\" title=\"\u00ab\u00a0R\u00e9industrialisation\u00a0\u00bb &#8212; Mouvement Droite Moderniste\" src=\"https:\/\/droitemoderniste.be\/index.php\/programme\/priorites\/reindustrialisation\/embed\/#?secret=7CoWdHTYO2#?secret=lR719cit0K\" data-secret=\"lR719cit0K\" width=\"500\" height=\"282\" frameborder=\"0\" marginwidth=\"0\" marginheight=\"0\" scrolling=\"no\"><\/iframe>\n<\/div><\/figure>\n\n\n\n<figure class=\"wp-block-embed is-type-wp-embed is-provider-mouvement-droite-moderniste wp-block-embed-mouvement-droite-moderniste\"><div class=\"wp-block-embed__wrapper\">\n<blockquote class=\"wp-embedded-content\" data-secret=\"Q3LgUv7TWd\"><a href=\"https:\/\/droitemoderniste.be\/index.php\/programme\/priorites\/reindustrialisation\/chiffrage-macro-economique\/\">Chiffrage macro-\u00e9conomique<\/a><\/blockquote><iframe loading=\"lazy\" class=\"wp-embedded-content\" sandbox=\"allow-scripts\" security=\"restricted\" style=\"position: absolute; visibility: hidden;\" title=\"\u00ab\u00a0Chiffrage macro-\u00e9conomique\u00a0\u00bb &#8212; Mouvement Droite Moderniste\" src=\"https:\/\/droitemoderniste.be\/index.php\/programme\/priorites\/reindustrialisation\/chiffrage-macro-economique\/embed\/#?secret=ILTDIVGpal#?secret=Q3LgUv7TWd\" data-secret=\"Q3LgUv7TWd\" width=\"500\" height=\"282\" frameborder=\"0\" marginwidth=\"0\" marginheight=\"0\" scrolling=\"no\"><\/iframe>\n<\/div><\/figure>\n\n\n\n<figure class=\"wp-block-embed is-type-wp-embed is-provider-mouvement-droite-moderniste wp-block-embed-mouvement-droite-moderniste\"><div class=\"wp-block-embed__wrapper\">\n<blockquote class=\"wp-embedded-content\" data-secret=\"5v33pCSTtM\"><a href=\"https:\/\/droitemoderniste.be\/index.php\/programme\/priorites\/reindustrialisation\/effet-total-sur-lemploi-belge\/\">Effet total sur l&#8217;emploi belge<\/a><\/blockquote><iframe loading=\"lazy\" class=\"wp-embedded-content\" sandbox=\"allow-scripts\" security=\"restricted\" style=\"position: absolute; visibility: hidden;\" title=\"\u00ab\u00a0Effet total sur l&#8217;emploi belge\u00a0\u00bb &#8212; Mouvement Droite Moderniste\" src=\"https:\/\/droitemoderniste.be\/index.php\/programme\/priorites\/reindustrialisation\/effet-total-sur-lemploi-belge\/embed\/#?secret=o7FRysOkWY#?secret=5v33pCSTtM\" data-secret=\"5v33pCSTtM\" width=\"500\" height=\"282\" frameborder=\"0\" marginwidth=\"0\" marginheight=\"0\" scrolling=\"no\"><\/iframe>\n<\/div><\/figure>\n\n\n\n<figure class=\"wp-block-embed is-type-wp-embed is-provider-mouvement-droite-moderniste wp-block-embed-mouvement-droite-moderniste\"><div class=\"wp-block-embed__wrapper\">\n<blockquote class=\"wp-embedded-content\" data-secret=\"yTglcp1u4J\"><a href=\"https:\/\/droitemoderniste.be\/index.php\/programme\/priorites\/reindustrialisation\/impact-sur-le-pib-belge-a-5-ans\/\">Impact sur le PIB belge \u00e0 5 ans<\/a><\/blockquote><iframe loading=\"lazy\" class=\"wp-embedded-content\" sandbox=\"allow-scripts\" security=\"restricted\" style=\"position: absolute; visibility: hidden;\" title=\"\u00ab\u00a0Impact sur le PIB belge \u00e0 5 ans\u00a0\u00bb &#8212; Mouvement Droite Moderniste\" src=\"https:\/\/droitemoderniste.be\/index.php\/programme\/priorites\/reindustrialisation\/impact-sur-le-pib-belge-a-5-ans\/embed\/#?secret=0TlqdD7uUY#?secret=yTglcp1u4J\" data-secret=\"yTglcp1u4J\" width=\"500\" height=\"282\" frameborder=\"0\" marginwidth=\"0\" marginheight=\"0\" scrolling=\"no\"><\/iframe>\n<\/div><\/figure>\n\n\n\n<figure class=\"wp-block-embed is-type-wp-embed is-provider-mouvement-droite-moderniste wp-block-embed-mouvement-droite-moderniste\"><div class=\"wp-block-embed__wrapper\">\n<blockquote class=\"wp-embedded-content\" data-secret=\"iNCmf7iki4\"><a href=\"https:\/\/droitemoderniste.be\/index.php\/programme\/priorites\/reindustrialisation\/impact-sur-les-recettes-fiscales-et-la-securite-sociale\/\">Impact sur les recettes fiscales et la s\u00e9curit\u00e9 sociale<\/a><\/blockquote><iframe loading=\"lazy\" class=\"wp-embedded-content\" sandbox=\"allow-scripts\" security=\"restricted\" style=\"position: absolute; visibility: hidden;\" title=\"\u00ab\u00a0Impact sur les recettes fiscales et la s\u00e9curit\u00e9 sociale\u00a0\u00bb &#8212; Mouvement Droite Moderniste\" src=\"https:\/\/droitemoderniste.be\/index.php\/programme\/priorites\/reindustrialisation\/impact-sur-les-recettes-fiscales-et-la-securite-sociale\/embed\/#?secret=txozSeP2Ec#?secret=iNCmf7iki4\" data-secret=\"iNCmf7iki4\" width=\"500\" height=\"282\" frameborder=\"0\" marginwidth=\"0\" marginheight=\"0\" scrolling=\"no\"><\/iframe>\n<\/div><\/figure>\n\n\n\n<figure class=\"wp-block-embed is-type-wp-embed is-provider-mouvement-droite-moderniste wp-block-embed-mouvement-droite-moderniste\"><div class=\"wp-block-embed__wrapper\">\n<blockquote class=\"wp-embedded-content\" data-secret=\"0VgPf7gcfu\"><a href=\"https:\/\/droitemoderniste.be\/index.php\/programme\/priorites\/reindustrialisation\/retour-sur-investissement-public\/\">Retour sur investissement public<\/a><\/blockquote><iframe loading=\"lazy\" class=\"wp-embedded-content\" sandbox=\"allow-scripts\" security=\"restricted\" style=\"position: absolute; visibility: hidden;\" title=\"\u00ab\u00a0Retour sur investissement public\u00a0\u00bb &#8212; Mouvement Droite Moderniste\" src=\"https:\/\/droitemoderniste.be\/index.php\/programme\/priorites\/reindustrialisation\/retour-sur-investissement-public\/embed\/#?secret=Dm2GoxmFh4#?secret=0VgPf7gcfu\" data-secret=\"0VgPf7gcfu\" width=\"500\" height=\"282\" frameborder=\"0\" marginwidth=\"0\" marginheight=\"0\" scrolling=\"no\"><\/iframe>\n<\/div><\/figure>\n","protected":false},"excerpt":{"rendered":"<p>Trente ans de d\u00e9classement ont vu la Belgique passer de puissance industrielle \u00e0 importateur passif, appauvrissant Wallonie et Flandre rurale. Le MDM propose la reconqu\u00eate : usines souveraines en chimie, pharma et \u00e9nergie verte, o\u00f9 l&rsquo;\u00c9tat strat\u00e8ge lib\u00e8re les PME pour fabriquer local, cr\u00e9er 500 000 emplois dignes et porter l&rsquo;industrie \u00e0 20% du PIB. [&hellip;]<\/p>\n","protected":false},"author":1,"featured_media":0,"comment_status":"open","ping_status":"open","sticky":false,"template":"","format":"standard","meta":{"_monsterinsights_skip_tracking":false,"_uf_show_specific_survey":0,"_uf_disable_surveys":false,"footnotes":""},"categories":[53],"tags":[],"class_list":["post-2531","post","type-post","status-publish","format-standard","hentry","category-reindustrialisation"],"_links":{"self":[{"href":"https:\/\/droitemoderniste.be\/index.php\/wp-json\/wp\/v2\/posts\/2531","targetHints":{"allow":["GET"]}}],"collection":[{"href":"https:\/\/droitemoderniste.be\/index.php\/wp-json\/wp\/v2\/posts"}],"about":[{"href":"https:\/\/droitemoderniste.be\/index.php\/wp-json\/wp\/v2\/types\/post"}],"author":[{"embeddable":true,"href":"https:\/\/droitemoderniste.be\/index.php\/wp-json\/wp\/v2\/users\/1"}],"replies":[{"embeddable":true,"href":"https:\/\/droitemoderniste.be\/index.php\/wp-json\/wp\/v2\/comments?post=2531"}],"version-history":[{"count":1,"href":"https:\/\/droitemoderniste.be\/index.php\/wp-json\/wp\/v2\/posts\/2531\/revisions"}],"predecessor-version":[{"id":2533,"href":"https:\/\/droitemoderniste.be\/index.php\/wp-json\/wp\/v2\/posts\/2531\/revisions\/2533"}],"wp:attachment":[{"href":"https:\/\/droitemoderniste.be\/index.php\/wp-json\/wp\/v2\/media?parent=2531"}],"wp:term":[{"taxonomy":"category","embeddable":true,"href":"https:\/\/droitemoderniste.be\/index.php\/wp-json\/wp\/v2\/categories?post=2531"},{"taxonomy":"post_tag","embeddable":true,"href":"https:\/\/droitemoderniste.be\/index.php\/wp-json\/wp\/v2\/tags?post=2531"}],"curies":[{"name":"wp","href":"https:\/\/api.w.org\/{rel}","templated":true}]}}