{"id":2525,"date":"2026-01-13T11:36:30","date_gmt":"2026-01-13T10:36:30","guid":{"rendered":"https:\/\/droitemoderniste.be\/?p=2525"},"modified":"2026-01-13T11:36:30","modified_gmt":"2026-01-13T10:36:30","slug":"des-usines-belges-pour-un-avenir-belge-le-mdm-reconquiert-votre-emploi","status":"publish","type":"post","link":"https:\/\/droitemoderniste.be\/index.php\/2026\/01\/13\/des-usines-belges-pour-un-avenir-belge-le-mdm-reconquiert-votre-emploi\/","title":{"rendered":"Des usines belges pour un avenir belge. Le MDM reconquiert votre emploi"},"content":{"rendered":"\n<figure class=\"wp-block-image size-full\"><img loading=\"lazy\" decoding=\"async\" width=\"275\" height=\"183\" src=\"https:\/\/droitemoderniste.be\/wp-content\/uploads\/2026\/01\/reindustrieW-1.jpg\" alt=\"\" class=\"wp-image-2526\"\/><\/figure>\n\n\n\n<p class=\"wp-block-paragraph\">Le programme de r\u00e9industrialisation du <mark style=\"background-color:rgba(0, 0, 0, 0);color:#ff6900\" class=\"has-inline-color\">MDM<\/mark> g\u00e9n\u00e9rerait un effet net positif sur l&#8217;emploi total en Belgique, estim\u00e9 \u00e0 +450 000 \u00e0 600 000 postes sur dix ans (2035), combinant emplois directs et indirects, sur une base actuelle d&rsquo;environ 5,2 millions d&#8217;emplois salari\u00e9s.<\/p>\n\n\n\n<p class=\"wp-block-paragraph\">Cela correspond \u00e0 une hausse annuelle moyenne de 45 000 \u00e0 60 000 postes, tirant le taux d&#8217;emploi global de 67-68% vers 72-74%, avec un multiplicateur emploi de 2,5 \u00e0 3 (chaque poste industriel en cr\u00e9ant 1,5 \u00e0 2 indirects dans services, logistique et commerce).<\/p>\n\n\n\n<p class=\"wp-block-paragraph\">\u200b<\/p>\n\n\n\n<p class=\"wp-block-paragraph\"><strong>Emplois directs industriels<\/strong><\/p>\n\n\n\n<p class=\"wp-block-paragraph\">+150 000 \u00e0 200 000 postes nets dans l&rsquo;industrie (sur ~800 000 actuels hors construction), principalement en chimie\/pharma (+50 000), m\u00e9tallurgie\/\u00e9nergie (+40 000), automobile\/a\u00e9ro (+30 000) et num\u00e9rique vert (+30 000). <\/p>\n\n\n\n<p class=\"wp-block-paragraph\">Ces cr\u00e9ations viseraient 60% de PME et 40% grandes entreprises rapatri\u00e9es, priorisant reconversions de ch\u00f4meurs longue dur\u00e9e (20 000\/an).<\/p>\n\n\n\n<p class=\"wp-block-paragraph\">\u200b<\/p>\n\n\n\n<p class=\"wp-block-paragraph\"><strong>Emplois indirects et induits<\/strong><\/p>\n\n\n\n<p class=\"wp-block-paragraph\">+300 000 \u00e0 400 000 postes via effets d&rsquo;entra\u00eenement : +100 000 en services aux entreprises\/logistique, +80 000 en commerce\/distribution, +70 000 en construction infrastructures, et +50 000 en R&amp;D\/formation. <\/p>\n\n\n\n<p class=\"wp-block-paragraph\">L&rsquo;impact serait amplifi\u00e9 en Wallonie (+40% des gains r\u00e9gionaux) et Flandre rurale (+30%), zones cibl\u00e9es par les fonds territoriaux.<\/p>\n\n\n\n<p class=\"wp-block-paragraph\">\u200b<\/p>\n\n\n\n<p class=\"wp-block-paragraph\"><strong>Distribution temporelle<\/strong><\/p>\n\n\n\n<figure class=\"wp-block-table\"><table class=\"has-fixed-layout\"><thead><tr><td><strong>P\u00e9riode<\/strong><\/td><td><strong>Emplois nets cumul\u00e9s (milliers)<\/strong><\/td><td><strong>Croissance % emploi total<\/strong><\/td><\/tr><\/thead><tbody><tr><td>2026-2028<\/td><td>+120 \u00e0 160<\/td><td>+0,7 \u00e0 1,0%\/an<\/td><\/tr><tr><td>2029-2032<\/td><td>+200 \u00e0 270 (cumul)<\/td><td>+1,0 \u00e0 1,3%\/an<\/td><\/tr><tr><td>2033-2035<\/td><td>+450 \u00e0 600 (cumul)<\/td><td>+1,2 \u00e0 1,5%\/an<\/td><\/tr><\/tbody><\/table><\/figure>\n\n\n\n<p class=\"wp-block-paragraph\">Ces estimations int\u00e8grent un sc\u00e9nario r\u00e9aliste avec investissements \u00e0 2% PIB\/an, stabilit\u00e9 \u00e9nerg\u00e9tique et formation massive, tout en tenant compte des pertes potentielles (-20 000 postes) dues \u00e0 l&rsquo;automatisation compens\u00e9es par la productivit\u00e9.<\/p>\n","protected":false},"excerpt":{"rendered":"<p>Le programme de r\u00e9industrialisation du MDM g\u00e9n\u00e9rerait un effet net positif sur l&#8217;emploi total en Belgique, estim\u00e9 \u00e0 +450 000 \u00e0 600 000 postes sur dix ans (2035), combinant emplois directs et indirects, sur une base actuelle d&rsquo;environ 5,2 millions d&#8217;emplois salari\u00e9s. Cela correspond \u00e0 une hausse annuelle moyenne de 45 000 \u00e0 60 000 [&hellip;]<\/p>\n","protected":false},"author":1,"featured_media":0,"comment_status":"open","ping_status":"open","sticky":false,"template":"","format":"standard","meta":{"_monsterinsights_skip_tracking":false,"_uf_show_specific_survey":0,"_uf_disable_surveys":false,"footnotes":""},"categories":[53],"tags":[],"class_list":["post-2525","post","type-post","status-publish","format-standard","hentry","category-reindustrialisation"],"_links":{"self":[{"href":"https:\/\/droitemoderniste.be\/index.php\/wp-json\/wp\/v2\/posts\/2525","targetHints":{"allow":["GET"]}}],"collection":[{"href":"https:\/\/droitemoderniste.be\/index.php\/wp-json\/wp\/v2\/posts"}],"about":[{"href":"https:\/\/droitemoderniste.be\/index.php\/wp-json\/wp\/v2\/types\/post"}],"author":[{"embeddable":true,"href":"https:\/\/droitemoderniste.be\/index.php\/wp-json\/wp\/v2\/users\/1"}],"replies":[{"embeddable":true,"href":"https:\/\/droitemoderniste.be\/index.php\/wp-json\/wp\/v2\/comments?post=2525"}],"version-history":[{"count":1,"href":"https:\/\/droitemoderniste.be\/index.php\/wp-json\/wp\/v2\/posts\/2525\/revisions"}],"predecessor-version":[{"id":2527,"href":"https:\/\/droitemoderniste.be\/index.php\/wp-json\/wp\/v2\/posts\/2525\/revisions\/2527"}],"wp:attachment":[{"href":"https:\/\/droitemoderniste.be\/index.php\/wp-json\/wp\/v2\/media?parent=2525"}],"wp:term":[{"taxonomy":"category","embeddable":true,"href":"https:\/\/droitemoderniste.be\/index.php\/wp-json\/wp\/v2\/categories?post=2525"},{"taxonomy":"post_tag","embeddable":true,"href":"https:\/\/droitemoderniste.be\/index.php\/wp-json\/wp\/v2\/tags?post=2525"}],"curies":[{"name":"wp","href":"https:\/\/api.w.org\/{rel}","templated":true}]}}