{"id":2522,"date":"2026-01-13T11:31:03","date_gmt":"2026-01-13T10:31:03","guid":{"rendered":"https:\/\/droitemoderniste.be\/?p=2522"},"modified":"2026-01-13T11:31:03","modified_gmt":"2026-01-13T10:31:03","slug":"estimation-de-limpact-juridique-des-10-mesures-mdm-de-lutte-contre-limmigration-illegale","status":"publish","type":"post","link":"https:\/\/droitemoderniste.be\/index.php\/2026\/01\/13\/estimation-de-limpact-juridique-des-10-mesures-mdm-de-lutte-contre-limmigration-illegale\/","title":{"rendered":"Estimation de l&rsquo;impact juridique des 10 mesures MDM de lutte contre l&rsquo;immigration ill\u00e9gale"},"content":{"rendered":"\n<figure class=\"wp-block-image size-full\"><img loading=\"lazy\" decoding=\"async\" width=\"704\" height=\"396\" src=\"https:\/\/droitemoderniste.be\/wp-content\/uploads\/2026\/01\/Migrants-Lampedusa.webp\" alt=\"\" class=\"wp-image-2523\" srcset=\"https:\/\/droitemoderniste.be\/wp-content\/uploads\/2026\/01\/Migrants-Lampedusa.webp 704w, https:\/\/droitemoderniste.be\/wp-content\/uploads\/2026\/01\/Migrants-Lampedusa-300x169.webp 300w\" sizes=\"auto, (max-width: 704px) 100vw, 704px\" \/><\/figure>\n\n\n\n<figure class=\"wp-block-table\"><table class=\"has-fixed-layout\"><thead><tr><td><strong>Mesure<\/strong><strong><\/strong><\/td><td><strong>Impact juridique \/ conformit\u00e9<\/strong><strong><\/strong><\/td><td><strong>Risques \/ Observations<\/strong><strong><\/strong><\/td><\/tr><\/thead><tbody><tr><td><strong>1. Renforcement des contr\u00f4les aux fronti\u00e8res<\/strong><\/td><td>Compatible avec la <strong>l\u00e9gislation belge et les r\u00e8gles de l\u2019UE<\/strong> sur le contr\u00f4le des fronti\u00e8res. Peut n\u00e9cessiter des ajustements pour Schengen.<\/td><td>Surveillance accrue (drones, cam\u00e9ras) doit respecter la <strong>protection de la vie priv\u00e9e<\/strong> et la <strong>Convention europ\u00e9enne des droits de l\u2019homme (CEDH)<\/strong>.<\/td><\/tr><tr><td><strong>2. D\u00e9tection et d\u00e9mant\u00e8lement des fili\u00e8res clandestines<\/strong><\/td><td>Conformit\u00e9 avec le droit p\u00e9nal et le droit europ\u00e9en (coop\u00e9ration Europol).<\/td><td>Actions de surveillance et infiltration doivent respecter les <strong>garanties proc\u00e9durales et droits fondamentaux<\/strong>.<\/td><\/tr><tr><td><strong>3. Sanctions renforc\u00e9es pour les employeurs<\/strong><\/td><td>Compatible avec le droit belge du travail et europ\u00e9en.<\/td><td>Risque de <strong>litiges ou recours<\/strong> par les employeurs si sanctions disproportionn\u00e9es ou proc\u00e9dure inad\u00e9quate. Besoin de r\u00e9glementer clairement le contr\u00f4le et la sanction.<\/td><\/tr><tr><td><strong>4. Acc\u00e9l\u00e9ration des proc\u00e9dures de retour<\/strong><\/td><td>Compatible avec les obligations europ\u00e9ennes et internationales de retour (Directive UE 2008\/115).<\/td><td>Les retours forc\u00e9s doivent respecter la <strong>non-refoulement<\/strong> (Convention de Gen\u00e8ve) : pas de retour vers des zones dangereuses.<\/td><\/tr><tr><td><strong>5. Am\u00e9lioration du syst\u00e8me d\u2019asile<\/strong><\/td><td>Compatible avec la Convention de Gen\u00e8ve et les directives europ\u00e9ennes sur l\u2019asile.<\/td><td>Les d\u00e9cisions rapides doivent garantir <strong>un droit effectif \u00e0 un recours<\/strong>, sinon risque de violation de droits fondamentaux.<\/td><\/tr><tr><td><strong>6. Digitalisation et tra\u00e7abilit\u00e9<\/strong><\/td><td>Compatible avec le RGPD, si donn\u00e9es personnelles s\u00e9curis\u00e9es et utilis\u00e9es l\u00e9galement.<\/td><td>Risque de <strong>violation de la vie priv\u00e9e<\/strong> si donn\u00e9es biom\u00e9triques mal prot\u00e9g\u00e9es ou utilis\u00e9es \u00e0 d\u2019autres fins.<\/td><\/tr><tr><td><strong>7. Contr\u00f4le des flux l\u00e9gaux<\/strong><\/td><td>Compatible avec le droit belge et le droit europ\u00e9en de la libre circulation, si bien cibl\u00e9 sur l\u2019immigration extra-UE.<\/td><td>Limitation des visas doit rester <strong>proportionn\u00e9e et non discriminatoire<\/strong>.<\/td><\/tr><tr><td><strong>8. Lutte contre le logement ill\u00e9gal<\/strong><\/td><td>Compatible avec le droit belge (codes urbanistiques et allocations sociales).<\/td><td>Les sanctions doivent respecter le <strong>droit au logement et proc\u00e9dure l\u00e9gale<\/strong> pour \u00e9viter des contentieux.<\/td><\/tr><tr><td><strong>9. Sensibilisation et coop\u00e9ration internationale<\/strong><\/td><td>Enti\u00e8rement conforme, actions de pr\u00e9vention et communication ne violent aucun droit.<\/td><td>N\u00e9cessit\u00e9 d\u2019\u00e9viter des messages stigmatisants ou discriminatoires qui pourraient violer le droit international des droits humains.<\/td><\/tr><tr><td><strong>10. Protection des fronti\u00e8res num\u00e9riques et \u00e9conomiques<\/strong><\/td><td>Compatible avec le droit p\u00e9nal et le RGPD, si respect des proc\u00e9dures l\u00e9gales et supervision judiciaire.<\/td><td>Surveillance du net et lutte contre fraude doivent respecter <strong>vie priv\u00e9e et proc\u00e9dure l\u00e9gale<\/strong>, sinon risque de recours devant les juridictions europ\u00e9ennes.<\/td><\/tr><\/tbody><\/table><\/figure>\n\n\n\n<hr class=\"wp-block-separator has-alpha-channel-opacity\"\/>\n\n\n\n<h5 class=\"wp-block-heading\"><strong>Synth\u00e8se des principaux enjeux juridiques<\/strong><\/h5>\n\n\n\n<ol class=\"wp-block-list\">\n<li><strong>Respect des droits fondamentaux<\/strong> : chaque mesure doit garantir le <strong>droit \u00e0 la vie priv\u00e9e, \u00e0 l\u2019asile, \u00e0 un recours effectif et \u00e0 la non-discrimination<\/strong>.<\/li>\n\n\n\n<li><strong>Conformit\u00e9 europ\u00e9enne et internationale<\/strong> : la Belgique est li\u00e9e par Schengen, UE et conventions internationales, ce qui limite certaines restrictions.<\/li>\n\n\n\n<li><strong>Proportionnalit\u00e9 et l\u00e9galit\u00e9<\/strong> : sanctions ou restrictions doivent \u00eatre <strong>clairement d\u00e9finies par la loi<\/strong> et proportionn\u00e9es aux infractions.<\/li>\n\n\n\n<li><strong>S\u00e9curit\u00e9 juridique et contentieux<\/strong> : certaines mesures peuvent g\u00e9n\u00e9rer des recours devant le Conseil d\u2019\u00c9tat belge ou la Cour europ\u00e9enne des droits de l\u2019homme si mal encadr\u00e9es.<\/li>\n<\/ol>\n\n\n\n<hr class=\"wp-block-separator has-alpha-channel-opacity\"\/>\n\n\n\n<p class=\"wp-block-paragraph\"><strong>Conclusion <mark style=\"background-color:rgba(0, 0, 0, 0);color:#ff6900\" class=\"has-inline-color\">MDM<\/mark> :<\/strong><br>Les dix mesures sont <strong>globalement juridiquement r\u00e9alisables<\/strong>, mais n\u00e9cessitent :<\/p>\n\n\n\n<ul class=\"wp-block-list\">\n<li>une <strong>l\u00e9gislation claire<\/strong> pour encadrer sanctions et contr\u00f4les,<\/li>\n\n\n\n<li>un <strong>respect strict des droits fondamentaux<\/strong>,<\/li>\n\n\n\n<li>une <strong>supervision judiciaire et administrative<\/strong> pour \u00e9viter les litiges.<\/li>\n<\/ul>\n\n\n\n<p class=\"wp-block-paragraph\"><\/p>\n","protected":false},"excerpt":{"rendered":"<p>Mesure Impact juridique \/ conformit\u00e9 Risques \/ Observations 1. Renforcement des contr\u00f4les aux fronti\u00e8res Compatible avec la l\u00e9gislation belge et les r\u00e8gles de l\u2019UE sur le contr\u00f4le des fronti\u00e8res. Peut n\u00e9cessiter des ajustements pour Schengen. Surveillance accrue (drones, cam\u00e9ras) doit respecter la protection de la vie priv\u00e9e et la Convention europ\u00e9enne des droits de l\u2019homme [&hellip;]<\/p>\n","protected":false},"author":1,"featured_media":0,"comment_status":"open","ping_status":"open","sticky":false,"template":"","format":"standard","meta":{"_monsterinsights_skip_tracking":false,"_uf_show_specific_survey":0,"_uf_disable_surveys":false,"footnotes":""},"categories":[1],"tags":[],"class_list":["post-2522","post","type-post","status-publish","format-standard","hentry","category-immigration"],"_links":{"self":[{"href":"https:\/\/droitemoderniste.be\/index.php\/wp-json\/wp\/v2\/posts\/2522","targetHints":{"allow":["GET"]}}],"collection":[{"href":"https:\/\/droitemoderniste.be\/index.php\/wp-json\/wp\/v2\/posts"}],"about":[{"href":"https:\/\/droitemoderniste.be\/index.php\/wp-json\/wp\/v2\/types\/post"}],"author":[{"embeddable":true,"href":"https:\/\/droitemoderniste.be\/index.php\/wp-json\/wp\/v2\/users\/1"}],"replies":[{"embeddable":true,"href":"https:\/\/droitemoderniste.be\/index.php\/wp-json\/wp\/v2\/comments?post=2522"}],"version-history":[{"count":1,"href":"https:\/\/droitemoderniste.be\/index.php\/wp-json\/wp\/v2\/posts\/2522\/revisions"}],"predecessor-version":[{"id":2524,"href":"https:\/\/droitemoderniste.be\/index.php\/wp-json\/wp\/v2\/posts\/2522\/revisions\/2524"}],"wp:attachment":[{"href":"https:\/\/droitemoderniste.be\/index.php\/wp-json\/wp\/v2\/media?parent=2522"}],"wp:term":[{"taxonomy":"category","embeddable":true,"href":"https:\/\/droitemoderniste.be\/index.php\/wp-json\/wp\/v2\/categories?post=2522"},{"taxonomy":"post_tag","embeddable":true,"href":"https:\/\/droitemoderniste.be\/index.php\/wp-json\/wp\/v2\/tags?post=2522"}],"curies":[{"name":"wp","href":"https:\/\/api.w.org\/{rel}","templated":true}]}}