{"id":2519,"date":"2026-01-13T11:26:41","date_gmt":"2026-01-13T10:26:41","guid":{"rendered":"https:\/\/droitemoderniste.be\/?p=2519"},"modified":"2026-01-13T11:26:41","modified_gmt":"2026-01-13T10:26:41","slug":"estimation-du-cout-annuel-des-10-mesures-mdm-de-lutte-contre-limmigration-illegale","status":"publish","type":"post","link":"https:\/\/droitemoderniste.be\/index.php\/2026\/01\/13\/estimation-du-cout-annuel-des-10-mesures-mdm-de-lutte-contre-limmigration-illegale\/","title":{"rendered":"Estimation du co\u00fbt annuel des 10 mesures MDM de lutte contre l&rsquo;immigration ill\u00e9gale"},"content":{"rendered":"\n<figure class=\"wp-block-image size-full\"><img loading=\"lazy\" decoding=\"async\" width=\"700\" height=\"393\" src=\"https:\/\/droitemoderniste.be\/wp-content\/uploads\/2026\/01\/migrants.jpg\" alt=\"\" class=\"wp-image-2520\" srcset=\"https:\/\/droitemoderniste.be\/wp-content\/uploads\/2026\/01\/migrants.jpg 700w, https:\/\/droitemoderniste.be\/wp-content\/uploads\/2026\/01\/migrants-300x168.jpg 300w\" sizes=\"auto, (max-width: 700px) 100vw, 700px\" \/><\/figure>\n\n\n\n<figure class=\"wp-block-table\"><table class=\"has-fixed-layout\"><thead><tr><td><strong>Mesure<\/strong><strong><\/strong><\/td><td><strong>Co\u00fbt estim\u00e9<\/strong><strong><\/strong><\/td><td><strong>Commentaire \/ Hypoth\u00e8se<\/strong><strong><\/strong><\/td><\/tr><\/thead><tbody><tr><td><strong>1. Renforcement des contr\u00f4les aux fronti\u00e8res<\/strong><\/td><td>150\u2013200 M\u20ac<\/td><td>D\u00e9ploiement de personnel suppl\u00e9mentaire, cam\u00e9ras, drones, scanners, infrastructures portuaires et a\u00e9roportuaires.<\/td><\/tr><tr><td><strong>2. D\u00e9tection et d\u00e9mant\u00e8lement des fili\u00e8res clandestines<\/strong><\/td><td>50\u201370 M\u20ac<\/td><td>Cr\u00e9ation d\u2019unit\u00e9s sp\u00e9cialis\u00e9es, enqu\u00eates, coop\u00e9ration internationale.<\/td><\/tr><tr><td><strong>3. Sanctions renforc\u00e9es pour les employeurs de travailleurs ill\u00e9gaux<\/strong><\/td><td>5\u201310 M\u20ac<\/td><td>Cr\u00e9ation d\u2019un syst\u00e8me de contr\u00f4le renforc\u00e9, inspection et suivi. (Co\u00fbt administratif limit\u00e9, sanctions r\u00e9cup\u00e9rables)<\/td><\/tr><tr><td><strong>4. Acc\u00e9l\u00e9ration des proc\u00e9dures de retour<\/strong><\/td><td>100\u2013150 M\u20ac<\/td><td>Centres de retour, transport, accords bilat\u00e9raux, accompagnement administratif.<\/td><\/tr><tr><td><strong>5. Am\u00e9lioration de l\u2019efficacit\u00e9 du syst\u00e8me d\u2019asile<\/strong><\/td><td>50\u201380 M\u20ac<\/td><td>Informatique, recrutement de personnel administratif, formation.<\/td><\/tr><tr><td><strong>6. Digitalisation et tra\u00e7abilit\u00e9<\/strong><\/td><td>40\u201360 M\u20ac<\/td><td>D\u00e9veloppement d\u2019une base de donn\u00e9es centralis\u00e9e, biom\u00e9trie, logiciels d\u2019IA.<\/td><\/tr><tr><td><strong>7. Contr\u00f4le des flux migratoires l\u00e9gaux<\/strong><\/td><td>10\u201320 M\u20ac<\/td><td>Renforcement des services de visas et permis de travail.<\/td><\/tr><tr><td><strong>8. Lutte contre le logement ill\u00e9gal<\/strong><\/td><td>10\u201315 M\u20ac<\/td><td>Contr\u00f4les des logements, suivi des allocations sociales, inspections locales.<\/td><\/tr><tr><td><strong>9. Sensibilisation et coop\u00e9ration internationale<\/strong><\/td><td>5\u201310 M\u20ac<\/td><td>Campagnes de communication, programmes bilat\u00e9raux de pr\u00e9vention dans les pays d\u2019origine.<\/td><\/tr><tr><td><strong>10. Protection des fronti\u00e8res num\u00e9riques et \u00e9conomiques<\/strong><\/td><td>20\u201330 M\u20ac<\/td><td>Veille sur internet, d\u00e9tection de fraudes, cybersurveillance.<\/td><\/tr><\/tbody><\/table><\/figure>\n\n\n\n<hr class=\"wp-block-separator has-alpha-channel-opacity\"\/>\n\n\n\n<h5 class=\"wp-block-heading\"><strong>Total estim\u00e9 : 440\u2013645 M\u20ac par an<\/strong><\/h5>\n\n\n\n<ul class=\"wp-block-list\">\n<li><strong>Plage basse : ~440 M\u20ac<\/strong> (hypoth\u00e8se de mise en \u0153uvre efficace et optimis\u00e9e).<\/li>\n\n\n\n<li><strong>Plage haute : ~645 M\u20ac<\/strong> (sc\u00e9nario plus ambitieux avec forte technologie et renforcement des unit\u00e9s sp\u00e9cialis\u00e9es).<\/li>\n<\/ul>\n\n\n\n<hr class=\"wp-block-separator has-alpha-channel-opacity\"\/>\n\n\n\n<h5 class=\"wp-block-heading\"><strong>Commentaires et observations :<\/strong><\/h5>\n\n\n\n<ol class=\"wp-block-list\">\n<li><strong>Investissement initial vs co\u00fbt annuel :<\/strong> certaines mesures (drones, cam\u00e9ras, bases de donn\u00e9es) ont un co\u00fbt initial \u00e9lev\u00e9 mais un co\u00fbt de fonctionnement annuel plus faible. Ici, le co\u00fbt annuel inclut amortissement + fonctionnement.<\/li>\n\n\n\n<li><strong>Effets \u00e9conomiques indirects :<\/strong> la r\u00e9duction de l\u2019immigration ill\u00e9gale pourrait g\u00e9n\u00e9rer <strong>\u00e9conomies sur l\u2019accueil, la sant\u00e9 et les allocations sociales<\/strong>, partiellement compensant le budget.<\/li>\n\n\n\n<li><strong>Flexibilit\u00e9 :<\/strong> certaines mesures peuvent \u00eatre <strong>phases par phase<\/strong>, par exemple la digitalisation et l\u2019acc\u00e9l\u00e9ration des retours, pour \u00e9taler les co\u00fbts sur plusieurs ann\u00e9es.<\/li>\n<\/ol>\n","protected":false},"excerpt":{"rendered":"<p>Mesure Co\u00fbt estim\u00e9 Commentaire \/ Hypoth\u00e8se 1. Renforcement des contr\u00f4les aux fronti\u00e8res 150\u2013200 M\u20ac D\u00e9ploiement de personnel suppl\u00e9mentaire, cam\u00e9ras, drones, scanners, infrastructures portuaires et a\u00e9roportuaires. 2. D\u00e9tection et d\u00e9mant\u00e8lement des fili\u00e8res clandestines 50\u201370 M\u20ac Cr\u00e9ation d\u2019unit\u00e9s sp\u00e9cialis\u00e9es, enqu\u00eates, coop\u00e9ration internationale. 3. Sanctions renforc\u00e9es pour les employeurs de travailleurs ill\u00e9gaux 5\u201310 M\u20ac Cr\u00e9ation d\u2019un syst\u00e8me de [&hellip;]<\/p>\n","protected":false},"author":1,"featured_media":0,"comment_status":"open","ping_status":"open","sticky":false,"template":"","format":"standard","meta":{"_monsterinsights_skip_tracking":false,"_uf_show_specific_survey":0,"_uf_disable_surveys":false,"footnotes":""},"categories":[1],"tags":[],"class_list":["post-2519","post","type-post","status-publish","format-standard","hentry","category-immigration"],"_links":{"self":[{"href":"https:\/\/droitemoderniste.be\/index.php\/wp-json\/wp\/v2\/posts\/2519","targetHints":{"allow":["GET"]}}],"collection":[{"href":"https:\/\/droitemoderniste.be\/index.php\/wp-json\/wp\/v2\/posts"}],"about":[{"href":"https:\/\/droitemoderniste.be\/index.php\/wp-json\/wp\/v2\/types\/post"}],"author":[{"embeddable":true,"href":"https:\/\/droitemoderniste.be\/index.php\/wp-json\/wp\/v2\/users\/1"}],"replies":[{"embeddable":true,"href":"https:\/\/droitemoderniste.be\/index.php\/wp-json\/wp\/v2\/comments?post=2519"}],"version-history":[{"count":1,"href":"https:\/\/droitemoderniste.be\/index.php\/wp-json\/wp\/v2\/posts\/2519\/revisions"}],"predecessor-version":[{"id":2521,"href":"https:\/\/droitemoderniste.be\/index.php\/wp-json\/wp\/v2\/posts\/2519\/revisions\/2521"}],"wp:attachment":[{"href":"https:\/\/droitemoderniste.be\/index.php\/wp-json\/wp\/v2\/media?parent=2519"}],"wp:term":[{"taxonomy":"category","embeddable":true,"href":"https:\/\/droitemoderniste.be\/index.php\/wp-json\/wp\/v2\/categories?post=2519"},{"taxonomy":"post_tag","embeddable":true,"href":"https:\/\/droitemoderniste.be\/index.php\/wp-json\/wp\/v2\/tags?post=2519"}],"curies":[{"name":"wp","href":"https:\/\/api.w.org\/{rel}","templated":true}]}}