{"id":2504,"date":"2026-01-12T12:27:43","date_gmt":"2026-01-12T11:27:43","guid":{"rendered":"https:\/\/droitemoderniste.be\/?p=2504"},"modified":"2026-01-12T12:27:43","modified_gmt":"2026-01-12T11:27:43","slug":"stop-au-declassement-500-000-jobs-industriels-mdm-la-droite-qui-produit","status":"publish","type":"post","link":"https:\/\/droitemoderniste.be\/index.php\/2026\/01\/12\/stop-au-declassement-500-000-jobs-industriels-mdm-la-droite-qui-produit\/","title":{"rendered":"Stop au d\u00e9classement. +500 000 jobs industriels. MDM: la droite qui produit"},"content":{"rendered":"\n<figure class=\"wp-block-image size-full\"><img loading=\"lazy\" decoding=\"async\" width=\"300\" height=\"168\" src=\"https:\/\/droitemoderniste.be\/wp-content\/uploads\/2026\/01\/reindustrieW3-1.jpg\" alt=\"\" class=\"wp-image-2505\"\/><\/figure>\n\n\n\n<p class=\"wp-block-paragraph\">Le programme de r\u00e9industrialisation propos\u00e9 pour le <mark style=\"background-color:rgba(0, 0, 0, 0);color:#ff6900\" class=\"has-inline-color\">MDM<\/mark> pourrait g\u00e9n\u00e9rer un impact macro\u00e9conomique significatif, visant \u00e0 porter la part de l&rsquo;industrie dans le PIB belge de 14-15% actuellement \u00e0 18-20% d&rsquo;ici 2035, via des investissements publics et priv\u00e9s cumul\u00e9s estim\u00e9s \u00e0 2-3% du PIB par an (soit environ 12-18 milliards \u20ac annuels). <\/p>\n\n\n\n<p class=\"wp-block-paragraph\">Cela s&rsquo;appuierait sur une acc\u00e9l\u00e9ration de la croissance du PIB de 1,1-1,2% (pr\u00e9visions actuelles) \u00e0 1,8-2,2% en moyenne annuelle, gr\u00e2ce \u00e0 des multiplicateurs d&rsquo;investissement industriel typiques de 1,5-2,0.<\/p>\n\n\n\n<p class=\"wp-block-paragraph\">\u200b<\/p>\n\n\n\n<p class=\"wp-block-paragraph\"><strong>Impact sur le PIB<\/strong><\/p>\n\n\n\n<p class=\"wp-block-paragraph\">La contribution industrielle passerait ainsi de ~70-80 milliards \u20ac \u00e0 110-130 milliards \u20ac (en termes r\u00e9els), dop\u00e9e par des secteurs phares comme la chimie (+15-20% de VA), la pharma\/biotech (+10-15%) et les technologies \u00e9nerg\u00e9tiques vertes (+25-30%). <\/p>\n\n\n\n<p class=\"wp-block-paragraph\">Les effets indirects (services aux entreprises, logistique) ajouteraient 0,5-1 point de PIB suppl\u00e9mentaire par an, avec un retour sur investissement public de 1,8x sur 10 ans via hausses fiscales et cotisations sociales.<\/p>\n\n\n\n<p class=\"wp-block-paragraph\">\u200b<\/p>\n\n\n\n<p class=\"wp-block-paragraph\"><strong>Cr\u00e9ation d&#8217;emplois<\/strong><\/p>\n\n\n\n<p class=\"wp-block-paragraph\">Objectif : +150 000 \u00e0 200 000 emplois nets industriels directs d&rsquo;ici 2035 (sur une base de ~600 000 actuels), plus 300 000-400 000 indirects, portant le taux d&#8217;emploi global de 67% \u00e0 71-72%. <\/p>\n\n\n\n<p class=\"wp-block-paragraph\">Priorit\u00e9 aux reconversions (50 000 ch\u00f4meurs longue dur\u00e9e\/an) et alternance (30 000 postes\/an), avec un focus PME wallonnes-flamandes pour 70% des cr\u00e9ations.<\/p>\n\n\n\n<p class=\"wp-block-paragraph\">\u200b<\/p>\n\n\n\n<p class=\"wp-block-paragraph\"><strong>Financement et risques<\/strong> <\/p>\n\n\n\n<p class=\"wp-block-paragraph\">Financement : 40% \u00c9tat (via Banque souveraine, 0,8-1,2% PIB\/an), 40% priv\u00e9 (super-d\u00e9ductions), 20% UE\/recouverts. Risques : D\u00e9pendance \u00e9nerg\u00e9tique (+ risque si pas de nucl\u00e9aire modulaire), concurrence Chine (+ besoin protectionnisme s\u00e9lectif), et freins salariaux\/indexation (co\u00fbt horaire ~42 \u20ac). <\/p>\n\n\n\n<p class=\"wp-block-paragraph\">Le <mark style=\"background-color:rgba(0, 0, 0, 0);color:#ff6900\" class=\"has-inline-color\">MDM<\/mark> conditionnerait tout \u00e0 des clauses anti-d\u00e9localisation pour s\u00e9curiser ces gains.<\/p>\n\n\n\n<p class=\"wp-block-paragraph\"><\/p>\n","protected":false},"excerpt":{"rendered":"<p>Le programme de r\u00e9industrialisation propos\u00e9 pour le MDM pourrait g\u00e9n\u00e9rer un impact macro\u00e9conomique significatif, visant \u00e0 porter la part de l&rsquo;industrie dans le PIB belge de 14-15% actuellement \u00e0 18-20% d&rsquo;ici 2035, via des investissements publics et priv\u00e9s cumul\u00e9s estim\u00e9s \u00e0 2-3% du PIB par an (soit environ 12-18 milliards \u20ac annuels). Cela s&rsquo;appuierait sur [&hellip;]<\/p>\n","protected":false},"author":1,"featured_media":0,"comment_status":"open","ping_status":"open","sticky":false,"template":"","format":"standard","meta":{"_monsterinsights_skip_tracking":false,"_uf_show_specific_survey":0,"_uf_disable_surveys":false,"footnotes":""},"categories":[53],"tags":[],"class_list":["post-2504","post","type-post","status-publish","format-standard","hentry","category-reindustrialisation"],"_links":{"self":[{"href":"https:\/\/droitemoderniste.be\/index.php\/wp-json\/wp\/v2\/posts\/2504","targetHints":{"allow":["GET"]}}],"collection":[{"href":"https:\/\/droitemoderniste.be\/index.php\/wp-json\/wp\/v2\/posts"}],"about":[{"href":"https:\/\/droitemoderniste.be\/index.php\/wp-json\/wp\/v2\/types\/post"}],"author":[{"embeddable":true,"href":"https:\/\/droitemoderniste.be\/index.php\/wp-json\/wp\/v2\/users\/1"}],"replies":[{"embeddable":true,"href":"https:\/\/droitemoderniste.be\/index.php\/wp-json\/wp\/v2\/comments?post=2504"}],"version-history":[{"count":1,"href":"https:\/\/droitemoderniste.be\/index.php\/wp-json\/wp\/v2\/posts\/2504\/revisions"}],"predecessor-version":[{"id":2506,"href":"https:\/\/droitemoderniste.be\/index.php\/wp-json\/wp\/v2\/posts\/2504\/revisions\/2506"}],"wp:attachment":[{"href":"https:\/\/droitemoderniste.be\/index.php\/wp-json\/wp\/v2\/media?parent=2504"}],"wp:term":[{"taxonomy":"category","embeddable":true,"href":"https:\/\/droitemoderniste.be\/index.php\/wp-json\/wp\/v2\/categories?post=2504"},{"taxonomy":"post_tag","embeddable":true,"href":"https:\/\/droitemoderniste.be\/index.php\/wp-json\/wp\/v2\/tags?post=2504"}],"curies":[{"name":"wp","href":"https:\/\/api.w.org\/{rel}","templated":true}]}}