{"id":2482,"date":"2026-01-11T10:26:27","date_gmt":"2026-01-11T09:26:27","guid":{"rendered":"https:\/\/droitemoderniste.be\/?p=2482"},"modified":"2026-01-11T10:26:27","modified_gmt":"2026-01-11T09:26:27","slug":"reindustrialiser-cest-investir-dans-notre-liberte","status":"publish","type":"post","link":"https:\/\/droitemoderniste.be\/index.php\/2026\/01\/11\/reindustrialiser-cest-investir-dans-notre-liberte\/","title":{"rendered":"R\u00e9industrialiser, c&rsquo;est investir dans notre libert\u00e9"},"content":{"rendered":"\n<figure class=\"wp-block-image size-full\"><img loading=\"lazy\" decoding=\"async\" width=\"300\" height=\"168\" src=\"https:\/\/droitemoderniste.be\/wp-content\/uploads\/2026\/01\/reindustrialiser2.jpg\" alt=\"\" class=\"wp-image-2483\"\/><\/figure>\n\n\n\n<p class=\"wp-block-paragraph\"><strong>Notre projet de r\u00e9industrialisation<\/strong> articule souverainet\u00e9 productive, \u00e9conomie enracin\u00e9e et \u00e9cosophie non punitive, avec un \u00c9tat strat\u00e8ge mais limit\u00e9 et une forte place pour les PME. Il vise \u00e0 reconqu\u00e9rir des cha\u00eenes de valeur critiques (\u00e9nergie, sant\u00e9, d\u00e9fense, num\u00e9rique) tout en ancrant les investissements dans les territoires wallons, flamands et bruxellois.<\/p>\n\n\n\n<p class=\"wp-block-paragraph\">\u200b<\/p>\n\n\n\n<p class=\"wp-block-paragraph\"><strong>Axes strat\u00e9giques<\/strong><\/p>\n\n\n\n<ul class=\"wp-block-list\">\n<li>R\u00e9industrialisation cibl\u00e9e sur quelques fili\u00e8res prioritaires (pharma, chimie, m\u00e9tallurgie avanc\u00e9e, a\u00e9ronautique, automobile, technologies de l\u2019\u00e9nergie) o\u00f9 la Belgique dispose d\u00e9j\u00e0 d\u2019atouts significatifs.<\/li>\n\n\n\n<li>Objectif explicite de remonter la part de l\u2019industrie d\u2019environ 14\u201115% du PIB \u00e0 18\u201120% en dix ans, avec indicateurs publics de suivi annuels.<\/li>\n\n\n\n<li>R\u00e9duction de la d\u00e9pendance aux importations extra\u2011UE pour les biens strat\u00e9giques (m\u00e9dicaments, composants \u00e9nerg\u00e9tiques, \u00e9quipements de d\u00e9fense, semi\u2011conducteurs de milieu de gamme).<\/li>\n<\/ul>\n\n\n\n<p class=\"wp-block-paragraph\"><strong>Instruments \u00e9conomiques<\/strong><\/p>\n\n\n\n<ul class=\"wp-block-list\">\n<li>Cr\u00e9ation d\u2019une \u00ab Banque de r\u00e9industrialisation souveraine \u00bb cofinanc\u00e9e par l\u2019\u00c9tat et les investisseurs priv\u00e9s, focalis\u00e9e sur l\u2019implantation et le rapatriement d\u2019usines \u00e0 haute valeur ajout\u00e9e.<\/li>\n\n\n\n<li>Super\u2011d\u00e9ductions fiscales temporaires pour les investissements productifs en Belgique (b\u00e2timents industriels bas carbone, robotisation, R&amp;D, formation) avec conditionnalit\u00e9s d\u2019emploi local.<\/li>\n\n\n\n<li>Contrats de performance \u00c9tat\u2011entreprises : aides conditionn\u00e9es \u00e0 des objectifs chiffr\u00e9s d\u2019emplois, d\u2019exportations et d\u2019empreinte environnementale, avec clause de remboursement en cas de d\u00e9localisation.<\/li>\n<\/ul>\n\n\n\n<p class=\"wp-block-paragraph\"><strong>\u00c9conomie enracin\u00e9e et territoires<\/strong><\/p>\n\n\n\n<ul class=\"wp-block-list\">\n<li>Fonds \u00ab Industrie des territoires \u00bb cibl\u00e9 sur les zones sinistr\u00e9es industrielles (bassin li\u00e9geois, Hainaut, certaines communes flamandes) pour reconvertir friches en parcs industriels mixtes (PME + centres de R&amp;D).<\/li>\n\n\n\n<li>Pactes locaux entre communes, intercommunales et <mark style=\"background-color:rgba(0, 0, 0, 0);color:#ff6900\" class=\"has-inline-color\">MDM<\/mark> : simplification urbanistique et d\u00e9lais maximaux de permis pour projets industriels respectant des standards environnementaux renforc\u00e9s.<\/li>\n\n\n\n<li>Priorit\u00e9 donn\u00e9e aux cha\u00eenes de valeur courtes : exigences de contenu local dans les march\u00e9s publics pour \u00e9quipements \u00e9nerg\u00e9tiques, m\u00e9dicaux et de d\u00e9fense, dans le respect du droit europ\u00e9en.<\/li>\n<\/ul>\n\n\n\n<p class=\"wp-block-paragraph\"><strong>\u00c9nergie et \u00e9cosophie productive<\/strong><\/p>\n\n\n\n<ul class=\"wp-block-list\">\n<li>Strat\u00e9gie d\u2019\u00e9nergie pilotable pour l\u2019industrie : prolongation et modernisation du nucl\u00e9aire existant, d\u00e9veloppement du nucl\u00e9aire modulaire, hubs de production d\u2019hydrog\u00e8ne bas\u2011carbone pour sid\u00e9rurgie et chimie.<\/li>\n\n\n\n<li>Tarifs \u00e9nerg\u00e9tiques industriels stables et pr\u00e9visibles via contrats de long terme et investissements dans les infrastructures (\u00eeles \u00e9nerg\u00e9tiques en mer du Nord, interconnexions, stockage).<\/li>\n\n\n\n<li>Conditionnement des aides \u00e0 des trajectoires de d\u00e9carbonation mesurables plut\u00f4t qu\u2019\u00e0 des taxes punitives, conform\u00e9ment \u00e0 l\u2019\u00ab \u00e9cosophie productive \u00bb du <mark style=\"background-color:rgba(0, 0, 0, 0);color:#ff6900\" class=\"has-inline-color\">MDM<\/mark>.<\/li>\n<\/ul>\n\n\n\n<p class=\"wp-block-paragraph\"><strong>Travail, comp\u00e9tences et innovation<\/strong><\/p>\n\n\n\n<ul class=\"wp-block-list\">\n<li>\u00ab Pacte comp\u00e9tences\u2011industrie \u00bb : g\u00e9n\u00e9ralisation de l\u2019alternance, campus techniques inter\u2011r\u00e9seaux, et reconversion des ch\u00f4meurs de longue dur\u00e9e vers les m\u00e9tiers industriels en tension.<\/li>\n\n\n\n<li>Cr\u00e9dits d\u2019imp\u00f4t renforc\u00e9s pour la R&amp;D industrielle et les brevets exploit\u00e9s en Belgique, avec priorit\u00e9 aux technologies vertes, num\u00e9riques et m\u00e9dicales.<\/li>\n\n\n\n<li>Comptes personnels de formation orient\u00e9s vers les comp\u00e9tences industrielles (maintenance, automatisation, IA industrielle), cofinanc\u00e9s par l\u2019\u00c9tat, l\u2019entreprise et le travailleur.<\/li>\n<\/ul>\n","protected":false},"excerpt":{"rendered":"<p>Notre projet de r\u00e9industrialisation articule souverainet\u00e9 productive, \u00e9conomie enracin\u00e9e et \u00e9cosophie non punitive, avec un \u00c9tat strat\u00e8ge mais limit\u00e9 et une forte place pour les PME. Il vise \u00e0 reconqu\u00e9rir des cha\u00eenes de valeur critiques (\u00e9nergie, sant\u00e9, d\u00e9fense, num\u00e9rique) tout en ancrant les investissements dans les territoires wallons, flamands et bruxellois. \u200b Axes strat\u00e9giques Instruments [&hellip;]<\/p>\n","protected":false},"author":1,"featured_media":0,"comment_status":"open","ping_status":"open","sticky":false,"template":"","format":"standard","meta":{"_monsterinsights_skip_tracking":false,"_uf_show_specific_survey":0,"_uf_disable_surveys":false,"footnotes":""},"categories":[31],"tags":[],"class_list":["post-2482","post","type-post","status-publish","format-standard","hentry","category-economie"],"_links":{"self":[{"href":"https:\/\/droitemoderniste.be\/index.php\/wp-json\/wp\/v2\/posts\/2482","targetHints":{"allow":["GET"]}}],"collection":[{"href":"https:\/\/droitemoderniste.be\/index.php\/wp-json\/wp\/v2\/posts"}],"about":[{"href":"https:\/\/droitemoderniste.be\/index.php\/wp-json\/wp\/v2\/types\/post"}],"author":[{"embeddable":true,"href":"https:\/\/droitemoderniste.be\/index.php\/wp-json\/wp\/v2\/users\/1"}],"replies":[{"embeddable":true,"href":"https:\/\/droitemoderniste.be\/index.php\/wp-json\/wp\/v2\/comments?post=2482"}],"version-history":[{"count":1,"href":"https:\/\/droitemoderniste.be\/index.php\/wp-json\/wp\/v2\/posts\/2482\/revisions"}],"predecessor-version":[{"id":2484,"href":"https:\/\/droitemoderniste.be\/index.php\/wp-json\/wp\/v2\/posts\/2482\/revisions\/2484"}],"wp:attachment":[{"href":"https:\/\/droitemoderniste.be\/index.php\/wp-json\/wp\/v2\/media?parent=2482"}],"wp:term":[{"taxonomy":"category","embeddable":true,"href":"https:\/\/droitemoderniste.be\/index.php\/wp-json\/wp\/v2\/categories?post=2482"},{"taxonomy":"post_tag","embeddable":true,"href":"https:\/\/droitemoderniste.be\/index.php\/wp-json\/wp\/v2\/tags?post=2482"}],"curies":[{"name":"wp","href":"https:\/\/api.w.org\/{rel}","templated":true}]}}